{"id":73108,"date":"2026-04-30T13:23:08","date_gmt":"2026-04-30T11:23:08","guid":{"rendered":"https:\/\/edublog.educastur.es\/ixuxu\/?p=73108"},"modified":"2026-04-30T13:33:13","modified_gmt":"2026-04-30T11:33:13","slug":"no-42-de-la-revista-lliteratura","status":"publish","type":"post","link":"https:\/\/edublog.educastur.es\/ixuxu\/2026\/04\/no-42-de-la-revista-lliteratura\/","title":{"rendered":"N\u00ba 42 de la revista \u00abLliteratura\u00bb"},"content":{"rendered":"<div class=\"xdj266r x14z9mp xat24cr x1lziwak x1vvkbs x126k92a\">\n<div dir=\"auto\"><strong>La revista Lliteratura vuelve nel so n\u00famberu 42<\/strong> con un dossier monogr\u00e1ficu, dedic\u00e1u esta vez a \u00abL\u2019Asturies industrial\u00bb. Al travi\u00e9s de poes\u00eda, narrativa y ensayu faise un viaxe pel pas\u00e1u, presente y futuru d\u2019un territoriu arraigon\u00e1u na industria y nos procesos complementarios al so desarrollu y desaniciu, too ello de la mano d\u2019autores como Francisco \u00c1lvarez, Solinca Turb\u00f3n, Ram\u00f3n Llu\u00eds Bande o Blanca Fern\u00e1ndez Quintana <span class=\"html-span xexx8yu xyri2b x18d9i69 x1c1uobl x1hl2dhg x16tdsg8 x1vvkbs x3nfvp2 x1j61x8r x1fcty0u xdj266r xat24cr xm2jcoa x1mpyi22 xxymvpz xlup9mm x1kky2od\"><img loading=\"lazy\" decoding=\"async\" class=\"xz74otr x15mokao x1ga7v0g x16uus16 xbiv7yw\" src=\"https:\/\/static.xx.fbcdn.net\/images\/emoji.php\/v9\/t2a\/1\/16\/1f3ed.png\" alt=\"\ud83c\udfed\" width=\"16\" height=\"16\" \/><\/span>.<\/div>\n<div dir=\"auto\"><\/div>\n<div dir=\"auto\" style=\"text-align: center\">\n<!-- iframe plugin v.6.0 wordpress.org\/plugins\/iframe\/ -->\n<iframe loading=\"lazy\" src=\"https:\/\/www.facebook.com\/plugins\/post.php?href=https%3A%2F%2Fwww.facebook.com%2FAcademiadelaLlinguaAsturiana%2Fposts%2Fpfbid03cMr4kGYC2jjeqj16rJSvtQvrHZPJ94qDnMPY7BBZVLu4suGPsLfPq9w3JtFA1vWl&#038;show_text=false&#038;width=500\" width=\"500\" height=\"375\" style=\"border:none;overflow:hidden\" scrolling=\"no\" frameborder=\"0\" allowfullscreen=\"true\" allow=\"autoplay; clipboard-write; encrypted-media; picture-in-picture; web-share\" 0=\"\/iframe\" class=\"iframe-class\"><\/iframe>\n<\/div>\n<div dir=\"auto\"><\/div>\n<\/div>\n<p><!--more--><\/p>\n<div class=\"x14z9mp xat24cr x1lziwak x1vvkbs xtlvy1s x126k92a\">\n<div dir=\"auto\"><span class=\"html-span xexx8yu xyri2b x18d9i69 x1c1uobl x1hl2dhg x16tdsg8 x1vvkbs x3nfvp2 x1j61x8r x1fcty0u xdj266r xat24cr xm2jcoa x1mpyi22 xxymvpz xlup9mm x1kky2od\"><img loading=\"lazy\" decoding=\"async\" class=\"xz74otr x15mokao x1ga7v0g x16uus16 xbiv7yw\" src=\"https:\/\/static.xx.fbcdn.net\/images\/emoji.php\/v9\/t38\/1\/16\/1f58c.png\" alt=\"\ud83d\udd8c\ufe0f\" width=\"16\" height=\"16\" \/><\/span> El n\u00famberu, fuera y\u00e1 del dossier, sigue coles seiciones a les que t\u00e1n avezaos les y los llectores: poes\u00eda, narrativa, ensayu, traducci\u00f3n, entrevistes o cr\u00edtica, desenvuelta enforma esta \u00faltima con trabayos d\u2019autores como Lourdes \u00c1lvarez, Raquel Fern\u00e1ndez Men\u00e9ndez, Pablo X. Su\u00e1rez, Pablo Rodr\u00edguez Medina o Marta L\u00f3pez.<\/div>\n<div dir=\"auto\"><\/div>\n<\/div>\n<div class=\"x14z9mp xat24cr x1lziwak x1vvkbs xtlvy1s x126k92a\">\n<div dir=\"auto\">Consigui\u2019l to exemplar nes llibrer\u00edes asturianes y na de l\u2019ALLA y\u00e1 dende\u2019l llunes 4 de mayu qu\u2019abre la Selmana de les Lletres Asturianes.<\/div>\n<\/div>\n","protected":false},"excerpt":{"rendered":"<p>La revista Lliteratura vuelve nel so n\u00famberu 42 con un dossier monogr\u00e1ficu, dedic\u00e1u esta vez a \u00abL\u2019Asturies industrial\u00bb. Al travi\u00e9s de poes\u00eda, narrativa y ensayu faise un viaxe pel pas\u00e1u, presente y futuru d\u2019un territoriu arraigon\u00e1u na industria y nos procesos complementarios al so desarrollu y desaniciu, too ello de la mano d\u2019autores como Francisco [&hellip;]<\/p>\n","protected":false},"author":117,"featured_media":0,"comment_status":"closed","ping_status":"closed","sticky":false,"template":"","format":"standard","meta":{"footnotes":""},"categories":[71,49],"tags":[],"class_list":["post-73108","post","type-post","status-publish","format-standard","hentry","category-lliteratura","category-revistes"],"_links":{"self":[{"href":"https:\/\/edublog.educastur.es\/ixuxu\/wp-json\/wp\/v2\/posts\/73108","targetHints":{"allow":["GET"]}}],"collection":[{"href":"https:\/\/edublog.educastur.es\/ixuxu\/wp-json\/wp\/v2\/posts"}],"about":[{"href":"https:\/\/edublog.educastur.es\/ixuxu\/wp-json\/wp\/v2\/types\/post"}],"author":[{"embeddable":true,"href":"https:\/\/edublog.educastur.es\/ixuxu\/wp-json\/wp\/v2\/users\/117"}],"replies":[{"embeddable":true,"href":"https:\/\/edublog.educastur.es\/ixuxu\/wp-json\/wp\/v2\/comments?post=73108"}],"version-history":[{"count":2,"href":"https:\/\/edublog.educastur.es\/ixuxu\/wp-json\/wp\/v2\/posts\/73108\/revisions"}],"predecessor-version":[{"id":73110,"href":"https:\/\/edublog.educastur.es\/ixuxu\/wp-json\/wp\/v2\/posts\/73108\/revisions\/73110"}],"wp:attachment":[{"href":"https:\/\/edublog.educastur.es\/ixuxu\/wp-json\/wp\/v2\/media?parent=73108"}],"wp:term":[{"taxonomy":"category","embeddable":true,"href":"https:\/\/edublog.educastur.es\/ixuxu\/wp-json\/wp\/v2\/categories?post=73108"},{"taxonomy":"post_tag","embeddable":true,"href":"https:\/\/edublog.educastur.es\/ixuxu\/wp-json\/wp\/v2\/tags?post=73108"}],"curies":[{"name":"wp","href":"https:\/\/api.w.org\/{rel}","templated":true}]}}