{"id":73126,"date":"2026-05-02T08:30:48","date_gmt":"2026-05-02T06:30:48","guid":{"rendered":"https:\/\/edublog.educastur.es\/ixuxu\/?p=73126"},"modified":"2026-04-30T22:20:45","modified_gmt":"2026-04-30T20:20:45","slug":"el-tiempu-nespana-3","status":"publish","type":"post","link":"https:\/\/edublog.educastur.es\/ixuxu\/2026\/05\/el-tiempu-nespana-3\/","title":{"rendered":"El tiempu n&#8217;Espa\u00f1a"},"content":{"rendered":"<p style=\"text-align: center\"><a href=\"https:\/\/cdns3.eltiempo.es\/eltiempo\/blog\/noticias\/2026\/04\/30105230\/Imagen-destacada-prevision-1024x576.jpg\"><img loading=\"lazy\" decoding=\"async\" class=\"aligncenter size-large\" src=\"https:\/\/cdns3.eltiempo.es\/eltiempo\/blog\/noticias\/2026\/04\/30105230\/Imagen-destacada-prevision-1024x576.jpg\" width=\"1024\" height=\"576\" \/><\/a><\/p>\n<p><strong>El s\u00e1badu va ser el d\u00eda nel que m\u00e1s se xeneralicen les ag\u00fces<\/strong>, la mayor\u00eda de calter tormentosu. van estendese sobremanera per amplies zones del interior peninsular, pudiendo ser m\u00e1s intenses en zones de monte, anque tami\u00e9n van llegar a les mari\u00f1es del Mediterr\u00e1neu y del <strong>Cant\u00e1bricu.<\/strong><\/p>\n<p><!--more--><\/p>\n<p style=\"text-align: center\"><a href=\"https:\/\/cdns3.eltiempo.es\/eltiempo\/blog\/noticias\/2026\/04\/30112915\/N.Geopt500_sab19h-3-1024x576.jpg\"><img loading=\"lazy\" decoding=\"async\" class=\"aligncenter size-large\" src=\"https:\/\/cdns3.eltiempo.es\/eltiempo\/blog\/noticias\/2026\/04\/30112915\/N.Geopt500_sab19h-3-1024x576.jpg\" width=\"1024\" height=\"576\" \/><\/a><\/p>\n<p><a href=\"https:\/\/cdns3.eltiempo.es\/eltiempo\/blog\/noticias\/2026\/04\/30100454\/Screenshot-2026-04-30-at-10.01.40-AM-1536x866.jpg\"><img loading=\"lazy\" decoding=\"async\" class=\"aligncenter size-large\" src=\"https:\/\/cdns3.eltiempo.es\/eltiempo\/blog\/noticias\/2026\/04\/30100454\/Screenshot-2026-04-30-at-10.01.40-AM-1536x866.jpg\" width=\"1536\" height=\"866\" \/><\/a><\/p>\n","protected":false},"excerpt":{"rendered":"<p>El s\u00e1badu va ser el d\u00eda nel que m\u00e1s se xeneralicen les ag\u00fces, la mayor\u00eda de calter tormentosu. van estendese sobremanera per amplies zones del interior peninsular, pudiendo ser m\u00e1s intenses en zones de monte, anque tami\u00e9n van llegar a les mari\u00f1es del Mediterr\u00e1neu y del Cant\u00e1bricu.<\/p>\n","protected":false},"author":117,"featured_media":0,"comment_status":"closed","ping_status":"closed","sticky":false,"template":"","format":"standard","meta":{"footnotes":""},"categories":[5],"tags":[],"class_list":["post-73126","post","type-post","status-publish","format-standard","hentry","category-tiempu"],"_links":{"self":[{"href":"https:\/\/edublog.educastur.es\/ixuxu\/wp-json\/wp\/v2\/posts\/73126","targetHints":{"allow":["GET"]}}],"collection":[{"href":"https:\/\/edublog.educastur.es\/ixuxu\/wp-json\/wp\/v2\/posts"}],"about":[{"href":"https:\/\/edublog.educastur.es\/ixuxu\/wp-json\/wp\/v2\/types\/post"}],"author":[{"embeddable":true,"href":"https:\/\/edublog.educastur.es\/ixuxu\/wp-json\/wp\/v2\/users\/117"}],"replies":[{"embeddable":true,"href":"https:\/\/edublog.educastur.es\/ixuxu\/wp-json\/wp\/v2\/comments?post=73126"}],"version-history":[{"count":3,"href":"https:\/\/edublog.educastur.es\/ixuxu\/wp-json\/wp\/v2\/posts\/73126\/revisions"}],"predecessor-version":[{"id":73131,"href":"https:\/\/edublog.educastur.es\/ixuxu\/wp-json\/wp\/v2\/posts\/73126\/revisions\/73131"}],"wp:attachment":[{"href":"https:\/\/edublog.educastur.es\/ixuxu\/wp-json\/wp\/v2\/media?parent=73126"}],"wp:term":[{"taxonomy":"category","embeddable":true,"href":"https:\/\/edublog.educastur.es\/ixuxu\/wp-json\/wp\/v2\/categories?post=73126"},{"taxonomy":"post_tag","embeddable":true,"href":"https:\/\/edublog.educastur.es\/ixuxu\/wp-json\/wp\/v2\/tags?post=73126"}],"curies":[{"name":"wp","href":"https:\/\/api.w.org\/{rel}","templated":true}]}}