{"id":7368,"date":"2021-06-15T18:52:36","date_gmt":"2021-06-15T16:52:36","guid":{"rendered":"https:\/\/edublog.educastur.es\/ixuxu\/?p=7368"},"modified":"2021-06-15T18:57:50","modified_gmt":"2021-06-15T16:57:50","slug":"idiomes-mas-falaos-nel-mundu-en-2016","status":"publish","type":"post","link":"https:\/\/edublog.educastur.es\/ixuxu\/2021\/06\/idiomes-mas-falaos-nel-mundu-en-2016\/","title":{"rendered":"Idiomes m\u00e1s falaos nel mundu en 2016"},"content":{"rendered":"<p style=\"text-align: left\"><a href=\"https:\/\/www.visualcapitalist.com\/wp-content\/uploads\/2018\/05\/world-of-languages-large.png\"><img loading=\"lazy\" decoding=\"async\" class=\"aligncenter\" src=\"https:\/\/www.visualcapitalist.com\/wp-content\/uploads\/2018\/05\/world-of-languages-large.png\" alt=\"\" width=\"935\" height=\"1493\" \/><\/a><\/p>\n<p>Esta infograf\u00eda estrema&#8217;l mundu seg\u00fan los idiomes m\u00e1s falaos en 2016. <a href=\"https:\/\/www.visualcapitalist.com\/wp-content\/uploads\/2018\/05\/world-of-languages-large.png\"><strong>A world of languages<\/strong> <\/a>ye&#8217;l nome de l\u00b4infograf\u00eda creada por Alberto Lucas L\u00f3pez, Director Gr\u00e1ficu nel <strong>South China Morning Post .<\/strong><\/p>\n<p>Nel mundu hai angua\u00f1o unos 7.000 millones de persones qu&#8217;utilicen 7.102 lling\u00fces para comunicase. De toos esos idiomes, 23 son los m\u00e1s falaos del mundu.<\/p>\n<p><!--more--><\/p>\n<p style=\"text-align: center\"><a href=\"https:\/\/i.pinimg.com\/originals\/a5\/70\/ca\/a570ca5529e1f3f2e597ca649b020014.png\"><img loading=\"lazy\" decoding=\"async\" class=\"alignnone\" src=\"https:\/\/i.pinimg.com\/originals\/a5\/70\/ca\/a570ca5529e1f3f2e597ca649b020014.png\" alt=\"\" width=\"1968\" height=\"1098\" \/><\/a><\/p>\n<p>Concretamente, siquier 50 millones de persones utilicen cada unu d&#8217;ellos como llingua materna y, ente toos, algamen a 4.000 millones de persones.<\/p>\n<ul>\n<li><a href=\"https:\/\/www.traveler.es\/experiencias\/articulos\/infografia-del-mundo-dividido-en-los-idiomas-que-hablamos\/9336?fbclid=IwAR0nVT1H9Mv4C6ooHUXG9blJlWux8zzim6VdFrhnDlr4U02LZbVkO78ILQw\">Fonte: Traveler.es<\/a><\/li>\n<li><a href=\"https:\/\/www.visualcapitalist.com\/wp-content\/uploads\/2018\/05\/world-of-languages-large.png\">Imaxen n\u00b4alta resoluci\u00f3n<\/a><\/li>\n<\/ul>\n<hr \/>\n<p style=\"text-align: center\"><a href=\"https:\/\/www.visualcapitalist.com\/wp-content\/uploads\/2018\/05\/language-tree.jpg\"><img loading=\"lazy\" decoding=\"async\" class=\"alignnone\" src=\"https:\/\/www.visualcapitalist.com\/wp-content\/uploads\/2018\/05\/language-tree.jpg\" alt=\"\" width=\"1230\" height=\"936\" \/><\/a><\/p>\n<p style=\"text-align: center\"><a href=\"https:\/\/images.squarespace-cdn.com\/content\/5bfc8dbab40b9d7dd9054f41\/1546762775029-CXV7GKGHPF5CMLQSZKGM\/196.jpg?content-type=image%2Fjpeg\"><img loading=\"lazy\" decoding=\"async\" class=\"alignnone\" src=\"https:\/\/images.squarespace-cdn.com\/content\/5bfc8dbab40b9d7dd9054f41\/1546762775029-CXV7GKGHPF5CMLQSZKGM\/196.jpg?content-type=image%2Fjpeg\" alt=\"\" width=\"1250\" height=\"1762\" \/><\/a><\/p>\n","protected":false},"excerpt":{"rendered":"<p>Esta infograf\u00eda estrema&#8217;l mundu seg\u00fan los idiomes m\u00e1s falaos en 2016. A world of languages ye&#8217;l nome de l\u00b4infograf\u00eda creada por Alberto Lucas L\u00f3pez, Director Gr\u00e1ficu nel South China Morning Post . Nel mundu hai angua\u00f1o unos 7.000 millones de persones qu&#8217;utilicen 7.102 lling\u00fces para comunicase. De toos esos idiomes, 23 son los m\u00e1s falaos [&hellip;]<\/p>\n","protected":false},"author":117,"featured_media":0,"comment_status":"open","ping_status":"open","sticky":false,"template":"","format":"standard","meta":{"footnotes":""},"categories":[25,179],"tags":[],"class_list":["post-7368","post","type-post","status-publish","format-standard","hentry","category-curiosidaes","category-llingues"],"_links":{"self":[{"href":"https:\/\/edublog.educastur.es\/ixuxu\/wp-json\/wp\/v2\/posts\/7368","targetHints":{"allow":["GET"]}}],"collection":[{"href":"https:\/\/edublog.educastur.es\/ixuxu\/wp-json\/wp\/v2\/posts"}],"about":[{"href":"https:\/\/edublog.educastur.es\/ixuxu\/wp-json\/wp\/v2\/types\/post"}],"author":[{"embeddable":true,"href":"https:\/\/edublog.educastur.es\/ixuxu\/wp-json\/wp\/v2\/users\/117"}],"replies":[{"embeddable":true,"href":"https:\/\/edublog.educastur.es\/ixuxu\/wp-json\/wp\/v2\/comments?post=7368"}],"version-history":[{"count":4,"href":"https:\/\/edublog.educastur.es\/ixuxu\/wp-json\/wp\/v2\/posts\/7368\/revisions"}],"predecessor-version":[{"id":7370,"href":"https:\/\/edublog.educastur.es\/ixuxu\/wp-json\/wp\/v2\/posts\/7368\/revisions\/7370"}],"wp:attachment":[{"href":"https:\/\/edublog.educastur.es\/ixuxu\/wp-json\/wp\/v2\/media?parent=7368"}],"wp:term":[{"taxonomy":"category","embeddable":true,"href":"https:\/\/edublog.educastur.es\/ixuxu\/wp-json\/wp\/v2\/categories?post=7368"},{"taxonomy":"post_tag","embeddable":true,"href":"https:\/\/edublog.educastur.es\/ixuxu\/wp-json\/wp\/v2\/tags?post=7368"}],"curies":[{"name":"wp","href":"https:\/\/api.w.org\/{rel}","templated":true}]}}