{"id":737,"date":"2020-08-28T08:49:12","date_gmt":"2020-08-28T06:49:12","guid":{"rendered":"https:\/\/edublog.educastur.es\/ixuxu\/?p=737"},"modified":"2020-08-28T09:05:11","modified_gmt":"2020-08-28T07:05:11","slug":"asterix-el-combate-de-los-xefes","status":"publish","type":"post","link":"https:\/\/edublog.educastur.es\/ixuxu\/2020\/08\/asterix-el-combate-de-los-xefes\/","title":{"rendered":"Asterix: \u00abEl combate de los xefes\u00bb"},"content":{"rendered":"<p><img loading=\"lazy\" decoding=\"async\" class=\"wp-image-740 alignleft\" src=\"http:\/\/edublog.educastur.es\/ixuxu\/files\/2020\/08\/xefes.jpg\" alt=\"\" width=\"260\" height=\"327\" srcset=\"https:\/\/edublog.educastur.es\/ixuxu\/files\/2020\/08\/xefes.jpg 615w, https:\/\/edublog.educastur.es\/ixuxu\/files\/2020\/08\/xefes-238x300.jpg 238w\" sizes=\"auto, (max-width: 260px) 100vw, 260px\" \/><\/p>\n<ul>\n<li><span style=\"font-size: 14px\"><a href=\"https:\/\/www.asterix.com\/es\/coleccion\/albumes\/el-combate-de-los-jefes\/\">Ficha na Web Asterix<\/a><\/span><\/li>\n<li><span style=\"font-size: 14px\"><a href=\"https:\/\/www.todostuslibros.com\/libros\/el-combate-de-los-xefes_978-84-696-2866-9\">M\u00e9rcalu na to llibrer\u00eda<\/a><\/span><\/li>\n<li><span style=\"font-size: 14px\">Editorial: <a href=\"https:\/\/www.todostuslibros.com\/editorial\/editorial-bruno\">Editorial Bru\u00f1o<\/a><\/span><\/li>\n<li><span style=\"font-size: 14px\">Ilustrador: Uderzo, Albert<\/span><\/li>\n<li><span style=\"font-size: 14px\">Traductor: Rodr\u00edguez, Mar\u00eda Xos\u00e9<\/span><\/li>\n<li><span style=\"font-size: 14px\">Colecci\u00f3n: Ast\u00e9rix (+10 a\u00f1os)<\/span><\/li>\n<li><span style=\"font-size: 14px\">Encuadernaci\u00f3n: Carton\u00e9 295 x 225 mm.<\/span><\/li>\n<li><span style=\"font-size: 14px\">Idioma de publicaci\u00f3n : Bable<\/span><\/li>\n<li><span style=\"font-size: 14px\">ISBN: 978-84-696-2866-9<\/span><\/li>\n<li><span style=\"font-size: 14px\">EAN: 9788469628669<\/span><\/li>\n<li><span style=\"font-size: 14px\">N\u00ba p\u00e1ginas: 48; N\u00ba de ilustraciones: 56<\/span><\/li>\n<li><span style=\"font-size: 14px\">Fecha publicaci\u00f3n : <span style=\"color: #008080\">03-09-2020<\/span><\/span><\/li>\n<li><span style=\"font-size: 14px\">PVP: 12,95 \u20ac<\/span><\/li>\n<\/ul>\n<div class=\"row\">\n<div class=\"col-12 col-sm-12\">\n<div class=\"row\">\n<div class=\"col-12 col-md-12\">\n<p>&nbsp;<\/p>\n<p><span style=\"color: #008080\"><em>Ye&#8217;l s\u00e9ptimu \u00e1lbum de la serie d&#8217;historietes de Ast\u00e9rix el Galu. Public\u00e1u per primer vegada n&#8217;una serie de tires risibles dende&#8217;l n\u00ba 261 (22 d&#8217;ochobre de 1964) hasta&#8217;l n\u00ba 302 (5 d&#8217;agostu de 1965). <strong>Agora, n\u00b4asturianu!<\/strong><\/em><\/span><\/p>\n<\/div>\n<\/div>\n<\/div>\n<\/div>\n<p><!--more--><\/p>\n<p><em><strong>Rese\u00f1a de los druidos del \u00e1lbum:\u00a0 <\/strong>Un combate ente xefes: la ocasi\u00f3n sua\u00f1ada por Abrarac\u00farcix pa llograr, a lo \u00faltimo xuno de los papeles principales. Y, como puedes imaxinate, falt\u00f3-y tiempu pa entamar una conferencia de prensa (como les que tanto-y gustaben a un famos\u00edsimo presidente franc\u00e9s y\u00e1 sum\u00edu, Charres de Gaulle) p&#8217;anunciar na revista Pilote&#8217;l principiu d&#8217;una aventura na que, como y\u00e1 yera hora, va tener un papel a la so midida. A partir d&#8217;ent\u00f3s, ex\u00e9xetes ensin escesivu inxeniu repitieron hasta l&#8217;enfastiu que Ast\u00e9rix naciera del esp\u00edritu gaullista\u00bb. Ye ciertu que Goscinny y Uderzo p\u00e1sanlo en grande caricaturizando les conferencies de prensa d&#8217;esti pol\u00edticu y militar, figura clave na resistencia francesa contra&#8217;l nazismu. <\/em><\/p>\n<p><em>La idea xenial del golpe que provoca amnesia ye un \u00abcl\u00e1sicu\u00bb del humor, afechu de forma brillosa al mundu celta col menhir, ente otros. L&#8217;\u00e1lbum ye xuna aut\u00e9ntica delicia.<\/em><\/p>\n<div class=\"fusion-fullwidth fullwidth-box nonhundred-percent-fullwidth non-hundred-percent-height-scrolling\">\n<div class=\"fusion-builder-row fusion-row \">\n<div class=\"fusion-layout-column fusion_builder_column fusion_builder_column_1_1 fusion-one-full fusion-column-first fusion-column-last 1_1\">\n<div class=\"fusion-column-wrapper\" data-bg-url=\"\">\n<div class=\"fusion-text\">\n<h3 data-fontsize=\"20\" data-lineheight=\"30\"><em><span style=\"color: #008080\">Fiches de personaxes del \u00e1lbum:<\/span><\/em><\/h3>\n<p>&nbsp;<\/p>\n<h3 data-fontsize=\"20\" data-lineheight=\"30\"><img loading=\"lazy\" decoding=\"async\" class=\"attachment-full wp-post-image\" src=\"https:\/\/www.asterix.com\/wp-content\/uploads\/2018\/03\/g53.png\" alt=\"\" width=\"65\" height=\"65\" \/> <a class=\"fusion-rollover-link\" href=\"https:\/\/www.asterix.com\/es\/portfolio\/amnesix\/?portfolioCats=259\">Amnesix<\/a>\u221d <img loading=\"lazy\" decoding=\"async\" class=\"attachment-full wp-post-image\" src=\"https:\/\/www.asterix.com\/wp-content\/uploads\/2018\/03\/g07.png\" alt=\"\" width=\"65\" height=\"65\" \/>\u00a0 <a class=\"fusion-rollover-link\" href=\"https:\/\/www.asterix.com\/es\/portfolio\/prorromanix\/?portfolioCats=259\">Prorromanix<\/a>\u221d <img loading=\"lazy\" decoding=\"async\" class=\"attachment-full wp-post-image\" src=\"https:\/\/www.asterix.com\/wp-content\/uploads\/2018\/04\/g08.png\" alt=\"\" width=\"65\" height=\"65\" \/>\u00a0 <a class=\"fusion-rollover-link\" href=\"https:\/\/www.asterix.com\/es\/portfolio\/asuranceturix\/?portfolioCats=259\">Asurancet\u00farix<\/a> \u221d <img loading=\"lazy\" decoding=\"async\" class=\"attachment-full wp-post-image\" src=\"https:\/\/www.asterix.com\/wp-content\/uploads\/2018\/03\/g54-1.png\" alt=\"\" width=\"65\" height=\"65\" \/> <a class=\"fusion-rollover-link\" href=\"https:\/\/www.asterix.com\/es\/portfolio\/berlix\/?portfolioCats=259\">Berlix<\/a> \u221d <img loading=\"lazy\" decoding=\"async\" class=\"attachment-full wp-post-image\" src=\"https:\/\/www.asterix.com\/wp-content\/uploads\/2018\/03\/g09.png\" alt=\"\" width=\"65\" height=\"65\" \/> <a class=\"fusion-rollover-link\" href=\"https:\/\/www.asterix.com\/es\/portfolio\/asterix\/?portfolioCats=259\">Ast\u00e9rix<\/a> \u221d<img loading=\"lazy\" decoding=\"async\" class=\"attachment-full wp-post-image\" src=\"https:\/\/www.asterix.com\/wp-content\/uploads\/2018\/03\/g56.png\" alt=\"\" width=\"65\" height=\"65\" \/>\u00a0 <a class=\"fusion-rollover-link\" href=\"https:\/\/www.asterix.com\/es\/portfolio\/boufiltre\/?portfolioCats=259\">Boufiltre<\/a> \u221d <img loading=\"lazy\" decoding=\"async\" class=\"attachment-full wp-post-image\" src=\"https:\/\/www.asterix.com\/wp-content\/uploads\/2018\/03\/g55-1.png\" alt=\"\" width=\"65\" height=\"65\" \/> <a class=\"fusion-rollover-link\" href=\"https:\/\/www.asterix.com\/es\/portfolio\/catedralgotix\/?portfolioCats=259\">Catedralgotix<\/a> \u221d <img loading=\"lazy\" decoding=\"async\" class=\"attachment-full wp-post-image\" src=\"https:\/\/www.asterix.com\/wp-content\/uploads\/2018\/03\/g01.png\" alt=\"\" width=\"65\" height=\"65\" \/> <a class=\"fusion-rollover-link\" href=\"https:\/\/www.asterix.com\/es\/portfolio\/abraracurcix\/?portfolioCats=259\">Abrarac\u00farcix<\/a> \u221d<img loading=\"lazy\" decoding=\"async\" class=\"attachment-full wp-post-image\" src=\"https:\/\/www.asterix.com\/wp-content\/uploads\/2018\/03\/g28.png\" alt=\"\" width=\"66\" height=\"66\" \/> <a class=\"fusion-rollover-link\" href=\"https:\/\/www.asterix.com\/es\/portfolio\/obelix\/?portfolioCats=259\">Ob\u00e9lix<\/a> \u221d <img loading=\"lazy\" decoding=\"async\" class=\"attachment-full wp-post-image\" src=\"https:\/\/www.asterix.com\/wp-content\/uploads\/2018\/03\/g32.png\" alt=\"\" width=\"64\" height=\"64\" \/><a class=\"fusion-rollover-link\" href=\"https:\/\/www.asterix.com\/es\/portfolio\/panoramix\/?portfolioCats=259\"> Panoramix.<\/a><\/h3>\n<div class=\"fusion-recent-works fusion-portfolio-element fusion-portfolio fusion-portfolio-1 fusion-portfolio-grid fusion-portfolio-paging-pagination fusion-portfolio-six fusion-portfolio-unboxed fusion-portfolio-text fusion-portfolio-equal-heights fusion-portfolio-rollover fusion-portfolio-six-sidebar\" data-id=\"-rw-1\" data-columns=\"six\">\n<div id=\"fusion-portfolio-1\" class=\"fusion-portfolio-wrapper\" data-picturesize=\"auto\" data-pages=\"0\">\n<article id=\"portfolio-1-post-12457\" class=\"fusion-portfolio-post 01-es 02-es 03-es 04-es 05-es 06-es 07-es 08-es 09-es 10-es 11-es 12-es 13-es 14-es 15-es 16-es 17-es 18-es 19-es 20-es 21-es 22-es 23-es 24-es 25-es 26-es 27-es 28-es 29-es 30-es 31-es 32-es 33-es 34-es 35-es 36-es 37-es gaulois-es fusion-col-spacing post-12457\">\n<div class=\"fusion-portfolio-content-wrapper\">\n<div class=\"fusion-image-wrapper\">\n<div class=\"fusion-rollover-content\"><\/div>\n<\/div>\n<\/div>\n<\/article>\n<\/div>\n<\/div>\n<\/div>\n<\/div>\n<\/div>\n<\/div>\n<\/div>\n","protected":false},"excerpt":{"rendered":"<p>Ficha na Web Asterix M\u00e9rcalu na to llibrer\u00eda Editorial: Editorial Bru\u00f1o Ilustrador: Uderzo, Albert Traductor: Rodr\u00edguez, Mar\u00eda Xos\u00e9 Colecci\u00f3n: Ast\u00e9rix (+10 a\u00f1os) Encuadernaci\u00f3n: Carton\u00e9 295 x 225 mm. Idioma de publicaci\u00f3n : Bable ISBN: 978-84-696-2866-9 EAN: 9788469628669 N\u00ba p\u00e1ginas: 48; N\u00ba de ilustraciones: 56 Fecha publicaci\u00f3n : 03-09-2020 PVP: 12,95 \u20ac &nbsp; Ye&#8217;l s\u00e9ptimu \u00e1lbum [&hellip;]<\/p>\n","protected":false},"author":117,"featured_media":0,"comment_status":"closed","ping_status":"open","sticky":false,"template":"","format":"standard","meta":{"footnotes":""},"categories":[9,10,13],"tags":[],"class_list":["post-737","post","type-post","status-publish","format-standard","hentry","category-libros-adultos","category-llibros-reciella","category-novedaes"],"_links":{"self":[{"href":"https:\/\/edublog.educastur.es\/ixuxu\/wp-json\/wp\/v2\/posts\/737","targetHints":{"allow":["GET"]}}],"collection":[{"href":"https:\/\/edublog.educastur.es\/ixuxu\/wp-json\/wp\/v2\/posts"}],"about":[{"href":"https:\/\/edublog.educastur.es\/ixuxu\/wp-json\/wp\/v2\/types\/post"}],"author":[{"embeddable":true,"href":"https:\/\/edublog.educastur.es\/ixuxu\/wp-json\/wp\/v2\/users\/117"}],"replies":[{"embeddable":true,"href":"https:\/\/edublog.educastur.es\/ixuxu\/wp-json\/wp\/v2\/comments?post=737"}],"version-history":[{"count":5,"href":"https:\/\/edublog.educastur.es\/ixuxu\/wp-json\/wp\/v2\/posts\/737\/revisions"}],"predecessor-version":[{"id":739,"href":"https:\/\/edublog.educastur.es\/ixuxu\/wp-json\/wp\/v2\/posts\/737\/revisions\/739"}],"wp:attachment":[{"href":"https:\/\/edublog.educastur.es\/ixuxu\/wp-json\/wp\/v2\/media?parent=737"}],"wp:term":[{"taxonomy":"category","embeddable":true,"href":"https:\/\/edublog.educastur.es\/ixuxu\/wp-json\/wp\/v2\/categories?post=737"},{"taxonomy":"post_tag","embeddable":true,"href":"https:\/\/edublog.educastur.es\/ixuxu\/wp-json\/wp\/v2\/tags?post=737"}],"curies":[{"name":"wp","href":"https:\/\/api.w.org\/{rel}","templated":true}]}}