{"id":7376,"date":"2021-06-15T19:17:08","date_gmt":"2021-06-15T17:17:08","guid":{"rendered":"https:\/\/edublog.educastur.es\/ixuxu\/?p=7376"},"modified":"2021-06-16T07:57:51","modified_gmt":"2021-06-16T05:57:51","slug":"7376","status":"publish","type":"post","link":"https:\/\/edublog.educastur.es\/ixuxu\/2021\/06\/7376\/","title":{"rendered":"Festival Interc\u00e9lticu de Lorient (Francia)"},"content":{"rendered":"<p><a href=\"https:\/\/www.festival-interceltique.bzh\/wp-content\/uploads\/2021\/06\/ASTURIEN-40x60-web.jpg\"><img loading=\"lazy\" decoding=\"async\" class=\"aligncenter\" src=\"https:\/\/www.festival-interceltique.bzh\/wp-content\/uploads\/2021\/06\/ASTURIEN-40x60-web.jpg\" alt=\"\" width=\"491\" height=\"737\" \/><\/a><\/p>\n<p>Esti a\u00f1u va celebrase del 6 al 15 d&#8217;agostu, celebrando los sos 50 a\u00f1os con un festival dedic\u00e1u a Breta\u00f1a. A mou de resumen de la presencia asturiana, tendremos conciertos de <strong>Felpeyu, Hevia, Muga y Ram\u00f3n Prada.<\/strong><\/p>\n<ul>\n<li><span style=\"color: #008080\"><strong>Festival<\/strong><\/span>: <a href=\"https:\/\/www.facebook.com\/festival.interceltique.lorient\">Facebook<\/a> \/ <a href=\"http:\/\/www.festival-interceltique.bzh\/\">web<\/a> \/<a href=\"https:\/\/www.festival-interceltique.bzh\/photos-2019\/\"> Semeyes 2019<\/a> \/ <a href=\"https:\/\/www.festival-interceltique.bzh\/bretagne-nation-a-lhonneur\/\"><strong>Bretagna<\/strong>\u00a0<\/a> \/<a href=\"https:\/\/twitter.com\/FESTIVALLORIENT\"> Twitter<\/a> \/<a href=\"https:\/\/twitter.com\/i\/status\/1225353116977188866\"> VIDEU<\/a><\/li>\n<li><a href=\"https:\/\/www.google.com\/url?sa=t&amp;rct=j&amp;q=&amp;esrc=s&amp;source=web&amp;cd=&amp;ved=2ahUKEwjTpbuakZrxAhUMDMAKHc30CJEQFjABegQIAhAE&amp;url=https%3A%2F%2Fwww.festival-interceltique.bzh%2Fwp-content%2Fuploads%2F2020%2F01%2FCP-FIL210120-web-espagnol.pdf&amp;usg=AOvVaw2WRqCjiPn-3dmpBwbZkrLH\">Grafismu 50 aniversario.pdf<\/a><\/li>\n<li><a href=\"https:\/\/www.festival-interceltique.bzh\/libre-telechargement\/\">Cartelos 2021 en distintes lling\u00fces<\/a><\/li>\n<li><a href=\"https:\/\/asturies.com\/noticies\/el-festival-interceltique-loriant-torna-a-celebrase-esti-anu?fbclid=IwAR18ON0ox_v0Uk_V8s650h5lN7kY8a3LdVxsmS_jqJFhZIrlrCmmi8u1UBs\">Asturies.com: El Festival Interceltique Loriant torna a celebrase esti a\u00f1u<\/a><\/li>\n<\/ul>\n<p><!--more--><\/p>\n<p><a href=\"https:\/\/pbs.twimg.com\/media\/EpRUVqmXUAAoYhF?format=jpg&amp;name=large\"><img loading=\"lazy\" decoding=\"async\" class=\"alignnone\" src=\"https:\/\/pbs.twimg.com\/media\/EpRUVqmXUAAoYhF?format=jpg&amp;name=large\" alt=\"\" width=\"374\" height=\"210\" \/><\/a> \/<a href=\"https:\/\/pbs.twimg.com\/profile_images\/1219589753709809664\/jI20crgn_400x400.jpg\"><img loading=\"lazy\" decoding=\"async\" class=\"alignnone\" src=\"https:\/\/pbs.twimg.com\/profile_images\/1219589753709809664\/jI20crgn_400x400.jpg\" alt=\"\" width=\"210\" height=\"210\" \/><\/a><\/p>\n<p style=\"text-align: center\"><span style=\"color: #008080\">El director art\u00edsticu del festival ye dende 2007 Lisardo Lombard\u00eda, asturianu.<\/span><\/p>\n<p>El Festival Interc\u00e9lticu de Lorient\u00a0 <strong>ye un festival de m\u00fasica<\/strong> que se celebra dende 1971 na<strong> ciud\u00e1 del mesmu nome en Francia. <span style=\"color: #008080\">El festival ye un puntu d&#8217;alcuentru de les llamaes \u00abnaciones celtes\u00bb<\/span><\/strong>, nel que la cultura, m\u00fasica y tradiciones de los distintos pa\u00edses y rexones dan cita. Desenvulevese nos primeros d\u00edes d&#8217;agostu y ye el mayor acontecimientu d&#8217;estes caracter\u00edstiques nel mundu teniendo una duraci\u00f3n de diez d\u00edes. Nel a\u00f1u 2010 esti Festival cunt\u00f3 con 800,000 asistentes.<\/p>\n<p style=\"text-align: center\">\n<!-- iframe plugin v.6.0 wordpress.org\/plugins\/iframe\/ -->\n<iframe loading=\"lazy\" width=\"500\" height=\"281\" src=\"https:\/\/www.youtube.com\/embed\/a6BQP-z_OaY\" 0=\"\/iframe\" scrolling=\"yes\" class=\"iframe-class\" frameborder=\"0\"><\/iframe>\n<\/p>\n<p style=\"text-align: center\"><a href=\"https:\/\/imgbox.es\/images\/2021\/06\/15\/Lorient10c5cc1fa200222d.jpg\"><img loading=\"lazy\" decoding=\"async\" class=\"alignnone\" src=\"https:\/\/imgbox.es\/images\/2021\/06\/15\/Lorient10c5cc1fa200222d.jpg\" alt=\"\" width=\"1275\" height=\"232\" \/><\/a><\/p>\n<hr \/>\n<p style=\"text-align: center\"><strong><em><span style=\"color: #008080;font-size: 20px\">2021: Bretagna: invitada de honor<\/span><\/em><\/strong><\/p>\n<p><a href=\"https:\/\/pbs.twimg.com\/media\/E1uqUGLXEAAEx6-?format=jpg&amp;name=medium\"><img loading=\"lazy\" decoding=\"async\" class=\"aligncenter\" src=\"https:\/\/pbs.twimg.com\/media\/E1uqUGLXEAAEx6-?format=jpg&amp;name=medium\" alt=\"\" width=\"1080\" height=\"1080\" \/><\/a><\/p>\n<p style=\"text-align: center\"><img loading=\"lazy\" decoding=\"async\" class=\"alignnone size-full\" src=\"image\/png;base64,iVBORw0KGgoAAAANSUhEUgAAABAAAAAJCAYAAAA7KqwyAAAAGXRFWHRTb2Z0d2FyZQBBZG9iZSBJbWFnZVJlYWR5ccllPAAAABhJREFUeNpi\/P\/\/PwMlgHHUgFEDgAAgwAD+lBrvy+NcxAAAAABJRU5ErkJggg==\" width=\"16\" height=\"9\" \/><a href=\"https:\/\/media.ouest-france.fr\/v1\/pictures\/MjAyMDEyNjQxN2ZkMmVjMTJiYzNiYWYyNDg3MWJkMzliZWQyYTE?width=940&amp;focuspoint=50%2C25&amp;cropresize=1&amp;client_id=bpeditorial&amp;sign=c818a8180612ce44a0c5242ad20bbe2e925be551e0ed8501a3141fb54dff3e10\"><img loading=\"lazy\" decoding=\"async\" class=\"alignnone\" src=\"https:\/\/media.ouest-france.fr\/v1\/pictures\/MjAyMDEyNjQxN2ZkMmVjMTJiYzNiYWYyNDg3MWJkMzliZWQyYTE?width=940&amp;focuspoint=50%2C25&amp;cropresize=1&amp;client_id=bpeditorial&amp;sign=c818a8180612ce44a0c5242ad20bbe2e925be551e0ed8501a3141fb54dff3e10\" alt=\"\" width=\"940\" height=\"625\" \/><\/a><\/p>\n<p>&nbsp;<\/p>\n<p><span class=\"TkWrSb-mXWxJe-ij8cu-text\">Breta\u00f1a, la regi\u00f3n ubicada m\u00e1s al noroeste de Francia, es una pen\u00ednsula monta\u00f1osa que se extiende hacia el oc\u00e9ano Atl\u00e1ntico.<\/span><\/p>\n<p>&nbsp;<\/p>\n<p><a href=\"https:\/\/i.pinimg.com\/originals\/c8\/56\/92\/c856925c3c5f9e34b5f59d293b2ff266.jpg\"><img loading=\"lazy\" decoding=\"async\" class=\"alignnone\" src=\"https:\/\/i.pinimg.com\/originals\/c8\/56\/92\/c856925c3c5f9e34b5f59d293b2ff266.jpg\" alt=\"\" width=\"313\" height=\"248\" \/><\/a> \/<a href=\"https:\/\/upload.wikimedia.org\/wikipedia\/commons\/thumb\/7\/71\/Map_Kingdom_of_Brittany_845-867-es.svg\/1200px-Map_Kingdom_of_Brittany_845-867-es.svg.png\"><img loading=\"lazy\" decoding=\"async\" class=\"alignnone\" src=\"https:\/\/upload.wikimedia.org\/wikipedia\/commons\/thumb\/7\/71\/Map_Kingdom_of_Brittany_845-867-es.svg\/1200px-Map_Kingdom_of_Brittany_845-867-es.svg.png\" alt=\"\" width=\"285\" height=\"245\" \/><\/a><\/p>\n<p style=\"text-align: center\"><a href=\"https:\/\/rincon.unipec.org\/uploads\/actividad_cultural\/mont-saint-michel-bretana-francesa.gif\"><img loading=\"lazy\" decoding=\"async\" class=\"alignnone\" src=\"https:\/\/rincon.unipec.org\/uploads\/actividad_cultural\/mont-saint-michel-bretana-francesa.gif\" alt=\"\" width=\"1600\" height=\"1000\" \/><\/a><\/p>\n<hr \/>\n<p style=\"text-align: center\">\n<!-- iframe plugin v.6.0 wordpress.org\/plugins\/iframe\/ -->\n<iframe loading=\"lazy\" width=\"500\" height=\"281\" src=\"https:\/\/www.youtube.com\/embed\/nJgHa7A-jqc\" 0=\"\/iframe\" scrolling=\"yes\" class=\"iframe-class\" frameborder=\"0\"><\/iframe>\n<\/p>\n<p><a href=\"https:\/\/cdn-amakh.nitrocdn.com\/lrdkuEfjQyuGqdhJZNWiPcbIHQhhmaIg\/assets\/static\/source\/rev-f2697fb\/wp-content\/uploads\/2019\/05\/festival-lorient.jpg\"><img loading=\"lazy\" decoding=\"async\" class=\"aligncenter\" src=\"https:\/\/cdn-amakh.nitrocdn.com\/lrdkuEfjQyuGqdhJZNWiPcbIHQhhmaIg\/assets\/static\/source\/rev-f2697fb\/wp-content\/uploads\/2019\/05\/festival-lorient.jpg\" alt=\"\" width=\"828\" height=\"315\" \/><\/a><\/p>\n<p><a href=\"https:\/\/cdn-amakh.nitrocdn.com\/lrdkuEfjQyuGqdhJZNWiPcbIHQhhmaIg\/assets\/static\/source\/rev-f2697fb\/wp-content\/uploads\/2019\/05\/festival-interceltic-lorient.jpg\"><img loading=\"lazy\" decoding=\"async\" class=\"alignnone\" src=\"https:\/\/cdn-amakh.nitrocdn.com\/lrdkuEfjQyuGqdhJZNWiPcbIHQhhmaIg\/assets\/static\/source\/rev-f2697fb\/wp-content\/uploads\/2019\/05\/festival-interceltic-lorient.jpg\" alt=\"\" width=\"337\" height=\"506\" \/><\/a><\/p>\n<hr \/>\n<p><a href=\"https:\/\/www.festival-interceltique.bzh\/wp-content\/uploads\/2021\/06\/ESPAGNOL-40x60-web-.jpg\"><img loading=\"lazy\" decoding=\"async\" class=\"aligncenter\" src=\"https:\/\/www.festival-interceltique.bzh\/wp-content\/uploads\/2021\/06\/ESPAGNOL-40x60-web-.jpg\" alt=\"\" width=\"717\" height=\"1076\" \/><\/a><\/p>\n","protected":false},"excerpt":{"rendered":"<p>Esti a\u00f1u va celebrase del 6 al 15 d&#8217;agostu, celebrando los sos 50 a\u00f1os con un festival dedic\u00e1u a Breta\u00f1a. A mou de resumen de la presencia asturiana, tendremos conciertos de Felpeyu, Hevia, Muga y Ram\u00f3n Prada. Festival: Facebook \/ web \/ Semeyes 2019 \/ Bretagna\u00a0 \/ Twitter \/ VIDEU Grafismu 50 aniversario.pdf Cartelos 2021 [&hellip;]<\/p>\n","protected":false},"author":117,"featured_media":0,"comment_status":"open","ping_status":"open","sticky":false,"template":"","format":"standard","meta":{"footnotes":""},"categories":[35,1],"tags":[],"class_list":["post-7376","post","type-post","status-publish","format-standard","hentry","category-musica","category-sin-categoria"],"_links":{"self":[{"href":"https:\/\/edublog.educastur.es\/ixuxu\/wp-json\/wp\/v2\/posts\/7376","targetHints":{"allow":["GET"]}}],"collection":[{"href":"https:\/\/edublog.educastur.es\/ixuxu\/wp-json\/wp\/v2\/posts"}],"about":[{"href":"https:\/\/edublog.educastur.es\/ixuxu\/wp-json\/wp\/v2\/types\/post"}],"author":[{"embeddable":true,"href":"https:\/\/edublog.educastur.es\/ixuxu\/wp-json\/wp\/v2\/users\/117"}],"replies":[{"embeddable":true,"href":"https:\/\/edublog.educastur.es\/ixuxu\/wp-json\/wp\/v2\/comments?post=7376"}],"version-history":[{"count":15,"href":"https:\/\/edublog.educastur.es\/ixuxu\/wp-json\/wp\/v2\/posts\/7376\/revisions"}],"predecessor-version":[{"id":7395,"href":"https:\/\/edublog.educastur.es\/ixuxu\/wp-json\/wp\/v2\/posts\/7376\/revisions\/7395"}],"wp:attachment":[{"href":"https:\/\/edublog.educastur.es\/ixuxu\/wp-json\/wp\/v2\/media?parent=7376"}],"wp:term":[{"taxonomy":"category","embeddable":true,"href":"https:\/\/edublog.educastur.es\/ixuxu\/wp-json\/wp\/v2\/categories?post=7376"},{"taxonomy":"post_tag","embeddable":true,"href":"https:\/\/edublog.educastur.es\/ixuxu\/wp-json\/wp\/v2\/tags?post=7376"}],"curies":[{"name":"wp","href":"https:\/\/api.w.org\/{rel}","templated":true}]}}