{"id":7410,"date":"2021-06-16T21:22:51","date_gmt":"2021-06-16T19:22:51","guid":{"rendered":"https:\/\/edublog.educastur.es\/ixuxu\/?p=7410"},"modified":"2021-06-16T21:32:37","modified_gmt":"2021-06-16T19:32:37","slug":"un-conciertu-mui-especial-dalberto-garcia","status":"publish","type":"post","link":"https:\/\/edublog.educastur.es\/ixuxu\/2021\/06\/un-conciertu-mui-especial-dalberto-garcia\/","title":{"rendered":"Un conciertu mui especial&#8230;"},"content":{"rendered":"<p style=\"text-align: center\"><a href=\"https:\/\/www.rtpa.es\/fotos\/\/21\/06\/20210615130552_RTPA885141.jpg\"><img loading=\"lazy\" decoding=\"async\" class=\"alignnone\" src=\"https:\/\/www.rtpa.es\/fotos\/\/21\/06\/20210615130552_RTPA885141.jpg\" alt=\"\" width=\"853\" height=\"480\" \/><\/a><\/p>\n<ul>\n<li><a href=\"https:\/\/www.rtpa.es\/noticias-sociedad-ast:-Un-concierto-muy-especial-de-Alberto-&amp;-Garcia_111623755378.html?fbclid=IwAR0RFgO1nm-jrzN1SIpy25VrKc-nq3dwUiWV1951MxE2n_F2mYaiDovnUOs\">RTPA: Un conciertu mui especial d&#8217;Alberto &amp; Garc\u00eda (VIDEU)<\/a><\/li>\n<\/ul>\n<section class=\"contenido pull-top-contenido\">\n<div class=\"container\">\n<div class=\"row\">\n<div class=\"col-lg-8 col-md-12 col-xs-12\">\n<div id=\"noticiacompleta\" class=\"contenido-padding-resp parragraph-padding font-c-conent\">\n<h4 class=\"font-size-l padding-b-20\">El Colexu P\u00fablicu Billing\u00fce Ventanielles celebra&#8217;l &#8216;Oreyines Festival&#8217;<\/h4>\n<p>Una versi\u00f3n amenorgada de la banda <a href=\"https:\/\/www.youtube.com\/channel\/UCenCBve61nig6QxsMSWfSQg\"><span style=\"color: #008080\"><strong>Alberto &amp; Garc\u00eda<\/strong><\/span><\/a> dio\u2019l primer conciertu n\u2019Asturies nel que cuasi naide del p\u00fablicu llev\u00f3 mazcarina.<\/p>\n<p><!--more--><\/p>\n<p>Foi\u2019l conciertu estrella del &#8216;Oreyines Festival&#8217;, un acontecimientu nel Colexu P\u00fablicu Biling\u00fce Ventanielles nel que, daveres, lo esencial foi invisible pa los g\u00fceyos. La m\u00fasica p\u00fanxose al serviciu de la educaci\u00f3n.<\/p>\n<p style=\"text-align: center\">\n<!-- iframe plugin v.6.0 wordpress.org\/plugins\/iframe\/ -->\n<iframe loading=\"lazy\" width=\"100%\" height=\"527\" src=\"https:\/\/www.youtube.com\/embed\/JFljV8SGdxs\" 0=\"\/iframe\" scrolling=\"yes\" class=\"iframe-class\" frameborder=\"0\"><\/iframe>\n<\/p>\n<p>Puen facese una idea equivocada acerca del p\u00fablicu d\u2019esti conciertu. Quiciabes piensen que siendo tan peque\u00f1os nun sabr\u00eden les lletres de los cantares y de sacar esa conclusi\u00f3n, sedr\u00eda una conclusi\u00f3n tomada abondo r\u00e1pido.<\/p>\n<p>Les profesores d\u2019Infantil del centru planteg\u00e1ronse qu\u00e9 pod\u00eden facer pa terminar un cursu que foi tan dif\u00edcil. Llegaron a la conclusi\u00f3n de que pod\u00eden entamar un festival.<\/p>\n<p>Un festival nel que pudieren sonar los animales escond\u00edos qu\u2019hai ente\u2019l p\u00fablicu infantil.<\/p>\n<\/div>\n<\/div>\n<div class=\"col-lg-4 col-md-12 col-xs-12\">\n<div class=\"cover-intro-detalle-noticia\">\n<div class=\"cover-padding-resp padding-b-15 padding-l-16\">\n<h5 class=\"position-r display-b\"><span class=\"font-size-xs text-trans-u\">\u00a0<\/span><\/h5>\n<\/div>\n<div class=\"display-t table-layout-f width-0100\"><\/div>\n<\/div>\n<div id=\"ctd-noticias-relacionadas\"><\/div>\n<div class=\"margin-t-20 margin-b-20\"><\/div>\n<\/div>\n<\/div>\n<\/div>\n<\/section>\n<p>&nbsp;<\/p>\n","protected":false},"excerpt":{"rendered":"<p>RTPA: Un conciertu mui especial d&#8217;Alberto &amp; Garc\u00eda (VIDEU) El Colexu P\u00fablicu Billing\u00fce Ventanielles celebra&#8217;l &#8216;Oreyines Festival&#8217; Una versi\u00f3n amenorgada de la banda Alberto &amp; Garc\u00eda dio\u2019l primer conciertu n\u2019Asturies nel que cuasi naide del p\u00fablicu llev\u00f3 mazcarina.<\/p>\n","protected":false},"author":117,"featured_media":0,"comment_status":"open","ping_status":"open","sticky":false,"template":"","format":"standard","meta":{"footnotes":""},"categories":[35,1],"tags":[],"class_list":["post-7410","post","type-post","status-publish","format-standard","hentry","category-musica","category-sin-categoria"],"_links":{"self":[{"href":"https:\/\/edublog.educastur.es\/ixuxu\/wp-json\/wp\/v2\/posts\/7410","targetHints":{"allow":["GET"]}}],"collection":[{"href":"https:\/\/edublog.educastur.es\/ixuxu\/wp-json\/wp\/v2\/posts"}],"about":[{"href":"https:\/\/edublog.educastur.es\/ixuxu\/wp-json\/wp\/v2\/types\/post"}],"author":[{"embeddable":true,"href":"https:\/\/edublog.educastur.es\/ixuxu\/wp-json\/wp\/v2\/users\/117"}],"replies":[{"embeddable":true,"href":"https:\/\/edublog.educastur.es\/ixuxu\/wp-json\/wp\/v2\/comments?post=7410"}],"version-history":[{"count":4,"href":"https:\/\/edublog.educastur.es\/ixuxu\/wp-json\/wp\/v2\/posts\/7410\/revisions"}],"predecessor-version":[{"id":7415,"href":"https:\/\/edublog.educastur.es\/ixuxu\/wp-json\/wp\/v2\/posts\/7410\/revisions\/7415"}],"wp:attachment":[{"href":"https:\/\/edublog.educastur.es\/ixuxu\/wp-json\/wp\/v2\/media?parent=7410"}],"wp:term":[{"taxonomy":"category","embeddable":true,"href":"https:\/\/edublog.educastur.es\/ixuxu\/wp-json\/wp\/v2\/categories?post=7410"},{"taxonomy":"post_tag","embeddable":true,"href":"https:\/\/edublog.educastur.es\/ixuxu\/wp-json\/wp\/v2\/tags?post=7410"}],"curies":[{"name":"wp","href":"https:\/\/api.w.org\/{rel}","templated":true}]}}