{"id":7421,"date":"2021-06-20T09:00:09","date_gmt":"2021-06-20T07:00:09","guid":{"rendered":"https:\/\/edublog.educastur.es\/ixuxu\/?p=7421"},"modified":"2021-07-07T22:39:27","modified_gmt":"2021-07-07T20:39:27","slug":"dia-mundial-del-refuxau","status":"publish","type":"post","link":"https:\/\/edublog.educastur.es\/ixuxu\/2021\/06\/dia-mundial-del-refuxau\/","title":{"rendered":"D\u00eda Mundial del Refux\u00e1u."},"content":{"rendered":"<p style=\"text-align: center\">\u00a0\u00a0 <a href=\"https:\/\/static.wixstatic.com\/media\/738a2d_7cddc9d23937402abf8ac99270490e97~mv2_d_7992_4555_s_4_2.jpg\/v1\/fill\/w_1000,h_570,al_c,q_90,usm_0.66_1.00_0.01\/738a2d_7cddc9d23937402abf8ac99270490e97~mv2_d_7992_4555_s_4_2.jpg\"><img loading=\"lazy\" decoding=\"async\" class=\"alignnone\" src=\"https:\/\/static.wixstatic.com\/media\/738a2d_7cddc9d23937402abf8ac99270490e97~mv2_d_7992_4555_s_4_2.jpg\/v1\/fill\/w_1000,h_570,al_c,q_90,usm_0.66_1.00_0.01\/738a2d_7cddc9d23937402abf8ac99270490e97~mv2_d_7992_4555_s_4_2.jpg\" alt=\"\" width=\"446\" height=\"254\" \/><\/a><\/p>\n<ul>\n<li><a href=\"https:\/\/www.acnur.org\/60a808cb4\">Toolkit informativu del D\u00eda Mundial del Refugiado.<\/a><\/li>\n<li><a href=\"https:\/\/www.acnur.org\/dia-mundial-del-refugiado.html\">Web UNHCR Espa\u00f1a<\/a> \/<\/li>\n<\/ul>\n<p>Les persones refux\u00e1es y desplaz\u00e1es enfrentense a\u00a0 dificultaes para recibir atenci\u00f3n m\u00e9dica cuando se carecer. Al tar llue\u00f1e de casa, ye-yos dif\u00edcil atopar escuela para les sos f\u00edes y f\u00edos o, inclusive, un llugar onde puedan xugar y prestase.<\/p>\n<blockquote><p><strong><span style=\"color: #008080\"><em><span style=\"font-size: 16px\">Xuntos curiamos, aprendemos y rellumamos.<br \/>\n<\/span><\/em><\/span><\/strong><span style=\"color: #808080\"><strong><em><span style=\"font-size: 16px\">Juntos nos cuidamos, aprendemos y brillamos.<\/span><\/em><\/strong><\/span><\/p><\/blockquote>\n<p><!--more--><\/p>\n<p>L&#8217;Asamblea Xeneral de les Naciones Xun\u00edes decide que, a partir del a\u00f1u 2001, el d\u00eda 20 de xunu s\u00eda&#8217;l <span style=\"color: #008080\"><strong>D\u00eda Mundial de los Refuxaos<\/strong><\/span>, faci\u00e9ndolo coincidir col aniversariu de la Convenci\u00f3n sobro l&#8217;Estatutu de los Refuxaos de 1951. Cellebrase coles mires de visibilizar, y ayudar a millones de persones que viven en condici\u00f3n de refuxaos, mov\u00edos y a la espera d&#8217;asilu n&#8217;otros pa\u00edses por cuenta de los conflictos armaos, de violencia y persecuci\u00f3n de los cualos son oxetu nes sos naciones d&#8217;orixe.<\/p>\n<p style=\"text-align: center\">&lt;iframe width=\u00bb665&#8243; height=\u00bb374&#8243; src=\u00bbhttps:\/\/www.youtube.com\/embed\/pm9-v1tnKNc\u00bb \/iframe]<\/p>\n<p>Una persona refuxada\/abelugada ye <span style=\"color: #008080\"><strong>aquella que ye obligada a dexar el so pa\u00eds por cuenta de problemes internos, como conflictos armaos, persecuciones y tou tipu de violencia.<\/strong><\/span><\/p>\n<p>Son munches les razones poles que tienen d&#8217;empezar les sos vides en llugares allo\u00f1aos de los sos familiares y de la patria que los vio nacer. <strong><span style=\"color: #008080\">Los motivos m\u00e1s comunes de persecuci\u00f3n son por temes pol\u00edtiques, relixosos, sociales, raciales y hasta sexuales y de nun dar esti pasu decisivu, pueden inclusive poner en riesgu les sos vides.<\/span><\/strong><\/p>\n<p style=\"text-align: center\"><a href=\"https:\/\/www.elagoradiario.com\/wp-content\/uploads\/2019\/06\/Refugiados.jpg\"><img loading=\"lazy\" decoding=\"async\" class=\"alignnone\" src=\"https:\/\/www.elagoradiario.com\/wp-content\/uploads\/2019\/06\/Refugiados.jpg\" alt=\"\" width=\"738\" height=\"415\" \/><\/a><\/p>\n<p><span style=\"text-decoration: underline\">Tienen d&#8217;enfrentar los siguientes problemes sociales:<\/span><\/p>\n<ul>\n<li>Dificultaes para recibir atenci\u00f3n m\u00e9dica primaria.<\/li>\n<li>Esclusi\u00f3n del merc\u00e1u llaboral formal.<\/li>\n<li>Xenofobia y racismu.<\/li>\n<li>Dificultaes nel accesu al sistema educativu.<\/li>\n<li>Depresi\u00f3n, trestornos psicosociales y otros traumas psicol\u00f3xicos.<\/li>\n<li>Enfermedaes infeicioses y non transmisibles, como tuberculosis, VIH-Sida, hepatitis, varicela.<\/li>\n<li>Problemes de sal\u00fa reproductiva, mortalid\u00e1\u00a0 neonatal, trestornos nutricionales, infecciones respiratories y cutanees.<\/li>\n<\/ul>\n<p>Para l&#8217;Axencia de l\u00b4ONU para los Refuxaos, este ye unu de los<span style=\"text-decoration: underline\"><strong> principales oxetivos:<\/strong><\/span> llograr una mayor inclusi\u00f3n de les persones, ensin importar la so condici\u00f3n social, ideolox\u00eda, creencies o preferencies, llogrando mayor iguald\u00e1, xusticia y equid\u00e1.<\/p>\n","protected":false},"excerpt":{"rendered":"<p>\u00a0\u00a0 Toolkit informativu del D\u00eda Mundial del Refugiado. Web UNHCR Espa\u00f1a \/ Les persones refux\u00e1es y desplaz\u00e1es enfrentense a\u00a0 dificultaes para recibir atenci\u00f3n m\u00e9dica cuando se carecer. Al tar llue\u00f1e de casa, ye-yos dif\u00edcil atopar escuela para les sos f\u00edes y f\u00edos o, inclusive, un llugar onde puedan xugar y prestase. Xuntos curiamos, aprendemos y [&hellip;]<\/p>\n","protected":false},"author":117,"featured_media":0,"comment_status":"open","ping_status":"open","sticky":false,"template":"","format":"standard","meta":{"footnotes":""},"categories":[6],"tags":[],"class_list":["post-7421","post","type-post","status-publish","format-standard","hentry","category-dia-de"],"_links":{"self":[{"href":"https:\/\/edublog.educastur.es\/ixuxu\/wp-json\/wp\/v2\/posts\/7421","targetHints":{"allow":["GET"]}}],"collection":[{"href":"https:\/\/edublog.educastur.es\/ixuxu\/wp-json\/wp\/v2\/posts"}],"about":[{"href":"https:\/\/edublog.educastur.es\/ixuxu\/wp-json\/wp\/v2\/types\/post"}],"author":[{"embeddable":true,"href":"https:\/\/edublog.educastur.es\/ixuxu\/wp-json\/wp\/v2\/users\/117"}],"replies":[{"embeddable":true,"href":"https:\/\/edublog.educastur.es\/ixuxu\/wp-json\/wp\/v2\/comments?post=7421"}],"version-history":[{"count":9,"href":"https:\/\/edublog.educastur.es\/ixuxu\/wp-json\/wp\/v2\/posts\/7421\/revisions"}],"predecessor-version":[{"id":7610,"href":"https:\/\/edublog.educastur.es\/ixuxu\/wp-json\/wp\/v2\/posts\/7421\/revisions\/7610"}],"wp:attachment":[{"href":"https:\/\/edublog.educastur.es\/ixuxu\/wp-json\/wp\/v2\/media?parent=7421"}],"wp:term":[{"taxonomy":"category","embeddable":true,"href":"https:\/\/edublog.educastur.es\/ixuxu\/wp-json\/wp\/v2\/categories?post=7421"},{"taxonomy":"post_tag","embeddable":true,"href":"https:\/\/edublog.educastur.es\/ixuxu\/wp-json\/wp\/v2\/tags?post=7421"}],"curies":[{"name":"wp","href":"https:\/\/api.w.org\/{rel}","templated":true}]}}