{"id":7463,"date":"2021-06-17T21:12:19","date_gmt":"2021-06-17T19:12:19","guid":{"rendered":"https:\/\/edublog.educastur.es\/ixuxu\/?p=7463"},"modified":"2021-07-10T11:16:35","modified_gmt":"2021-07-10T09:16:35","slug":"uvieu-reconocida-un-anu-mas-como-ciuda-amiga-de-la-infancia","status":"publish","type":"post","link":"https:\/\/edublog.educastur.es\/ixuxu\/2021\/06\/uvieu-reconocida-un-anu-mas-como-ciuda-amiga-de-la-infancia\/","title":{"rendered":"Uvi\u00e9u, reconocida, un a\u00f1u m\u00e1s, como Ciud\u00e1 Amiga de la Infancia"},"content":{"rendered":"<p style=\"text-align: center\">\n<p style=\"text-align: center\"><a href=\"https:\/\/www.oviedo.es\/documents\/25041\/1481068\/infancia.JPG\/c84e2125-01fb-4acd-a78c-1ac4cf942c5c?t=1623932186551&amp;imageThumbnail=3\"><img loading=\"lazy\" decoding=\"async\" class=\"alignnone\" src=\"https:\/\/www.oviedo.es\/documents\/25041\/1481068\/infancia.JPG\/c84e2125-01fb-4acd-a78c-1ac4cf942c5c?t=1623932186551&amp;imageThumbnail=3\" alt=\"\" width=\"1000\" height=\"348\" \/><\/a><\/p>\n<ul>\n<li><a href=\"https:\/\/www.oviedo.es\/-\/oviedo-una-vez-mas-reconocida-como-ciudad-amiga-de-la-infancia?fbclid=IwAR1yZzv7lXtvbEIx-DCk9zH1O-lyQgX_7y1stqtmOEWJCGrrbWOAvVCnMjQ\">Uvi\u00e9u, reconocida, un a\u00f1u m\u00e1s, como Ciud\u00e1 Amiga de la Infancia\u00a0<\/a><\/li>\n<\/ul>\n<p>Ser parte de la rede de Ciudaes Amigues de la Infancia implica compartir una mesma visi\u00f3n: que tou ne\u00f1u, ne\u00f1a y adolescente pueda desenvolvese dafechu nes sos ciudaes y comunidaes, porque&#8217;l progresu de la infancia ye&#8217;l progresu de toos.<\/p>\n<p><!--more--><\/p>\n<p>La Secretar\u00eda Permanente de la Iniciativa Ciudaes Amigues de la Infancia, conformada por representantes del Ministeriu de Derechos Sociales y Axenda 2030, la Federaci\u00f3n Espa\u00f1ola de Conceyos y Provincies (FEMP), l&#8217;Institutu Universitariu de \u201cNecesidaes y Derechos de la Infancia y l&#8217;Adolescencia\u201d (IUNDIA) y UNICEF Espa\u00f1a, alcord\u00f3 anovar la <span style=\"color: #008080\">reconocencia al Conceyu d&#8217;Uvi\u00e9u como <strong>Ciud\u00e1 Amiga de la Infancia<\/strong><\/span> nel marcu de la IX Convocatoria de Reconocencies 2021-2025.<\/p>\n<p>Asina-y lo treslladaron al alcalde d&#8217;Uvi\u00e9u, Alfredo Canteli, el presidente de UNICEF Espa\u00f1a, Gustavo Su\u00e1rez Pertierra, y la presidenta de la entid\u00e1 ben\u00e9fica n&#8217;Asturies, Mar\u00eda Jos\u00e9 Plateru.<\/p>\n<p>Na decisi\u00f3n tomada pola Secretar\u00eda Permanente de la Iniciativa Ciudaes Amigues de la Infancia foi clave que, <span style=\"color: #008080\">nun a\u00f1u bien dif\u00edcil, Uvi\u00e9u tuvo en primer ll\u00ednea respondiendo a les necesidaes de los ciudadanos, ensin dexar tras a los ne\u00f1os y les ne\u00f1es.<\/span><\/p>\n<p>Esta reconocencia pon en valor el llabor de los Gobiernos Locales, n&#8217;alianza con otros actores, y n&#8217;especial colos sos destinatarios, los ne\u00f1os y ne\u00f1es, para protexer y garantizar el cumplimientu de los sos derechos y liderar un procesu continuu d\u00b4implementaci\u00f3n de pol\u00edtiques, en cualquier circunstancia, que tienen un impactu tanxible nel so bienestar.<\/p>\n<p>&nbsp;<\/p>\n","protected":false},"excerpt":{"rendered":"<p>Uvi\u00e9u, reconocida, un a\u00f1u m\u00e1s, como Ciud\u00e1 Amiga de la Infancia\u00a0 Ser parte de la rede de Ciudaes Amigues de la Infancia implica compartir una mesma visi\u00f3n: que tou ne\u00f1u, ne\u00f1a y adolescente pueda desenvolvese dafechu nes sos ciudaes y comunidaes, porque&#8217;l progresu de la infancia ye&#8217;l progresu de toos.<\/p>\n","protected":false},"author":117,"featured_media":0,"comment_status":"open","ping_status":"open","sticky":false,"template":"","format":"standard","meta":{"footnotes":""},"categories":[62,1],"tags":[],"class_list":["post-7463","post","type-post","status-publish","format-standard","hentry","category-reconocimientu","category-sin-categoria"],"_links":{"self":[{"href":"https:\/\/edublog.educastur.es\/ixuxu\/wp-json\/wp\/v2\/posts\/7463","targetHints":{"allow":["GET"]}}],"collection":[{"href":"https:\/\/edublog.educastur.es\/ixuxu\/wp-json\/wp\/v2\/posts"}],"about":[{"href":"https:\/\/edublog.educastur.es\/ixuxu\/wp-json\/wp\/v2\/types\/post"}],"author":[{"embeddable":true,"href":"https:\/\/edublog.educastur.es\/ixuxu\/wp-json\/wp\/v2\/users\/117"}],"replies":[{"embeddable":true,"href":"https:\/\/edublog.educastur.es\/ixuxu\/wp-json\/wp\/v2\/comments?post=7463"}],"version-history":[{"count":3,"href":"https:\/\/edublog.educastur.es\/ixuxu\/wp-json\/wp\/v2\/posts\/7463\/revisions"}],"predecessor-version":[{"id":7799,"href":"https:\/\/edublog.educastur.es\/ixuxu\/wp-json\/wp\/v2\/posts\/7463\/revisions\/7799"}],"wp:attachment":[{"href":"https:\/\/edublog.educastur.es\/ixuxu\/wp-json\/wp\/v2\/media?parent=7463"}],"wp:term":[{"taxonomy":"category","embeddable":true,"href":"https:\/\/edublog.educastur.es\/ixuxu\/wp-json\/wp\/v2\/categories?post=7463"},{"taxonomy":"post_tag","embeddable":true,"href":"https:\/\/edublog.educastur.es\/ixuxu\/wp-json\/wp\/v2\/tags?post=7463"}],"curies":[{"name":"wp","href":"https:\/\/api.w.org\/{rel}","templated":true}]}}