{"id":7477,"date":"2021-06-16T18:00:55","date_gmt":"2021-06-16T16:00:55","guid":{"rendered":"https:\/\/edublog.educastur.es\/ixuxu\/?p=7477"},"modified":"2021-06-17T21:53:36","modified_gmt":"2021-06-17T19:53:36","slug":"una-terrible-nube-colapsa-uvieu","status":"publish","type":"post","link":"https:\/\/edublog.educastur.es\/ixuxu\/2021\/06\/una-terrible-nube-colapsa-uvieu\/","title":{"rendered":"Una \u201cterrible\u201d nube colapsa Uvi\u00e9u"},"content":{"rendered":"<p style=\"text-align: center\"><a href=\"https:\/\/estaticos-cdn.prensaiberica.es\/clip\/d1bc1e8a-c657-4ec4-97eb-eb5d685fa4a7_16-9-discover-aspect-ratio_default_0.jpg\"><img loading=\"lazy\" decoding=\"async\" class=\"alignnone\" src=\"https:\/\/estaticos-cdn.prensaiberica.es\/clip\/d1bc1e8a-c657-4ec4-97eb-eb5d685fa4a7_16-9-discover-aspect-ratio_default_0.jpg\" alt=\"\" width=\"1200\" height=\"675\" \/><\/a><\/p>\n<ul>\n<li><a href=\"https:\/\/www.lne.es\/asturias\/2021\/06\/17\/tremenda-tormenta-colapsa-oviedo-habiamos-53681120.html?fbclid=IwAR3_aTAIpYd_3sBqXummfC2mq_g0zsKwz2jVi2bxup-Mpr-LfcI0FS6ijbw\">LNE: Una \u201cterrible\u201d nube colapsa Uvi\u00e9u: \u201cNunca lo vi\u00e9ramos\u201d<\/a><\/li>\n<\/ul>\n<p>La capital, segunda localid\u00e1 del pa\u00eds onde m\u00e1s llovi\u00f3, sufre una hora de caos: comercios y viviendes anubiertes y un gran llagu en Ventanielles. La predicciones y\u00e1 punxeren a los asturianos sobro avisu, pero naide imaxin\u00e1base lo que taba por venir. <a href=\"https:\/\/www.lne.es\/asturias\/2021\/06\/17\/tremenda-tormenta-colapsa-oviedo-habiamos-53681120.html?fbclid=IwAR3_aTAIpYd_3sBqXummfC2mq_g0zsKwz2jVi2bxup-Mpr-LfcI0FS6ijbw\">Videos<\/a> \/ <a href=\"https:\/\/www.lne.es\/fotos\/oviedo\/2021\/06\/16\/imagenes-sido-espectacular-tromba-agua-53521211.html#foto=1\">Galer\u00eda<\/a> \/<\/p>\n<p><!--more--><\/p>\n<p style=\"text-align: center\">\n<p>A eso de los tr\u00e9s y media de la tarde&#8217;l cielu p\u00fanxose negru como&#8217;l carb\u00f3n y empez\u00f3 a xarrear como si se tratara d&#8217;un castigu div\u00edn. <strong><span style=\"color: #008080\">Agua, xarazo y rescamplos a tou trapu, con tanta intensid\u00e1<\/span> <\/strong>que munches cais d&#8217;Uvi\u00e9u llegaron a paecese a les canales de Venecia. Ello ye que el centru tuvo colaps\u00e1u siquier mientres una hora en plenu bastiu y la ciud\u00e1 permaneci\u00f3, hasta bien entrada la tarde, a la cabeza de la llista de les localidaes espa\u00f1oles colos rexistros m\u00e1s altos d&#8217;agua per metro cuadr\u00e1u (45,8 llitros). O Savi\u00f1ao, na provincia de Llugo, acab\u00f3 la xornada nel primer puestu. \u201cLos mesmos bomberos aseguren qu&#8217;enxam\u00e1s vieren cosa igual\u201d, afirma Jos\u00e9 Ram\u00f3n Prau, el conceyal de Segurid\u00e1 Ciudadana d&#8217;Uvi\u00e9u.<\/p>\n<p style=\"text-align: center\"><a href=\"https:\/\/estaticos-cdn.prensaiberica.es\/clip\/8774eab4-955f-4599-8eb4-e2f347dbe047_source-aspect-ratio_default_0.jpg\"><img loading=\"lazy\" decoding=\"async\" class=\"alignnone\" src=\"https:\/\/estaticos-cdn.prensaiberica.es\/clip\/8774eab4-955f-4599-8eb4-e2f347dbe047_source-aspect-ratio_default_0.jpg\" alt=\"\" width=\"2000\" height=\"1334\" \/><\/a><\/p>\n<p><span style=\"color: #008080\">La gran tromba nun dur\u00f3 m\u00e1s de cuarenta minutos<\/span>, pero foi tiempu abondu como pa poner pates arriba media ciud\u00e1. Nel centru, en cais como Ur\u00eda o San Francisco, l&#8217;agua pasaba en demas\u00eda percima de los tod\u00edos y entraba como una cascada en comercios y locales hosteleros. Los sos propietarios trataben d&#8217;evitalo por tolos medios, pero la riada yera imparable. Mentanto, el tel\u00e9fonu d&#8217;emerxencies nun paraba de sonar pa solicitar ayuda a los bomberos.<\/p>\n<p style=\"text-align: center\"><a href=\"https:\/\/cflvdg.avoz.es\/default\/2021\/06\/17\/00121623927864090475265\/Foto\/coche.jpg\"><img loading=\"lazy\" decoding=\"async\" class=\"alignnone\" src=\"https:\/\/cflvdg.avoz.es\/default\/2021\/06\/17\/00121623927864090475265\/Foto\/coche.jpg\" alt=\"\" width=\"1280\" height=\"720\" \/><\/a><\/p>\n<p style=\"text-align: center\"><a href=\"https:\/\/cflvdg.avoz.es\/default\/2018\/07\/11\/00121531327209602123681\/Foto\/inun.jpg\"><img loading=\"lazy\" decoding=\"async\" class=\"alignnone\" src=\"https:\/\/cflvdg.avoz.es\/default\/2018\/07\/11\/00121531327209602123681\/Foto\/inun.jpg\" alt=\"\" width=\"1280\" height=\"720\" \/><\/a><\/p>\n<p style=\"text-align: center\"><a href=\"https:\/\/static.elcomercio.es\/www\/multimedia\/202106\/16\/media\/cortadas\/oviedo-tormenta-lorenzana%20(17)-k8GG-U140734126045v9F-624x385@El%20Comercio.jpg\"><img loading=\"lazy\" decoding=\"async\" class=\"alignnone\" src=\"https:\/\/static.elcomercio.es\/www\/multimedia\/202106\/16\/media\/cortadas\/oviedo-tormenta-lorenzana%20(17)-k8GG-U140734126045v9F-624x385@El%20Comercio.jpg\" alt=\"\" width=\"624\" height=\"385\" \/><\/a><\/p>\n<p style=\"text-align: center\"><a href=\"https:\/\/static2.elcomercio.es\/www\/multimedia\/201806\/30\/media\/cortadas\/tormenta-oviedo-ksy-U60201987168E9E-624x385@El%20Comercio.jpg\"><img loading=\"lazy\" decoding=\"async\" class=\"alignnone\" src=\"https:\/\/static2.elcomercio.es\/www\/multimedia\/201806\/30\/media\/cortadas\/tormenta-oviedo-ksy-U60201987168E9E-624x385@El%20Comercio.jpg\" alt=\"\" width=\"624\" height=\"385\" \/><\/a><\/p>\n<p>&nbsp;<\/p>\n","protected":false},"excerpt":{"rendered":"<p>LNE: Una \u201cterrible\u201d nube colapsa Uvi\u00e9u: \u201cNunca lo vi\u00e9ramos\u201d La capital, segunda localid\u00e1 del pa\u00eds onde m\u00e1s llovi\u00f3, sufre una hora de caos: comercios y viviendes anubiertes y un gran llagu en Ventanielles. La predicciones y\u00e1 punxeren a los asturianos sobro avisu, pero naide imaxin\u00e1base lo que taba por venir. Videos \/ Galer\u00eda \/<\/p>\n","protected":false},"author":117,"featured_media":0,"comment_status":"open","ping_status":"open","sticky":false,"template":"","format":"standard","meta":{"footnotes":""},"categories":[5,33],"tags":[],"class_list":["post-7477","post","type-post","status-publish","format-standard","hentry","category-tiempu","category-uvieu"],"_links":{"self":[{"href":"https:\/\/edublog.educastur.es\/ixuxu\/wp-json\/wp\/v2\/posts\/7477","targetHints":{"allow":["GET"]}}],"collection":[{"href":"https:\/\/edublog.educastur.es\/ixuxu\/wp-json\/wp\/v2\/posts"}],"about":[{"href":"https:\/\/edublog.educastur.es\/ixuxu\/wp-json\/wp\/v2\/types\/post"}],"author":[{"embeddable":true,"href":"https:\/\/edublog.educastur.es\/ixuxu\/wp-json\/wp\/v2\/users\/117"}],"replies":[{"embeddable":true,"href":"https:\/\/edublog.educastur.es\/ixuxu\/wp-json\/wp\/v2\/comments?post=7477"}],"version-history":[{"count":4,"href":"https:\/\/edublog.educastur.es\/ixuxu\/wp-json\/wp\/v2\/posts\/7477\/revisions"}],"predecessor-version":[{"id":7481,"href":"https:\/\/edublog.educastur.es\/ixuxu\/wp-json\/wp\/v2\/posts\/7477\/revisions\/7481"}],"wp:attachment":[{"href":"https:\/\/edublog.educastur.es\/ixuxu\/wp-json\/wp\/v2\/media?parent=7477"}],"wp:term":[{"taxonomy":"category","embeddable":true,"href":"https:\/\/edublog.educastur.es\/ixuxu\/wp-json\/wp\/v2\/categories?post=7477"},{"taxonomy":"post_tag","embeddable":true,"href":"https:\/\/edublog.educastur.es\/ixuxu\/wp-json\/wp\/v2\/tags?post=7477"}],"curies":[{"name":"wp","href":"https:\/\/api.w.org\/{rel}","templated":true}]}}