{"id":7516,"date":"2021-06-21T07:00:44","date_gmt":"2021-06-21T05:00:44","guid":{"rendered":"https:\/\/edublog.educastur.es\/ixuxu\/?p=7516"},"modified":"2021-06-21T20:54:50","modified_gmt":"2021-06-21T18:54:50","slug":"solsticiu-de-branu-porque-yel-dia-mas-llargu-del-anu","status":"publish","type":"post","link":"https:\/\/edublog.educastur.es\/ixuxu\/2021\/06\/solsticiu-de-branu-porque-yel-dia-mas-llargu-del-anu\/","title":{"rendered":"Solsticiu de branu: \u00bfporqu\u00e9 ye&#8217;l d\u00eda m\u00e1s llargu del a\u00f1u?"},"content":{"rendered":"<p style=\"text-align: center\"><a href=\"https:\/\/okdiario.com\/img\/2021\/06\/21\/que-es-el-solsticio-de-verano-2021-655x368.jpg\"><img loading=\"lazy\" decoding=\"async\" class=\"alignnone\" src=\"https:\/\/okdiario.com\/img\/2021\/06\/21\/que-es-el-solsticio-de-verano-2021-655x368.jpg\" alt=\"\" width=\"655\" height=\"368\" \/><\/a><\/p>\n<p><span style=\"color: #008080\"><strong>El solsticiu de branu ye&#8217;l d\u00eda m\u00e1s llargu del a\u00f1u.<\/strong> <\/span>Esti d\u00eda marca tami\u00e9n marca l&#8217;<span style=\"color: #008080\">empiezu del branu nel hemisferiu norte.<\/span> Va asoceder el 21 de xunu&#8217;l 2021 anque puede camudar d&#8217;un a\u00f1u a otru. Dizse qu&#8217;\u00e9sti ye&#8217;l d\u00eda m\u00e1s llargu del a\u00f1u porque <strong>esi d\u00eda&#8217;l sol percuerre&#8217;l cam\u00edn m\u00e1s llargu nel cielu y algama el so puntu m\u00e1s altu.<\/strong><\/p>\n<p><!--more--><\/p>\n<p>El solsticiu marca l&#8217;empiezu oficial del branu nel hemisferiu norte. Este asocede cuando la Tierra llega al puntu de la so \u00f3rbita onde&#8217;l Polu Norte ta nel so encl\u00edn m\u00e1ximu (aprosimao 23.5 graos) escontra&#8217;l Sol. <strong>Esto resulta nel d\u00eda m\u00e1s llargu y la nueche m\u00e1s curtia del a\u00f1u calendariu<\/strong>, seg\u00fan l&#8217;Almanaque de los Vieyos Granxeros.<\/p>\n<p style=\"text-align: center\"><a href=\"https:\/\/elcomercio.pe\/resizer\/gWyq4GOgx8YUM893rKVvfodI2do=\/980x0\/smart\/filters:format(jpeg):quality(75)\/cloudfront-us-east-1.images.arcpublishing.com\/elcomercio\/66FDWPZC5NGHVHSES7VDB4O7AE.jpg\"><img loading=\"lazy\" decoding=\"async\" class=\"alignnone\" src=\"https:\/\/elcomercio.pe\/resizer\/gWyq4GOgx8YUM893rKVvfodI2do=\/980x0\/smart\/filters:format(jpeg):quality(75)\/cloudfront-us-east-1.images.arcpublishing.com\/elcomercio\/66FDWPZC5NGHVHSES7VDB4O7AE.jpg\" alt=\"\" width=\"654\" height=\"361\" \/><\/a><\/p>\n<p>Nel hemisferiu norte, el solsticiu de branu asocede cuando&#8217;l Sol algama&#8217;l so puntu m\u00e1s altu y m\u00e1s al norte nel cielu. Marca l&#8217;empiezu del branu na met\u00e1 norte del mundu. <strong>En contraste, nel hemisferiu sur ye cuando&#8217;l Sol ta nel so puntu m\u00e1s baxu nel cielu, marcando l&#8217;empiezu del iviernu.<\/strong><\/p>\n<ul>\n<li><a href=\"https:\/\/lanoticia.com\/solsticio-de-verano-porque-es-el-dia-mas-largo-del-ano\/?utm_source=facebook&amp;utm_medium=referral&amp;utm_term=gg&amp;utm_content=link&amp;utm_campaign=lanoticia-fb-page&amp;fbclid=IwAR2vmVXCclGNrw1VK8JYG3XzAHzc-z0v3KeBTHNWHIjfyuEqS0_iMDYmfYE\">Fonte noticia<\/a>.<\/li>\n<\/ul>\n<p><a href=\"https:\/\/www.eldiariodecarlospaz.com.ar\/u\/fotografias\/m\/2020\/12\/20\/f850x638-149204_226693_5050.jpg\"><img loading=\"lazy\" decoding=\"async\" class=\"alignnone\" src=\"https:\/\/www.eldiariodecarlospaz.com.ar\/u\/fotografias\/m\/2020\/12\/20\/f850x638-149204_226693_5050.jpg\" alt=\"\" width=\"271\" height=\"203\" \/><\/a> \/<a href=\"https:\/\/sfo2.digitaloceanspaces.com\/elpaiscr\/2021\/06\/solsticio-de-verano.jpeg\"><img loading=\"lazy\" decoding=\"async\" class=\"alignnone\" src=\"https:\/\/sfo2.digitaloceanspaces.com\/elpaiscr\/2021\/06\/solsticio-de-verano.jpeg\" alt=\"\" width=\"359\" height=\"202\" \/><\/a><\/p>\n<p style=\"text-align: center\"><a href=\"https:\/\/aws.traveler.es\/prod\/designs\/v1\/assets\/940x627\/217280.jpg\"><img loading=\"lazy\" decoding=\"async\" class=\"alignnone\" src=\"https:\/\/aws.traveler.es\/prod\/designs\/v1\/assets\/940x627\/217280.jpg\" alt=\"\" width=\"940\" height=\"627\" \/><\/a><\/p>\n<p>El ritual m\u00e1s famosu, sicas\u00ed, ye&#8217;l monumentu de Stonehenge (Reinu Un\u00edu), nel que miles de persones axuntense mientres los solsticios nun <strong>festival de m\u00fasica y baille que celebra&#8217;l camb\u00e9u d&#8217;estaci\u00f3n<\/strong>. <strong><span style=\"color: #008080\">Duendes, faes y tou tipu de seres m\u00e1xicos arrodien el folclore de zones como Irlanda o Escocia<\/span><\/strong>, onde se celebren multitud de fiestes paganes para conmemorar el solsticiu.<\/p>\n<p style=\"text-align: center\"><a href=\"https:\/\/www.codigosanluis.com\/wp-content\/uploads\/2021\/06\/solsticio-de-verano-2021-.jpeg\"><img loading=\"lazy\" decoding=\"async\" class=\"alignnone\" src=\"https:\/\/www.codigosanluis.com\/wp-content\/uploads\/2021\/06\/solsticio-de-verano-2021-.jpeg\" alt=\"\" width=\"1140\" height=\"450\" \/><\/a><\/p>\n","protected":false},"excerpt":{"rendered":"<p>El solsticiu de branu ye&#8217;l d\u00eda m\u00e1s llargu del a\u00f1u. Esti d\u00eda marca tami\u00e9n marca l&#8217;empiezu del branu nel hemisferiu norte. Va asoceder el 21 de xunu&#8217;l 2021 anque puede camudar d&#8217;un a\u00f1u a otru. Dizse qu&#8217;\u00e9sti ye&#8217;l d\u00eda m\u00e1s llargu del a\u00f1u porque esi d\u00eda&#8217;l sol percuerre&#8217;l cam\u00edn m\u00e1s llargu nel cielu y algama [&hellip;]<\/p>\n","protected":false},"author":117,"featured_media":0,"comment_status":"open","ping_status":"open","sticky":false,"template":"","format":"standard","meta":{"footnotes":""},"categories":[6],"tags":[],"class_list":["post-7516","post","type-post","status-publish","format-standard","hentry","category-dia-de"],"_links":{"self":[{"href":"https:\/\/edublog.educastur.es\/ixuxu\/wp-json\/wp\/v2\/posts\/7516","targetHints":{"allow":["GET"]}}],"collection":[{"href":"https:\/\/edublog.educastur.es\/ixuxu\/wp-json\/wp\/v2\/posts"}],"about":[{"href":"https:\/\/edublog.educastur.es\/ixuxu\/wp-json\/wp\/v2\/types\/post"}],"author":[{"embeddable":true,"href":"https:\/\/edublog.educastur.es\/ixuxu\/wp-json\/wp\/v2\/users\/117"}],"replies":[{"embeddable":true,"href":"https:\/\/edublog.educastur.es\/ixuxu\/wp-json\/wp\/v2\/comments?post=7516"}],"version-history":[{"count":6,"href":"https:\/\/edublog.educastur.es\/ixuxu\/wp-json\/wp\/v2\/posts\/7516\/revisions"}],"predecessor-version":[{"id":7518,"href":"https:\/\/edublog.educastur.es\/ixuxu\/wp-json\/wp\/v2\/posts\/7516\/revisions\/7518"}],"wp:attachment":[{"href":"https:\/\/edublog.educastur.es\/ixuxu\/wp-json\/wp\/v2\/media?parent=7516"}],"wp:term":[{"taxonomy":"category","embeddable":true,"href":"https:\/\/edublog.educastur.es\/ixuxu\/wp-json\/wp\/v2\/categories?post=7516"},{"taxonomy":"post_tag","embeddable":true,"href":"https:\/\/edublog.educastur.es\/ixuxu\/wp-json\/wp\/v2\/tags?post=7516"}],"curies":[{"name":"wp","href":"https:\/\/api.w.org\/{rel}","templated":true}]}}