{"id":7523,"date":"2021-06-20T08:00:29","date_gmt":"2021-06-20T06:00:29","guid":{"rendered":"https:\/\/edublog.educastur.es\/ixuxu\/?p=7523"},"modified":"2021-07-07T22:40:13","modified_gmt":"2021-07-07T20:40:13","slug":"por-que-guei-yel-dia-mas-feliz-del-anu","status":"publish","type":"post","link":"https:\/\/edublog.educastur.es\/ixuxu\/2021\/06\/por-que-guei-yel-dia-mas-feliz-del-anu\/","title":{"rendered":"\u00bfPor qu\u00e9 g\u00fcei ye&#8217;l d\u00eda m\u00e1s feliz del a\u00f1u?"},"content":{"rendered":"<p><a href=\"https:\/\/cflvdg.avoz.es\/sc\/ZrBHHLxNl7ka_B8ZGN90hENFCLI=\/x\/2021\/06\/16\/00121623849966312628547\/Foto\/j13j1102.jpg\"><img loading=\"lazy\" decoding=\"async\" class=\"alignnone aligncenter\" src=\"https:\/\/cflvdg.avoz.es\/sc\/ZrBHHLxNl7ka_B8ZGN90hENFCLI=\/x\/2021\/06\/16\/00121623849966312628547\/Foto\/j13j1102.jpg\" alt=\"\" width=\"589\" height=\"332\" \/><\/a><\/p>\n<p>El <span style=\"color: #008080\"><strong>Yellow Day<\/strong><\/span> ye lo contrario al Blue Monday y simbol\u00edzase con el<span style=\"color: #008080\"> color mariellu pola so relaci\u00f3n cola positividad y l&#8217;enerx\u00eda.<\/span> Falamos con dos psic\u00f3logues sobre por qu\u00e9 nesta fecha sent\u00edmonos m\u00e1s allegres y de meyor humor.<\/p>\n<ul>\n<li><a href=\"https:\/\/www.lavozdeasturias.es\/noticia\/informacion\/2021\/06\/19\/20-junio-dia-feliz-ano\/0003_202106SY19P6991.htm?utm_source=facebook&amp;utm_medium=referral&amp;utm_campaign=fbgen_a\">Fonte: la Voz<\/a> \/<\/li>\n<\/ul>\n<p><!--more--><\/p>\n<p>M\u00e1s hores de lluz, bon tiempu y les vacaciones asomando al volver la esquina, estos son dellos factores que faen del 20 de xunu, ma\u00f1ana, <strong><span style=\"color: #008080\">el d\u00eda m\u00e1s feliz del a\u00f1u.<\/span><\/strong> Ta populariz\u00e1ndose en redes sociales y denominase <span style=\"color: #008080\"><strong>Yellow Day<\/strong><\/span> n&#8217;honor de\u00b4l color mariellu, acomu\u00f1\u00e1u a l&#8217;allegr\u00eda y al optimismu. Ye la contraposici\u00f3n al Blue Monday, el d\u00eda m\u00e1s murniu del a\u00f1u que se celebra\u00b4l segundu llunes de xineru.<\/p>\n<p><a href=\"https:\/\/pbs.twimg.com\/media\/DgIc-UVWAAYR8fV.jpg\"><img loading=\"lazy\" decoding=\"async\" class=\"aligncenter\" src=\"https:\/\/pbs.twimg.com\/media\/DgIc-UVWAAYR8fV.jpg\" alt=\"\" width=\"431\" height=\"431\" \/><\/a><\/p>\n<p>Estos d\u00edes util\u00edcense como estratexes de m\u00e1rketing en redes. Sicas\u00ed, daqu\u00e9 de ciertu pue haber nello. Tener m\u00e1s hores de lluz ameyora&#8217;l nuesu est\u00e1u d&#8217;\u00e1nimu, mot\u00edvanos a pasar m\u00e1s tiempu al campu y socializar. Am\u00e1s, nun tenemos el tiempu frescu de primavera nin tampoco&#8217;l calor abrasador de branu. Por si esto fuera pocu, munchos y\u00e1 t\u00e1n faciendo les maletes para entamar un viaxe o esperando una paga extra, que nunca vien mal.<\/p>\n<p><span style=\"color: #008080\"><strong>Coincide col solsticiu de branu,<\/strong><\/span> una fecha m\u00e1xica en munches cultures, y\u00e1 que marca&#8217;l camb\u00e9u d&#8217;estaci\u00f3n de primavera a branu y ye tami\u00e9n el d\u00eda con m\u00e1s hores de lluz. Daqu\u00e9 esencial para la producci\u00f3n de <span style=\"color: #008080\"><strong>serotonina<\/strong><\/span>, una de les hormones responsables del sentimientu de felicid\u00e1.<\/p>\n<p style=\"text-align: center\"><a href=\"https:\/\/qph.fs.quoracdn.net\/main-qimg-6907f8613cea3739baf76211aa48e38a\"><img loading=\"lazy\" decoding=\"async\" class=\"alignnone\" src=\"https:\/\/qph.fs.quoracdn.net\/main-qimg-6907f8613cea3739baf76211aa48e38a\" alt=\"\" width=\"602\" height=\"234\" \/><\/a><\/p>\n<p style=\"text-align: center\"><a href=\"https:\/\/i.pinimg.com\/originals\/0e\/99\/08\/0e9908b05026a3e3c739aa493a37954c.jpg\"><img loading=\"lazy\" decoding=\"async\" class=\"alignnone\" src=\"https:\/\/i.pinimg.com\/originals\/0e\/99\/08\/0e9908b05026a3e3c739aa493a37954c.jpg\" alt=\"\" width=\"643\" height=\"814\" \/><\/a><\/p>\n<p>&nbsp;<\/p>\n","protected":false},"excerpt":{"rendered":"<p>El Yellow Day ye lo contrario al Blue Monday y simbol\u00edzase con el color mariellu pola so relaci\u00f3n cola positividad y l&#8217;enerx\u00eda. Falamos con dos psic\u00f3logues sobre por qu\u00e9 nesta fecha sent\u00edmonos m\u00e1s allegres y de meyor humor. Fonte: la Voz \/<\/p>\n","protected":false},"author":117,"featured_media":0,"comment_status":"open","ping_status":"open","sticky":false,"template":"","format":"standard","meta":{"footnotes":""},"categories":[6],"tags":[],"class_list":["post-7523","post","type-post","status-publish","format-standard","hentry","category-dia-de"],"_links":{"self":[{"href":"https:\/\/edublog.educastur.es\/ixuxu\/wp-json\/wp\/v2\/posts\/7523","targetHints":{"allow":["GET"]}}],"collection":[{"href":"https:\/\/edublog.educastur.es\/ixuxu\/wp-json\/wp\/v2\/posts"}],"about":[{"href":"https:\/\/edublog.educastur.es\/ixuxu\/wp-json\/wp\/v2\/types\/post"}],"author":[{"embeddable":true,"href":"https:\/\/edublog.educastur.es\/ixuxu\/wp-json\/wp\/v2\/users\/117"}],"replies":[{"embeddable":true,"href":"https:\/\/edublog.educastur.es\/ixuxu\/wp-json\/wp\/v2\/comments?post=7523"}],"version-history":[{"count":8,"href":"https:\/\/edublog.educastur.es\/ixuxu\/wp-json\/wp\/v2\/posts\/7523\/revisions"}],"predecessor-version":[{"id":7611,"href":"https:\/\/edublog.educastur.es\/ixuxu\/wp-json\/wp\/v2\/posts\/7523\/revisions\/7611"}],"wp:attachment":[{"href":"https:\/\/edublog.educastur.es\/ixuxu\/wp-json\/wp\/v2\/media?parent=7523"}],"wp:term":[{"taxonomy":"category","embeddable":true,"href":"https:\/\/edublog.educastur.es\/ixuxu\/wp-json\/wp\/v2\/categories?post=7523"},{"taxonomy":"post_tag","embeddable":true,"href":"https:\/\/edublog.educastur.es\/ixuxu\/wp-json\/wp\/v2\/tags?post=7523"}],"curies":[{"name":"wp","href":"https:\/\/api.w.org\/{rel}","templated":true}]}}