{"id":7534,"date":"2021-06-21T09:00:16","date_gmt":"2021-06-21T07:00:16","guid":{"rendered":"https:\/\/edublog.educastur.es\/ixuxu\/?p=7534"},"modified":"2021-06-22T22:36:23","modified_gmt":"2021-06-22T20:36:23","slug":"dia-europeu-de-la-musica","status":"publish","type":"post","link":"https:\/\/edublog.educastur.es\/ixuxu\/2021\/06\/dia-europeu-de-la-musica\/","title":{"rendered":"D\u00eda Europ\u00e9u de la M\u00fasica"},"content":{"rendered":"<p><a href=\"https:\/\/www.colon.com.uy\/images\/magazine-images\/arte\/dia-de-la-musica-2020.jpg\"><img loading=\"lazy\" decoding=\"async\" class=\"alignnone\" src=\"https:\/\/www.colon.com.uy\/images\/magazine-images\/arte\/dia-de-la-musica-2020.jpg\" alt=\"\" width=\"265\" height=\"139\" \/><\/a> \/<a href=\"https:\/\/techfactslive.com\/wp-content\/uploads\/2017\/06\/Music-Shutterstock-1024x756-696x514.jpg\"><img loading=\"lazy\" decoding=\"async\" class=\"alignnone\" src=\"https:\/\/techfactslive.com\/wp-content\/uploads\/2017\/06\/Music-Shutterstock-1024x756-696x514.jpg\" alt=\"\" width=\"197\" height=\"145\" \/><\/a><\/p>\n<p>Cel\u00e9brase&#8217;l 21 de xunu de cada a\u00f1u. Tien como oxetivu principal que los profesionales de la m\u00fasica salgan a les cais a compartir la so m\u00fasica col p\u00fablicu y de esta manera da-yos la oportunid\u00e1 d&#8217;esfrutar del so arte d&#8217;una manera gratuita, ensin importar l&#8217;estilu, les xerarqu\u00edes nin los or\u00edxenes.<\/p>\n<p><!--more--><br \/>\nEl precursor d&#8217;esta idea foi&#8217;l m\u00fasicu norteamericanu Joel Cohen nel a\u00f1u 1976, quien propunxo <span style=\"color: #008080\">que los grupos musicales tocaren mientres los dos solsticios que se celebren cada a\u00f1u<\/span>, el primeru, el 21 de xunu y l&#8217;otru, el 21 d&#8217;avientu, lo cual convirti\u00f3se nun fechu a partir d&#8217;ese mesmu a\u00f1u, en *oulouse, Francia.<\/p>\n<p>Pasaos unos a\u00f1os, la m\u00fasica adquiri\u00f3 un matiz m\u00e1s predominante gracies Maurice Fleuret, destac\u00e1u director musical a principios de los a\u00f1os ochenta y quien trabay\u00f3 de manera para da-y un rol relevante a los que se dediquen al arte de componer, pero dexando de llau&#8217;l tipu de x\u00e9neru, xerarqu\u00edes y los or\u00edxenes, para llograr una verdadera revoluci\u00f3n musical, onde toos tuvieren cabida.<\/p>\n<p>El D\u00eda Europ\u00e9u de la M\u00fasica <strong><span style=\"color: #008080\">faise oficial a partir del a\u00f1u 1982<\/span><\/strong>. Foi en xunu d&#8217;ese mesmu a\u00f1u, onde per primer vegada, un grupu de m\u00fasicos tomaron les cais para festexar esta fecha, que a partir d&#8217;esi momentu ser\u00eda de baldre, con mires d&#8217;entretener al p\u00fablicu y onde nun esistiera distinci\u00f3n no referente a los x\u00e9neros musicales y que-y abriera les puertes a les nueves manifestaciones como pol exemplu la m\u00fasica urbana, el rap o la m\u00fasica techno, ente otres.<\/p>\n<p><span style=\"color: #008080\">La m\u00fasica siempres va representar un motivu de celebraci\u00f3n y ente los sos principales oxetivos ta:<\/span><\/p>\n<ul>\n<li>Un mayor intercambiu cultural ente los pueblos del mundu con onde se pongan de manifiestu distintos estilos y x\u00e9neros musicales.<\/li>\n<li>Llograr algamar una mayor diversid\u00e1 musical y crear espacios por que los profesionales de la m\u00fasica puedan amosar el so trabayu y compartilo col p\u00fablicu que garrasti de manera masiva a esfrutar de los sos conciertos.<\/li>\n<li>Ver la m\u00fasica como xuna ferramienta d&#8217;entretenimientu qu&#8217;arriquez la vida y faela m\u00e1s plena, al travi\u00e9s d&#8217;un arte lleno de maxa, guapura&#8230;<\/li>\n<\/ul>\n<p><span style=\"text-decoration: underline\"><span style=\"color: #008080;text-decoration: underline\">Beneficios de la m\u00fasica pa la vida<\/span><\/span><\/p>\n<p>La m\u00fasica tresform\u00f3se nun verdaderu b\u00e1lsamu pa la vida. S\u00e1bese, d&#8217;alcuerdu a innumberables estudios, que son munches les bondaes y ventayes que tien la m\u00fasica pa tolos seres humanos y que si s&#8217;empecipia nes primeres etapes de la formaci\u00f3n de los ne\u00f1os, puede obrar verdaderos milagros.<\/p>\n<p>Equ\u00ed dex\u00e1moste un llist\u00e1u de dalgunos de los beneficios que la m\u00fasica puede apurrir a la to vida, ente los cualos destaquen:<\/p>\n<ul>\n<li>La m\u00fasica ye un pres\u00e9u pervalible pa desenvolver la intelixencia, ameyora la memoria y la concentraci\u00f3n.<\/li>\n<li>Ayuda a trepar con ciertes enfermedaes, problemes d\u00b4estr\u00e9s y depresi\u00f3n.<br \/>\nS\u00e1bese que la m\u00fasica fai que les persones si\u00e9ntanse m\u00e1s felices.<\/li>\n<li>Ye xuna ferramienta pervalible pa trabayar los valores como la tolerancia, el respetu, la solidarid\u00e1, nos ne\u00f1os.<\/li>\n<\/ul>\n<p>Col pasu de los a\u00f1os, vieno ganando m\u00e1s popularid\u00e1 y siguidores. Esta iniciativa qu&#8217;empez\u00f3 en Francia fai xunas cuantes d\u00e9cades tras, dex\u00f3 promover l&#8217;intercambiu musical y <span style=\"color: #008080\">onde s&#8217;entemecen son\u00edos, ritmos, lletres y arte.<\/span><\/p>\n","protected":false},"excerpt":{"rendered":"<p>\/ Cel\u00e9brase&#8217;l 21 de xunu de cada a\u00f1u. Tien como oxetivu principal que los profesionales de la m\u00fasica salgan a les cais a compartir la so m\u00fasica col p\u00fablicu y de esta manera da-yos la oportunid\u00e1 d&#8217;esfrutar del so arte d&#8217;una manera gratuita, ensin importar l&#8217;estilu, les xerarqu\u00edes nin los or\u00edxenes.<\/p>\n","protected":false},"author":117,"featured_media":0,"comment_status":"open","ping_status":"open","sticky":false,"template":"","format":"standard","meta":{"footnotes":""},"categories":[6],"tags":[],"class_list":["post-7534","post","type-post","status-publish","format-standard","hentry","category-dia-de"],"_links":{"self":[{"href":"https:\/\/edublog.educastur.es\/ixuxu\/wp-json\/wp\/v2\/posts\/7534","targetHints":{"allow":["GET"]}}],"collection":[{"href":"https:\/\/edublog.educastur.es\/ixuxu\/wp-json\/wp\/v2\/posts"}],"about":[{"href":"https:\/\/edublog.educastur.es\/ixuxu\/wp-json\/wp\/v2\/types\/post"}],"author":[{"embeddable":true,"href":"https:\/\/edublog.educastur.es\/ixuxu\/wp-json\/wp\/v2\/users\/117"}],"replies":[{"embeddable":true,"href":"https:\/\/edublog.educastur.es\/ixuxu\/wp-json\/wp\/v2\/comments?post=7534"}],"version-history":[{"count":3,"href":"https:\/\/edublog.educastur.es\/ixuxu\/wp-json\/wp\/v2\/posts\/7534\/revisions"}],"predecessor-version":[{"id":7553,"href":"https:\/\/edublog.educastur.es\/ixuxu\/wp-json\/wp\/v2\/posts\/7534\/revisions\/7553"}],"wp:attachment":[{"href":"https:\/\/edublog.educastur.es\/ixuxu\/wp-json\/wp\/v2\/media?parent=7534"}],"wp:term":[{"taxonomy":"category","embeddable":true,"href":"https:\/\/edublog.educastur.es\/ixuxu\/wp-json\/wp\/v2\/categories?post=7534"},{"taxonomy":"post_tag","embeddable":true,"href":"https:\/\/edublog.educastur.es\/ixuxu\/wp-json\/wp\/v2\/tags?post=7534"}],"curies":[{"name":"wp","href":"https:\/\/api.w.org\/{rel}","templated":true}]}}