{"id":7554,"date":"2021-06-19T12:00:58","date_gmt":"2021-06-19T10:00:58","guid":{"rendered":"https:\/\/edublog.educastur.es\/ixuxu\/?p=7554"},"modified":"2021-06-22T23:06:52","modified_gmt":"2021-06-22T21:06:52","slug":"el-tamanu-de-los-planetes","status":"publish","type":"post","link":"https:\/\/edublog.educastur.es\/ixuxu\/2021\/06\/el-tamanu-de-los-planetes\/","title":{"rendered":"AMCA: \u00ab30 Aniversariu Conceyu Bable\u00bb"},"content":{"rendered":"<p style=\"text-align: center\"><a href=\"https:\/\/promo.theorchard.com\/XuN7jYfMtPsRHPgAcsGb\"><img loading=\"lazy\" decoding=\"async\" class=\"alignnone\" src=\"https:\/\/images.theorchard.io\/v2\/product\/large_cover\/2cc6d5e368e74c46b67629fbc3b2462b_22cee5f2_3190_47cb_acf3_12246b9ce712.jpeg\" alt=\"\" width=\"268\" height=\"268\" \/><\/a><\/p>\n<ul>\n<li><a href=\"https:\/\/promo.theorchard.com\/XuN7jYfMtPsRHPgAcsGb\">Escuchar nesti enllaz: 80:14<\/a><\/li>\n<\/ul>\n<p><!--more--><\/p>\n<p>Cola creaci\u00f3n de l\u2019asociaci\u00f3n cultural Conceyu Bable nel a\u00f1u 1974 entama l\u2019asturianismu modernu, que nel planu lliterariu da orixe al conoc\u00edu como <em>Surdimientu<\/em> y nel musical al movimientu del <em>Nuevu Canciu Astur<\/em>. Esa fecha marca l\u2019empiezu de lo que podr\u00edemos considerar la m\u00fasica asturiana contempor\u00e1nea.<\/p>\n<p>Por cuenta del XXX Aniversariu d\u2019aquel fechu entam\u00f3se un conciertu nel Teatru Campoamor d\u2019Uvi\u00e9u\u2019l 24 de payares del 2004, nel que s\u2019axuntaron depu\u00e9s de tiempu abondo dellos de los m\u00e1s importantes protagonistes del Nuevu Canciu. Concretamente tuvieron presentes Avelino, Carlos Rubiera, Nel Xiblata, Nuberu, Rafael Lorenzo y Xulio Ramos, tando present\u00e1u l\u2019actu por Xune Elipe y la intervenci\u00f3n final del escritor Xuan Bello.<\/p>\n<p>Esta grabaci\u00f3n, que nunca viere la lluz, f\u00edxose directamente dende la mesa de son\u00edu y foi dixitalizada y masterizada, suponiendo un documentu \u00fanicu y perespecial.<\/p>\n<h3 style=\"text-align: center\">\/\/ <a href=\"https:\/\/promo.theorchard.com\/XuN7jYfMtPsRHPgAcsGb\">Calca equ\u00ed pa sentir el <\/a><a href=\"https:\/\/promo.theorchard.com\/XuN7jYfMtPsRHPgAcsGb\" target=\"_blank\" rel=\"noreferrer noopener\">Conciertu <\/a><a href=\"https:\/\/promo.theorchard.com\/XuN7jYfMtPsRHPgAcsGb\">30 Aniversariu Conceyu Bable<\/a> \/\/<\/h3>\n<div class=\"wp-block-spacer\" aria-hidden=\"true\"><\/div>\n<p>&nbsp;<\/p>\n","protected":false},"excerpt":{"rendered":"<p>Escuchar nesti enllaz: 80:14<\/p>\n","protected":false},"author":117,"featured_media":0,"comment_status":"open","ping_status":"open","sticky":false,"template":"","format":"standard","meta":{"footnotes":""},"categories":[181,35],"tags":[],"class_list":["post-7554","post","type-post","status-publish","format-standard","hentry","category-amca","category-musica"],"_links":{"self":[{"href":"https:\/\/edublog.educastur.es\/ixuxu\/wp-json\/wp\/v2\/posts\/7554","targetHints":{"allow":["GET"]}}],"collection":[{"href":"https:\/\/edublog.educastur.es\/ixuxu\/wp-json\/wp\/v2\/posts"}],"about":[{"href":"https:\/\/edublog.educastur.es\/ixuxu\/wp-json\/wp\/v2\/types\/post"}],"author":[{"embeddable":true,"href":"https:\/\/edublog.educastur.es\/ixuxu\/wp-json\/wp\/v2\/users\/117"}],"replies":[{"embeddable":true,"href":"https:\/\/edublog.educastur.es\/ixuxu\/wp-json\/wp\/v2\/comments?post=7554"}],"version-history":[{"count":8,"href":"https:\/\/edublog.educastur.es\/ixuxu\/wp-json\/wp\/v2\/posts\/7554\/revisions"}],"predecessor-version":[{"id":7568,"href":"https:\/\/edublog.educastur.es\/ixuxu\/wp-json\/wp\/v2\/posts\/7554\/revisions\/7568"}],"wp:attachment":[{"href":"https:\/\/edublog.educastur.es\/ixuxu\/wp-json\/wp\/v2\/media?parent=7554"}],"wp:term":[{"taxonomy":"category","embeddable":true,"href":"https:\/\/edublog.educastur.es\/ixuxu\/wp-json\/wp\/v2\/categories?post=7554"},{"taxonomy":"post_tag","embeddable":true,"href":"https:\/\/edublog.educastur.es\/ixuxu\/wp-json\/wp\/v2\/tags?post=7554"}],"curies":[{"name":"wp","href":"https:\/\/api.w.org\/{rel}","templated":true}]}}