{"id":7620,"date":"2021-07-07T23:03:47","date_gmt":"2021-07-07T21:03:47","guid":{"rendered":"https:\/\/edublog.educastur.es\/ixuxu\/?p=7620"},"modified":"2021-07-07T23:07:37","modified_gmt":"2021-07-07T21:07:37","slug":"conoces-la-cabra-bermeya","status":"publish","type":"post","link":"https:\/\/edublog.educastur.es\/ixuxu\/2021\/07\/conoces-la-cabra-bermeya\/","title":{"rendered":"\u00bfConoces la Cabra Bermeya?"},"content":{"rendered":"<p style=\"text-align: center\">\n<p style=\"text-align: center\"><a href=\"https:\/\/pbs.twimg.com\/media\/E5i5dJZX0AczGbB.jpg\"><img loading=\"lazy\" decoding=\"async\" class=\"alignnone\" src=\"https:\/\/pbs.twimg.com\/media\/E5i5dJZX0AczGbB.jpg\" alt=\"\" width=\"526\" height=\"526\" \/><\/a><\/p>\n<p style=\"text-align: left\"><span class=\"d2edcug0 hpfvmrgz qv66sw1b c1et5uql lr9zc1uh a8c37x1j keod5gw0 nxhoafnm aigsh9s9 d3f4x2em fe6kdd0r mau55g9w c8b282yb iv3no6db jq4qci2q a3bd9o3v knj5qynh oo9gr5id\" dir=\"auto\"><br \/>\nTr\u00e1tase d&#8217;una raza aut\u00f3ctona del Princip\u00e1u d&#8217;Asturies, en peligru d&#8217;estinci\u00f3n.<br \/>\nTe convidamos a conocela meyor al travi\u00e9s de la p\u00e1xina de l&#8217;<a href=\"https:\/\/www.cabrabermeya.es\"><span style=\"color: #008080\"><strong>Asociaci\u00f3n de Criadores de Cabra Bermeya: ACRIBER<\/strong><\/span><\/a><br \/>\n<a class=\"oajrlxb2 g5ia77u1 qu0x051f esr5mh6w e9989ue4 r7d6kgcz rq0escxv nhd2j8a9 nc684nl6 p7hjln8o kvgmc6g5 cxmmr5t8 oygrvhab hcukyx3x jb3vyjys rz4wbd8a qt6c0cv9 a8nywdso i1ao9s8h esuyzwwr f1sip0of lzcic4wl oo9gr5id gpro0wi8 lrazzd5p\" role=\"link\" href=\"https:\/\/www.facebook.com\/Cabra-Bermeya-Acriber-160502044510888\/?__cft__[0]=AZWD8PXZYCRNyBdzXK1uXI1VK83qLGChHryoEqsNZFGkXsqKOi5mR3WXrko_7NqrYrtl8Go2JjozQXJyjQNMid9ZzEMS1X_IzKcLMb9TzrhJlC-6wFOHa28mpsAekI4azrBq20Tgg1fkcCaL6cooHu0Xr3ibUoq2Ei16LEL5MKdStZ85ar6rMm0MEf5Eh3C9egY&amp;__tn__=kK*F\"><span class=\"nc684nl6\">Cabra Bermeya Acriber<\/span><\/a><\/p>\n<p><\/span><\/p>\n<ul>\n<li><a href=\"https:\/\/www.google.com\/url?sa=i&amp;url=https%3A%2F%2Frevista-ae.es%2Fwp-content%2Fuploads%2F2017%2F03%2FCabra-Bermeya-1.pdf&amp;psig=AOvVaw1osa1JIqONHzeOsISi_g8D&amp;ust=1625778182935000&amp;source=images&amp;cd=vfe&amp;ved=0CAcQjRxqFwoTCIisqOrt0fECFQAAAAAdAAAAABAP\">Ficha pdf descargar<\/a><\/li>\n<\/ul>\n<p style=\"text-align: center\"><a href=\"https:\/\/www.cabrabermeya.es\"><img loading=\"lazy\" decoding=\"async\" class=\"alignnone\" src=\"https:\/\/www.cabrabermeya.es\/img\/logo_acriber.png\" alt=\"\" width=\"160\" height=\"124\" \/><\/a><\/p>\n<p><!--more--><\/p>\n<p style=\"text-align: center\"><a href=\"https:\/\/www.google.com\/url?sa=i&amp;url=https%3A%2F%2Frevista-ae.es%2Fwp-content%2Fuploads%2F2017%2F03%2FCabra-Bermeya-1.pdf&amp;psig=AOvVaw1osa1JIqONHzeOsISi_g8D&amp;ust=1625778182935000&amp;source=images&amp;cd=vfe&amp;ved=0CAcQjRxqFwoTCIisqOrt0fECFQAAAAAdAAAAABAP\"><img loading=\"lazy\" decoding=\"async\" class=\"alignnone\" src=\"https:\/\/encrypted-tbn0.gstatic.com\/images?q=tbn:ANd9GcQ1BslTFZ0cjtlFB503KzzafFDU-jRKKwwzMnNtMyb-BRVxC9Or2sILm_r4r1pGLQO9KRs&amp;usqp=CAU\" alt=\"\" width=\"189\" height=\"267\" \/><\/a><\/p>\n","protected":false},"excerpt":{"rendered":"<p>Tr\u00e1tase d&#8217;una raza aut\u00f3ctona del Princip\u00e1u d&#8217;Asturies, en peligru d&#8217;estinci\u00f3n. Te convidamos a conocela meyor al travi\u00e9s de la p\u00e1xina de l&#8217;Asociaci\u00f3n de Criadores de Cabra Bermeya: ACRIBER Cabra Bermeya Acriber Ficha pdf descargar<\/p>\n","protected":false},"author":117,"featured_media":0,"comment_status":"open","ping_status":"open","sticky":false,"template":"","format":"standard","meta":{"footnotes":""},"categories":[4,1],"tags":[],"class_list":["post-7620","post","type-post","status-publish","format-standard","hentry","category-natura","category-sin-categoria"],"_links":{"self":[{"href":"https:\/\/edublog.educastur.es\/ixuxu\/wp-json\/wp\/v2\/posts\/7620","targetHints":{"allow":["GET"]}}],"collection":[{"href":"https:\/\/edublog.educastur.es\/ixuxu\/wp-json\/wp\/v2\/posts"}],"about":[{"href":"https:\/\/edublog.educastur.es\/ixuxu\/wp-json\/wp\/v2\/types\/post"}],"author":[{"embeddable":true,"href":"https:\/\/edublog.educastur.es\/ixuxu\/wp-json\/wp\/v2\/users\/117"}],"replies":[{"embeddable":true,"href":"https:\/\/edublog.educastur.es\/ixuxu\/wp-json\/wp\/v2\/comments?post=7620"}],"version-history":[{"count":3,"href":"https:\/\/edublog.educastur.es\/ixuxu\/wp-json\/wp\/v2\/posts\/7620\/revisions"}],"predecessor-version":[{"id":7623,"href":"https:\/\/edublog.educastur.es\/ixuxu\/wp-json\/wp\/v2\/posts\/7620\/revisions\/7623"}],"wp:attachment":[{"href":"https:\/\/edublog.educastur.es\/ixuxu\/wp-json\/wp\/v2\/media?parent=7620"}],"wp:term":[{"taxonomy":"category","embeddable":true,"href":"https:\/\/edublog.educastur.es\/ixuxu\/wp-json\/wp\/v2\/categories?post=7620"},{"taxonomy":"post_tag","embeddable":true,"href":"https:\/\/edublog.educastur.es\/ixuxu\/wp-json\/wp\/v2\/tags?post=7620"}],"curies":[{"name":"wp","href":"https:\/\/api.w.org\/{rel}","templated":true}]}}