{"id":7664,"date":"2021-07-02T08:00:06","date_gmt":"2021-07-02T06:00:06","guid":{"rendered":"https:\/\/edublog.educastur.es\/ixuxu\/?p=7664"},"modified":"2021-07-08T00:19:51","modified_gmt":"2021-07-07T22:19:51","slug":"miraes-2021","status":"publish","type":"post","link":"https:\/\/edublog.educastur.es\/ixuxu\/2021\/07\/miraes-2021\/","title":{"rendered":"Miraes 2021"},"content":{"rendered":"<p style=\"text-align: center\"><a href=\"https:\/\/politicallinguistica.asturias.es\/documents\/35940\/82733\/catalogo-miraes+ok-2021.pdf\/d83452b0-d886-5052-2693-5034eb5e4e3a?t=1625208149295\"><img loading=\"lazy\" decoding=\"async\" class=\"alignnone\" src=\"https:\/\/politicallinguistica.asturias.es\/documents\/71052\/89753\/Potada+cat%C3%A1logu+Miraes+2021+%281%29.jpg\/619c383b-3fea-20a7-5f33-5b4389e3977a?t=1625208450366\" alt=\"\" width=\"530\" height=\"516\" \/><\/a><\/p>\n<div class=\"\" dir=\"auto\">\n<div class=\"\" dir=\"auto\">\n<div class=\"ecm0bbzt hv4rvrfc ihqw7lf3 dati1w0a\" data-ad-comet-preview=\"message\" data-ad-preview=\"message\">\n<div class=\"j83agx80 cbu4d94t ew0dbk1b irj2b8pg\">\n<div class=\"qzhwtbm6 knvmm38d\">\n<div class=\"kvgmc6g5 cxmmr5t8 oygrvhab hcukyx3x c1et5uql ii04i59q\">\n<div dir=\"auto\">L\u2019<a href=\"http:\/\/fotoperiodistas.org\/\"><span style=\"color: #008080\"><strong>Asociaci\u00f3n Profesional de Fotoperiodistes Asturianos (APFA)<\/strong> <\/span><\/a>present\u00f3 esta selmana <span style=\"color: #008080\"><strong>\u00abMiraes 2021\u00bb<\/strong><\/span>,<span style=\"color: #008080\"> una edici\u00f3n m\u00e1s del singular y espectacular resume de noticies que los nuestros fotoperiodistes preparen cada a\u00f1u<\/span>, y que&#8217;l Mus\u00e9u Barjola acueye como primer parada d\u2019una itinerancia que va llevar la muestra per bona parte del territoriu asturianu.<\/div>\n<\/div>\n<ul>\n<li>Fonte:<a href=\"https:\/\/politicallinguistica.asturias.es\/\"><strong> Pol\u00edtica lling\u00fc\u00edstica web<\/strong><\/a> \/ <a href=\"https:\/\/www.facebook.com\/selmana.lletresasturianes\">Facebook<\/a><\/li>\n<li>El cat\u00e1logu de la esposici\u00f3n axunta 88 im\u00e1xenes que representen otros tantos acontecimientos del 2020 y pue\u00a0descargase equ\u00ed: <a href=\"https:\/\/politicallinguistica.asturias.es\/documents\/35940\/82733\/catalogo-miraes+ok-2021.pdf\/d83452b0-d886-5052-2693-5034eb5e4e3a?t=1625208149295\" target=\"_blank\" rel=\"noopener\">Cat\u00e1logu Miraes 2021<\/a>.<\/li>\n<\/ul>\n<div class=\"kvgmc6g5 cxmmr5t8 oygrvhab hcukyx3x c1et5uql ii04i59q\">\n<div dir=\"auto\"><!--more--><\/div>\n<div dir=\"auto\"><\/div>\n<\/div>\n<div class=\"o9v6fnle cxmmr5t8 oygrvhab hcukyx3x c1et5uql ii04i59q\">\n<div dir=\"auto\">El director xeneral de <a class=\"oajrlxb2 g5ia77u1 qu0x051f esr5mh6w e9989ue4 r7d6kgcz rq0escxv nhd2j8a9 nc684nl6 p7hjln8o kvgmc6g5 cxmmr5t8 oygrvhab hcukyx3x jb3vyjys rz4wbd8a qt6c0cv9 a8nywdso i1ao9s8h esuyzwwr f1sip0of lzcic4wl q66pz984 gpro0wi8 b1v8xokw\" role=\"link\" href=\"https:\/\/www.facebook.com\/selmana.lletresasturianes?__cft__[0]=AZXy9HqVOfhBSPbTI93YqwciHln8sa2ZTZCqkwEDHEiLwzmJ6fxdcHo7wuPwhrI9LvbF1DL710OKXempMjV-8XT0QM3bJPjdCht-3JgIvvWbf4kFzMhRcEM2-aPRHma53xWs06gZgRy0g6s46wAJSV1jfmQiVRxIdF7sYR-QCXoTJg&amp;__tn__=-]K-y-R\"><span class=\"nc684nl6\">Pol\u00edtica Lling\u00fc\u00edstica Princip\u00e1u d&#8217;Asturies<\/span><\/a>, Ant\u00f3n Garc\u00eda, particip\u00f3 nel actu inaugural y na entrega de los premios del XV Memorial \u00abRam\u00f3n Gonz\u00e1lez\u00bb a Manu Bravo y del VI Memorial \u00abJoaqu\u00edn Bilbao\u00bb a Isabel Permuy.<\/div>\n<\/div>\n<div dir=\"auto\" style=\"text-align: center\"><\/div>\n<div class=\"o9v6fnle cxmmr5t8 oygrvhab hcukyx3x c1et5uql ii04i59q\">\n<div dir=\"auto\">El cat\u00e1logu de la esposici\u00f3n axunta 88 im\u00e1xenes que representen otros tantos acontecimientos del 2020 y pue descargase nesti enllaz: <a class=\"oajrlxb2 g5ia77u1 qu0x051f esr5mh6w e9989ue4 r7d6kgcz rq0escxv nhd2j8a9 nc684nl6 p7hjln8o kvgmc6g5 cxmmr5t8 oygrvhab hcukyx3x jb3vyjys rz4wbd8a qt6c0cv9 a8nywdso i1ao9s8h esuyzwwr f1sip0of lzcic4wl py34i1dx gpro0wi8\" role=\"link\" href=\"https:\/\/l.facebook.com\/l.php?u=https%3A%2F%2Fpoliticallinguistica.asturias.es%2F-%2Fy-c3-a1-puede-descargase-nesta-web-el-cat-c3-a1logu-de-la-esposici-c3-b3n-miraes-2021%3Fredirect%3D%252F%26fbclid%3DIwAR2ir1wn61Ht2dzVQP_Wfuy01znQIXOnd1QUPJvZCVa4okO62UU7qQ3X9MQ&amp;h=AT1nBK5_Y54lboBAdbUyaxWtIJQtcsY5t9r5n_MC4EL47zN2vB7N9o5TcmLN6wK2A-uIin1bBnsYG3NX0o2Vuv64nc3eMGcmQXlqMqxlBkZ0fKBPUqPMx0H4p8OD3O8bTQ&amp;__tn__=-UK-y-R&amp;c[0]=AT2HtXYANMeMYUj9BWp-AjUsQKOvUEoD500tcCV8No-YAe6b8WV3XI29LPGvWAIos5Q0ByCFvwwr8vbDnlG_TVGaOrKVz0pO2bUAw2Lm2rOZPbiMEBW2DN-FrrdeppDfNluiD6_iT1NJ-wy6IuW51hZX5Kmu0N-iuz3jFnpYbqImvxaisTc\" target=\"_blank\" rel=\"nofollow noopener\">https:\/\/politicallinguistica.asturias.es\/&#8230;\/y-c3-a1&#8230;<\/a><\/div>\n<\/div>\n<\/div>\n<\/div>\n<\/div>\n<\/div>\n<\/div>\n<p>&nbsp;<\/p>\n","protected":false},"excerpt":{"rendered":"<p>L\u2019Asociaci\u00f3n Profesional de Fotoperiodistes Asturianos (APFA) present\u00f3 esta selmana \u00abMiraes 2021\u00bb, una edici\u00f3n m\u00e1s del singular y espectacular resume de noticies que los nuestros fotoperiodistes preparen cada a\u00f1u, y que&#8217;l Mus\u00e9u Barjola acueye como primer parada d\u2019una itinerancia que va llevar la muestra per bona parte del territoriu asturianu. Fonte: Pol\u00edtica lling\u00fc\u00edstica web \/ Facebook [&hellip;]<\/p>\n","protected":false},"author":117,"featured_media":0,"comment_status":"open","ping_status":"open","sticky":false,"template":"","format":"standard","meta":{"footnotes":""},"categories":[56,66,1],"tags":[],"class_list":["post-7664","post","type-post","status-publish","format-standard","hentry","category-fotografia","category-politica-llinguistica","category-sin-categoria"],"_links":{"self":[{"href":"https:\/\/edublog.educastur.es\/ixuxu\/wp-json\/wp\/v2\/posts\/7664","targetHints":{"allow":["GET"]}}],"collection":[{"href":"https:\/\/edublog.educastur.es\/ixuxu\/wp-json\/wp\/v2\/posts"}],"about":[{"href":"https:\/\/edublog.educastur.es\/ixuxu\/wp-json\/wp\/v2\/types\/post"}],"author":[{"embeddable":true,"href":"https:\/\/edublog.educastur.es\/ixuxu\/wp-json\/wp\/v2\/users\/117"}],"replies":[{"embeddable":true,"href":"https:\/\/edublog.educastur.es\/ixuxu\/wp-json\/wp\/v2\/comments?post=7664"}],"version-history":[{"count":4,"href":"https:\/\/edublog.educastur.es\/ixuxu\/wp-json\/wp\/v2\/posts\/7664\/revisions"}],"predecessor-version":[{"id":7668,"href":"https:\/\/edublog.educastur.es\/ixuxu\/wp-json\/wp\/v2\/posts\/7664\/revisions\/7668"}],"wp:attachment":[{"href":"https:\/\/edublog.educastur.es\/ixuxu\/wp-json\/wp\/v2\/media?parent=7664"}],"wp:term":[{"taxonomy":"category","embeddable":true,"href":"https:\/\/edublog.educastur.es\/ixuxu\/wp-json\/wp\/v2\/categories?post=7664"},{"taxonomy":"post_tag","embeddable":true,"href":"https:\/\/edublog.educastur.es\/ixuxu\/wp-json\/wp\/v2\/tags?post=7664"}],"curies":[{"name":"wp","href":"https:\/\/api.w.org\/{rel}","templated":true}]}}