{"id":7697,"date":"2021-07-01T10:00:38","date_gmt":"2021-07-01T08:00:38","guid":{"rendered":"https:\/\/edublog.educastur.es\/ixuxu\/?p=7697"},"modified":"2021-07-08T10:47:40","modified_gmt":"2021-07-08T08:47:40","slug":"porrua-en-boles-una-intervencion-artistica-sobro-les-boles-de-silu","status":"publish","type":"post","link":"https:\/\/edublog.educastur.es\/ixuxu\/2021\/07\/porrua-en-boles-una-intervencion-artistica-sobro-les-boles-de-silu\/","title":{"rendered":"\u00abPorr\u00faa en Boles\u00bb: una intervenci\u00f3n art\u00edstica sobro les boles de silu."},"content":{"rendered":"<p><a href=\"https:\/\/static2.elcomercio.es\/www\/multimedia\/202107\/04\/media\/GALERIA-porrua\/bolas-porrua%20(4).jpg\"><img loading=\"lazy\" decoding=\"async\" class=\"aligncenter\" src=\"https:\/\/static2.elcomercio.es\/www\/multimedia\/202107\/04\/media\/GALERIA-porrua\/bolas-porrua%20(4).jpg\" alt=\"\" width=\"672\" height=\"448\" \/><\/a><\/p>\n<p>Los d\u00edes 3 y 4 de xunetu van celebrar el <span style=\"color: #008080\"><strong>\u00abPorr\u00faa en Boles\u00bb<\/strong><\/span>, una intervenci\u00f3n art\u00edstica sobro les boles de silu. Con esta activid\u00e1 pretenden, per una parte, homenaxar a toos los nuesos ganaderos y ganaderes y por otra, sacar al arte de los sos soportes habituales. Iniciativa de Nieves Gonz\u00e1lez y Asociaici\u00f3n El Llac\u00edn.<\/p>\n<p><!--more--><\/p>\n<ul>\n<li>Noticia: <a href=\"https:\/\/www.elcomercio.es\/asturias\/arte-tradicion-ganadera-aunan-porrua-20210704171859-ga.html\">El Comercio<\/a> \/<a href=\"https:\/\/www.lne.es\/oriente\/2021\/07\/04\/porrua-bolas-saca-colores-rollos-54649369.html\"> LNE<\/a> \/ <a href=\"https:\/\/www.fotograficaoviedo.com\/2021\/07\/06\/porrua-en-bolas-y-a-todo-color\/\">Fotogr\u00e1fica<\/a> \/ <a href=\"https:\/\/www.ondacero.es\/emisoras\/asturias\/noticias\/nace-encuentro-artistico-porrua-bolas_2021062960dabd3e2b3eb500010c8ec6.html\">Onda Cero<\/a> \/<\/li>\n<\/ul>\n<p><a href=\"https:\/\/static1.elcomercio.es\/www\/multimedia\/202107\/04\/media\/GALERIA-porrua\/bolas-porrua%20(6).jpg\"><img loading=\"lazy\" decoding=\"async\" class=\"alignnone\" src=\"https:\/\/static1.elcomercio.es\/www\/multimedia\/202107\/04\/media\/GALERIA-porrua\/bolas-porrua%20(6).jpg\" alt=\"\" width=\"1374\" height=\"916\" \/><\/a><\/p>\n<p>Tratase d&#8217;un alcuentru art\u00edsticu que pretende tami\u00e9n ser una cita cultural y social para reivindicar y poner en valor la tradici\u00f3n ganadera, fuertemente enraigonada en Porr\u00faa, y los nuevos escenarios para l&#8217;arte, abandonando los llenzos tradicionales de les pintures tresllad\u00e1ndoles a boles de silu. Esposici\u00f3n mientres tol branu.<\/p>\n<p>Artistes como Sandra Estrada, Frodo \u00c1lvarez, Mariana Fano, Nieves Gonz\u00e1lez, Mar\u00eda Pe\u00f1a Coto, Mario M. Mart\u00ednez, Ms Hyde, Kiko Miyares, Javier Sotu y COVCO, toos ellos afincaos n&#8217;Asturies.<\/p>\n<p>Semeyes: Maite Lobeto<\/p>\n\n<!-- iframe plugin v.6.0 wordpress.org\/plugins\/iframe\/ -->\n<iframe loading=\"lazy\" src=\"https:\/\/www.facebook.com\/plugins\/post.php?href=https%3A%2F%2Fwww.facebook.com%2FGUIATURISMOASTURIAS%2Fphotos%2Fa.620819487969518%2F4310820862302677%2F%3Ftype%3D3&#038;show_text=true&#038;width=500\" width=\"500\" height=\"498\" style=\"border:none;overflow:hidden\" scrolling=\"no\" frameborder=\"0\" allowfullscreen=\"true\" allow=\"autoplay; clipboard-write; encrypted-media; picture-in-picture; web-share\" 0=\"\/iframe\" class=\"iframe-class\"><\/iframe>\n\n<p><a href=\"https:\/\/image.ondacero.es\/clipping\/cmsimages01\/2021\/07\/02\/1FAF9F23-A68E-4883-BE35-6FFE3893A512\/69.jpg\"><img loading=\"lazy\" decoding=\"async\" class=\"aligncenter\" src=\"https:\/\/image.ondacero.es\/clipping\/cmsimages01\/2021\/07\/02\/1FAF9F23-A68E-4883-BE35-6FFE3893A512\/69.jpg\" alt=\"\" width=\"447\" height=\"252\" \/><\/a><\/p>\n","protected":false},"excerpt":{"rendered":"<p>Los d\u00edes 3 y 4 de xunetu van celebrar el \u00abPorr\u00faa en Boles\u00bb, una intervenci\u00f3n art\u00edstica sobro les boles de silu. Con esta activid\u00e1 pretenden, per una parte, homenaxar a toos los nuesos ganaderos y ganaderes y por otra, sacar al arte de los sos soportes habituales. Iniciativa de Nieves Gonz\u00e1lez y Asociaici\u00f3n El Llac\u00edn.<\/p>\n","protected":false},"author":117,"featured_media":0,"comment_status":"open","ping_status":"open","sticky":false,"template":"","format":"standard","meta":{"footnotes":""},"categories":[89],"tags":[],"class_list":["post-7697","post","type-post","status-publish","format-standard","hentry","category-arte"],"_links":{"self":[{"href":"https:\/\/edublog.educastur.es\/ixuxu\/wp-json\/wp\/v2\/posts\/7697","targetHints":{"allow":["GET"]}}],"collection":[{"href":"https:\/\/edublog.educastur.es\/ixuxu\/wp-json\/wp\/v2\/posts"}],"about":[{"href":"https:\/\/edublog.educastur.es\/ixuxu\/wp-json\/wp\/v2\/types\/post"}],"author":[{"embeddable":true,"href":"https:\/\/edublog.educastur.es\/ixuxu\/wp-json\/wp\/v2\/users\/117"}],"replies":[{"embeddable":true,"href":"https:\/\/edublog.educastur.es\/ixuxu\/wp-json\/wp\/v2\/comments?post=7697"}],"version-history":[{"count":7,"href":"https:\/\/edublog.educastur.es\/ixuxu\/wp-json\/wp\/v2\/posts\/7697\/revisions"}],"predecessor-version":[{"id":7699,"href":"https:\/\/edublog.educastur.es\/ixuxu\/wp-json\/wp\/v2\/posts\/7697\/revisions\/7699"}],"wp:attachment":[{"href":"https:\/\/edublog.educastur.es\/ixuxu\/wp-json\/wp\/v2\/media?parent=7697"}],"wp:term":[{"taxonomy":"category","embeddable":true,"href":"https:\/\/edublog.educastur.es\/ixuxu\/wp-json\/wp\/v2\/categories?post=7697"},{"taxonomy":"post_tag","embeddable":true,"href":"https:\/\/edublog.educastur.es\/ixuxu\/wp-json\/wp\/v2\/tags?post=7697"}],"curies":[{"name":"wp","href":"https:\/\/api.w.org\/{rel}","templated":true}]}}