{"id":7779,"date":"2021-07-09T17:01:33","date_gmt":"2021-07-09T15:01:33","guid":{"rendered":"https:\/\/edublog.educastur.es\/ixuxu\/?p=7779"},"modified":"2021-07-12T07:21:53","modified_gmt":"2021-07-12T05:21:53","slug":"el-calamar-fresa","status":"publish","type":"post","link":"https:\/\/edublog.educastur.es\/ixuxu\/2021\/07\/el-calamar-fresa\/","title":{"rendered":"El calamar fresa"},"content":{"rendered":"<p style=\"text-align: center\"><a href=\"https:\/\/arandano.lajornadamaya.mx\/img\/files\/Calamar%20fresa_2.jpg\"><img loading=\"lazy\" decoding=\"async\" class=\"alignnone\" src=\"https:\/\/arandano.lajornadamaya.mx\/img\/files\/Calamar%20fresa_2.jpg\" alt=\"\" width=\"571\" height=\"714\" \/><\/a><br \/>\nRecibe&#8217;l so nome por cuenta de\u00b4l\u00a0 so color rosa y la so piel cubierta de fot\u00f3foros o pequenos \u00f3rganos luminiscentes.<br \/>\nLa so traza m\u00e1s interesante ye l&#8217;asimetr\u00eda ocular, tien un g\u00fceyu pequenu y un g\u00fceyu estraordinariamente grande y fluorescente.<br \/>\n\u2063\u2063<\/p>\n<ul>\n<li>Semeya de Paul Caiger ?<\/li>\n<li><a href=\"https:\/\/www.facebook.com\/planetatierraBG\">Fonte: Planeta Tierra 8\/07\/21<\/a><\/li>\n<\/ul>\n<p><!--more--><\/p>\n<ul>\n<li>Noticies: <a href=\"https:\/\/www.vix.com\/es\/ciencia\/238009\/conoce-al-extrano-calamar-fresa-sus-ojos-desconcertaron-a-los-cientificos-por-anos\">calamar<\/a> \/ <a href=\"https:\/\/en.wikipedia.org\/wiki\/Histioteuthis_heteropsis\">Wiki<\/a> \/ <a href=\"https:\/\/www.google.com\/search?q=el+calamar+fresa&amp;client=firefox-b-d&amp;tbm=isch&amp;source=iu&amp;ictx=1&amp;fir=rhaBcf-HpUB0oM%252CHqf4HkTQSuvpgM%252C_&amp;vet=1&amp;usg=AI4_-kQIyztkV2Eg-O-e_FX5jmbqTDBohA&amp;sa=X&amp;ved=2ahUKEwjXyNa85NzxAhUr5uAKHYXLBiUQ9QF6BAgNEAE#imgrc=lzvG20lPlu6PQM\">m\u00e1s im\u00e1xenes&#8230;<\/a><\/li>\n<\/ul>\n<p>Hai un estra\u00f1u calamar que la so piel recuerda a la forma d&#8217;una fresa, pero ese nun ye la so traza m\u00e1s distintiva: los sos g\u00fceyos fueron un misteriu cient\u00edficu mientres a\u00f1os.<\/p>\n<p style=\"text-align: center\"><a href=\"https:\/\/img.vixdata.io\/pd\/webp-large\/es\/sites\/default\/files\/c\/calamar_luminoso_ojos.jpg\"><img loading=\"lazy\" decoding=\"async\" class=\"alignnone\" src=\"https:\/\/img.vixdata.io\/pd\/webp-large\/es\/sites\/default\/files\/c\/calamar_luminoso_ojos.jpg\" alt=\"\" width=\"793\" height=\"528\" \/><\/a><\/p>\n<p style=\"text-align: center\"><a href=\"https:\/\/img.vixdata.io\/pd\/webp-large\/es\/sites\/default\/files\/c\/calamar_nandando_en_las_profunidades.jpg\"><img loading=\"lazy\" decoding=\"async\" class=\"alignnone size-full\" src=\"https:\/\/img.vixdata.io\/pd\/webp-large\/es\/sites\/default\/files\/c\/calamar_nandando_en_las_profunidades.jpg\" width=\"793\" height=\"595\" \/><\/a><\/p>\n<p>Una d&#8217;elles ye <a href=\"https:\/\/en.wikipedia.org\/wiki\/Histioteuthis_heteropsis\"><span style=\"color: #008080\"><strong>Histioteuthis heteropsis<\/strong><\/span><\/a>, una especie de moluscu que tami\u00e9n ye llam\u00e1u calamar fresa o bizcu.<\/p>\n<p style=\"text-align: center\">\n<!-- iframe plugin v.6.0 wordpress.org\/plugins\/iframe\/ -->\n<iframe loading=\"lazy\" width=\"100%\" height=\"480\" src=\"https:\/\/www.youtube.com\/embed\/8VprMEAhWZ0\" 0=\"\/iframe\" scrolling=\"yes\" class=\"iframe-class\" frameborder=\"0\"><\/iframe>\n<\/p>\n","protected":false},"excerpt":{"rendered":"<p>Recibe&#8217;l so nome por cuenta de\u00b4l\u00a0 so color rosa y la so piel cubierta de fot\u00f3foros o pequenos \u00f3rganos luminiscentes. La so traza m\u00e1s interesante ye l&#8217;asimetr\u00eda ocular, tien un g\u00fceyu pequenu y un g\u00fceyu estraordinariamente grande y fluorescente. \u2063\u2063 Semeya de Paul Caiger ? Fonte: Planeta Tierra 8\/07\/21<\/p>\n","protected":false},"author":117,"featured_media":0,"comment_status":"open","ping_status":"open","sticky":false,"template":"","format":"standard","meta":{"footnotes":""},"categories":[4],"tags":[],"class_list":["post-7779","post","type-post","status-publish","format-standard","hentry","category-natura"],"_links":{"self":[{"href":"https:\/\/edublog.educastur.es\/ixuxu\/wp-json\/wp\/v2\/posts\/7779","targetHints":{"allow":["GET"]}}],"collection":[{"href":"https:\/\/edublog.educastur.es\/ixuxu\/wp-json\/wp\/v2\/posts"}],"about":[{"href":"https:\/\/edublog.educastur.es\/ixuxu\/wp-json\/wp\/v2\/types\/post"}],"author":[{"embeddable":true,"href":"https:\/\/edublog.educastur.es\/ixuxu\/wp-json\/wp\/v2\/users\/117"}],"replies":[{"embeddable":true,"href":"https:\/\/edublog.educastur.es\/ixuxu\/wp-json\/wp\/v2\/comments?post=7779"}],"version-history":[{"count":7,"href":"https:\/\/edublog.educastur.es\/ixuxu\/wp-json\/wp\/v2\/posts\/7779\/revisions"}],"predecessor-version":[{"id":7844,"href":"https:\/\/edublog.educastur.es\/ixuxu\/wp-json\/wp\/v2\/posts\/7779\/revisions\/7844"}],"wp:attachment":[{"href":"https:\/\/edublog.educastur.es\/ixuxu\/wp-json\/wp\/v2\/media?parent=7779"}],"wp:term":[{"taxonomy":"category","embeddable":true,"href":"https:\/\/edublog.educastur.es\/ixuxu\/wp-json\/wp\/v2\/categories?post=7779"},{"taxonomy":"post_tag","embeddable":true,"href":"https:\/\/edublog.educastur.es\/ixuxu\/wp-json\/wp\/v2\/tags?post=7779"}],"curies":[{"name":"wp","href":"https:\/\/api.w.org\/{rel}","templated":true}]}}