{"id":78049,"date":"2026-09-01T09:45:58","date_gmt":"2026-09-01T07:45:58","guid":{"rendered":"https:\/\/edublog.educastur.es\/ixuxu\/?p=78049"},"modified":"2026-09-02T22:42:43","modified_gmt":"2026-09-02T20:42:43","slug":"el-festival-el-pueblo-en-rusecu-sobrescobiu","status":"publish","type":"post","link":"https:\/\/edublog.educastur.es\/ixuxu\/2026\/09\/el-festival-el-pueblo-en-rusecu-sobrescobiu\/","title":{"rendered":"El festival El Pueblo, en Rusecu (Sobrescobiu)"},"content":{"rendered":"<p>El festival El Pueblo, un proyectu que cunta col impulsu fundamental de Princip\u00e1u d\u2019Asturies, va celebrar la so segunda edici\u00f3n en Rusecu (Sobrescobiu) <strong>los d\u00edes 12 y 13 de setiembre del 2026<\/strong>, col eslogan <span style=\"color: #008080\"><strong>\u201cOnde naz l\u2019agua vive El Pueblu\u201d<\/strong><\/span>. Tres d\u2019una primer edici\u00f3n en Castropol, que consolid\u00f3\u2019l proyectu como un espaciu d\u2019alcuentru y celebraci\u00f3n del mundu rural, el festival sigue\u2019l so calter itinerante y tresll\u00e1dase esti a\u00f1u al coraz\u00f3n del Parque Natural de Redes, territoriu d\u2019orixe, agua y naturaleza viva.<\/p>\n<p style=\"text-align: center\"><a href=\"https:\/\/xixonaldia.com\/wp-content\/uploads\/2026\/06\/unnamed-1448x2048.jpg\"><img loading=\"lazy\" decoding=\"async\" class=\"aligncenter \" src=\"https:\/\/xixonaldia.com\/wp-content\/uploads\/2026\/06\/unnamed-1448x2048.jpg\" width=\"822\" height=\"1163\" \/><\/a><\/p>\n<p><!--more--><\/p>\n<p><strong>La programaci\u00f3n musical del 2026 axunta a dalgunos de los nomes m\u00e1s destacaos de la escena nacional<\/strong>. Xoel L\u00f3pez, una de les voces m\u00e1s influyentes del pop alternativu n\u2019Espa\u00f1a, va encabezar el cartelu con un directu qu\u2019entemez raiga\u00f1u, modernid\u00e1 y una conex\u00f3n especial col territoriu, va tar presentando\u2019l so nuevu \u00e1lbum Oniria popular. Con \u00e9l, Baiuca, referente de la electr\u00f3nica d\u2019inspiraci\u00f3n tradicional gallega, va presentar la so propuesta de folktr\u00f3nica que conquist\u00f3 festivales internacionales. Completen los principales nomes Los Punsetes, iconos del indie espa\u00f1ol col so inconfundible amiestu d\u2019iron\u00eda y contundencia, y Karavana, una de les bandes nueves m\u00e1s en\u00e9rxiques del panorama actual, acompa\u00f1aos por propuestes emerxentes y locales como Anabel Lee, Catalina Grande Pi\u00f1\u00f3n Peque\u00f1u, Aldhara, Los Acebos, La Mala Dentro y Las Hijas de Chimo Bayo.<\/p>\n<p>Tami\u00e9n va haber g\u00fcecu pa m\u00fasica electr\u00f3nica n\u2019El Pueblu 2026, con una sesi\u00f3n na que van participar Yamil, H\u00e9ctor Llamazares, Chanin, Danicat y Muten-T, y mientres la mesma, l\u2019artista asturianu Herny va realizar una obra en directu: La llegada del Busgosu.<\/p>\n<p>Una programaci\u00f3n diversa que combina m\u00fasica independiente, electr\u00f3nica, pop alternativu y talentu asturianu. Pero El Pueblo, nun ye nam\u00e1s m\u00fasica, am\u00e1s de los conciertos, ufi\u00e9rtase un ampliu programa d\u2019actividaes culturales, familiares y de bienestar. Ente elles destaquen sesiones de yoga con Betty Ewan, un merc\u00e1u de productos asturianos, actividaes infantiles como pintacares, talleres, gymkana, xuegos tradicionales, asina como teatru, esposici\u00f3n fotogr\u00e1fica y un preg\u00f3n sorpresa que se va desvelar nos d\u00edes previos al eventu. Estos d\u00edes am\u00e1s podr\u00e1 disfrutase en Sobrescobiu de piscina, turismu activu, foodtrucks y la gastronom\u00eda de los sos chigres y restoranes.<\/p>\n","protected":false},"excerpt":{"rendered":"<p>El festival El Pueblo, un proyectu que cunta col impulsu fundamental de Princip\u00e1u d\u2019Asturies, va celebrar la so segunda edici\u00f3n en Rusecu (Sobrescobiu) los d\u00edes 12 y 13 de setiembre del 2026, col eslogan \u201cOnde naz l\u2019agua vive El Pueblu\u201d. Tres d\u2019una primer edici\u00f3n en Castropol, que consolid\u00f3\u2019l proyectu como un espaciu d\u2019alcuentru y celebraci\u00f3n [&hellip;]<\/p>\n","protected":false},"author":117,"featured_media":0,"comment_status":"closed","ping_status":"closed","sticky":false,"template":"","format":"standard","meta":{"footnotes":""},"categories":[204,35],"tags":[],"class_list":["post-78049","post","type-post","status-publish","format-standard","hentry","category-festivales","category-musica"],"_links":{"self":[{"href":"https:\/\/edublog.educastur.es\/ixuxu\/wp-json\/wp\/v2\/posts\/78049","targetHints":{"allow":["GET"]}}],"collection":[{"href":"https:\/\/edublog.educastur.es\/ixuxu\/wp-json\/wp\/v2\/posts"}],"about":[{"href":"https:\/\/edublog.educastur.es\/ixuxu\/wp-json\/wp\/v2\/types\/post"}],"author":[{"embeddable":true,"href":"https:\/\/edublog.educastur.es\/ixuxu\/wp-json\/wp\/v2\/users\/117"}],"replies":[{"embeddable":true,"href":"https:\/\/edublog.educastur.es\/ixuxu\/wp-json\/wp\/v2\/comments?post=78049"}],"version-history":[{"count":1,"href":"https:\/\/edublog.educastur.es\/ixuxu\/wp-json\/wp\/v2\/posts\/78049\/revisions"}],"predecessor-version":[{"id":78050,"href":"https:\/\/edublog.educastur.es\/ixuxu\/wp-json\/wp\/v2\/posts\/78049\/revisions\/78050"}],"wp:attachment":[{"href":"https:\/\/edublog.educastur.es\/ixuxu\/wp-json\/wp\/v2\/media?parent=78049"}],"wp:term":[{"taxonomy":"category","embeddable":true,"href":"https:\/\/edublog.educastur.es\/ixuxu\/wp-json\/wp\/v2\/categories?post=78049"},{"taxonomy":"post_tag","embeddable":true,"href":"https:\/\/edublog.educastur.es\/ixuxu\/wp-json\/wp\/v2\/tags?post=78049"}],"curies":[{"name":"wp","href":"https:\/\/api.w.org\/{rel}","templated":true}]}}