{"id":78098,"date":"2026-09-01T10:00:57","date_gmt":"2026-09-01T08:00:57","guid":{"rendered":"https:\/\/edublog.educastur.es\/ixuxu\/?p=78098"},"modified":"2026-09-01T13:33:30","modified_gmt":"2026-09-01T11:33:30","slug":"asturies-un-de-los-grandes-puntos-dalcuentru-de-les-artes-esceniques-del-norte-peninsular","status":"publish","type":"post","link":"https:\/\/edublog.educastur.es\/ixuxu\/2026\/09\/asturies-un-de-los-grandes-puntos-dalcuentru-de-les-artes-esceniques-del-norte-peninsular\/","title":{"rendered":"Asturies, puntu d\u2019alcuentru de les artes esc\u00e9niques del norte peninsular."},"content":{"rendered":"<p style=\"text-align: center\"><a href=\"https:\/\/actualidad.asturias.es\/documents\/537115\/3328730\/Cartel+Sergio+Llunik.jpeg\/70ffe5b0-84c2-9385-be49-ff77ba092fba?t=1782389672949\"><img loading=\"lazy\" decoding=\"async\" class=\"aligncenter \" src=\"https:\/\/actualidad.asturias.es\/documents\/537115\/3328730\/Cartel+Sergio+Llunik.jpeg\/70ffe5b0-84c2-9385-be49-ff77ba092fba?t=1782389672949\" width=\"551\" height=\"689\" \/><\/a><\/p>\n<p>\ud83c\udfad\u00a0 La conseyera de Cultura, Pol\u00edtica Lling\u00fc\u00edstica y Deporte, Vanessa Guti\u00e9rrez, present\u00f3 g\u00fcei <strong>la octava edici\u00f3n de _Cam\u00edn Escena Norte_<\/strong>, el programa d\u2019intercambiu cultural que conecta, al travi\u00e9s de les artes esc\u00e9niques, Asturies, Galicia, Cantabria, Euskadi, Navarra y La Rioxa.<\/p>\n<p><!--more--><\/p>\n<p><strong>Del 18 de setiembre al 15 de payares<\/strong>, el proyectu va axuntar a 18 compa\u00f1\u00edes con propuestes de teatru, danza, circu, maxa y artes del movimientu. Asturies va ser am\u00e1s territoriu protagonista del FOCO 2026 y va acoyer en Xix\u00f3n, del 21 al 23 de setiembre, _Habitaci\u00f3n Peregrina PRO_, una cita clave pa la coproducci\u00f3n y la distribuci\u00f3n esc\u00e9nica del norte peninsular. Tola informaci\u00f3n equ\u00ed: <a href=\"https:\/\/actualidad.asturias.es\/-\/escena-norte256\">https:\/\/actualidad.asturias.es\/-\/escena-norte256<\/a><\/p>\n<p>&nbsp;<\/p>\n<p style=\"text-align: center\"><span class=\"x193iq5w xeuugli x13faqbe x1vvkbs x1xmvt09 x1lliihq x1s928wv xhkezso x1gmr53x x1cpjm7i x1fgarty x1943h6x xudqn12 x3x7a5m x1f6kntn xvq8zen xo1l8bm xzsf02u\" dir=\"auto\"><span class=\"x193iq5w xeuugli x13faqbe x1vvkbs xt0psk2 x1i0vuye xvs91rp xo1l8bm x5n08af x10wh9bi xpm28yp x8viiok x1o7cslx x126k92a\"><span class=\"html-span xexx8yu x4uap5 x18d9i69 xkhd6sd x1hl2dhg x16tdsg8 x1vvkbs x3nfvp2 x1j61x8r x1fcty0u xdj266r xat24cr xgzva0m xhhsvwb xxymvpz xlup9mm x1kky2od\">\n<!-- iframe plugin v.6.0 wordpress.org\/plugins\/iframe\/ -->\n<iframe loading=\"lazy\" src=\"https:\/\/www.instagram.com\/reels\/DaBVg3KII-k\/embed\" width=\"460\" height=\"660\" 0=\"\/iframe\" scrolling=\"yes\" class=\"iframe-class\" frameborder=\"0\"><\/iframe>\n<\/span><\/span><\/span><\/p>\n<p style=\"text-align: center\"><a href=\"https:\/\/actualidad.asturias.es\/documents\/537115\/3328730\/2026_06_25+escena+2.jpg\/9ec3058a-9c20-5e73-4beb-6a880c58c412?t=1782389672503\"><img loading=\"lazy\" decoding=\"async\" class=\"aligncenter \" src=\"https:\/\/actualidad.asturias.es\/documents\/537115\/3328730\/2026_06_25+escena+2.jpg\/9ec3058a-9c20-5e73-4beb-6a880c58c412?t=1782389672503\" width=\"889\" height=\"647\" \/><\/a><\/p>\n<p>Del 18 de setiembre al 15 de payares, Camino Escena Norte va axuntar a 18 compa\u00f1\u00edes de los seis territorios participantes n&#8217;una programaci\u00f3n que va amosar parte de la producci\u00f3n esc\u00e9nica profesional m\u00e1s destacada del norte peninsular, con <strong>propuestes de teatru, danza, circu contemporaneu, artes del movimientu, maxa y espect\u00e1culos empobinaos tantu a p\u00fablicu familiar como adultu.<\/strong><\/p>\n<p>Unu de los principales finxos d&#8217;esta edici\u00f3n va ser <strong>la celebraci\u00f3n en Llaboral Ciud\u00e1 de la Cultura, en Xix\u00f3<\/strong>n, del alcuentru profesional <strong>Habitaci\u00f3n Pelegrina PRO<\/strong>, que va tener llugar <strong>del 21 al 23 de setiembre<\/strong>. Esta cita, consolidada como xuno de los principales espacios d&#8217;alcuentru profesional de les artes esc\u00e9niques del norte, va poner el focu na coproducci\u00f3n interterritorial y en nueves v\u00edes de distribuci\u00f3n y collaboraci\u00f3n ente compa\u00f1\u00edes, programadores y axentes culturales.<\/p>\n<p>Guti\u00e9rrez destac\u00f3 que la celebraci\u00f3n n&#8217;Asturies del eventu supon una reconocencia al dinamismu y la calid\u00e1 del sector esc\u00e9nicu asturianu, seg\u00fan a la so capacid\u00e1 pa xenerar propuestes s\u00f3lides y fortalecer redes de collaboraci\u00f3n dientro y fora de la comunid\u00e1.<\/p>\n<p style=\"text-align: center\"><a class=\"x1i10hfl xjbqb8w x1ejq31n x18oe1m7 x1sy0etr xstzfhl x972fbf x10w94by x1qhh985 x14e42zd x9f619 x1ypdohk xt0psk2 x3ct3a4 xdj266r x14z9mp xat24cr x1lziwak xexx8yu xyri2b x18d9i69 x1c1uobl x16tdsg8 x1hl2dhg xggy1nq x1a2a7pz x1roi4f4 xvs91rp xewkx91 _aa9_ _a6hd\" role=\"link\" href=\"https:\/\/www.instagram.com\/explore\/tags\/cam%C3%ADnescenanorte\/\">#Cam\u00ednEscenaNorte<\/a> <a class=\"x1i10hfl xjbqb8w x1ejq31n x18oe1m7 x1sy0etr xstzfhl x972fbf x10w94by x1qhh985 x14e42zd x9f619 x1ypdohk xt0psk2 x3ct3a4 xdj266r x14z9mp xat24cr x1lziwak xexx8yu xyri2b x18d9i69 x1c1uobl x16tdsg8 x1hl2dhg xggy1nq x1a2a7pz x1roi4f4 xvs91rp xewkx91 _aa9_ _a6hd\" role=\"link\" href=\"https:\/\/www.instagram.com\/explore\/tags\/artesesc%C3%A9niques\/\">#ArtesEsc\u00e9niques<\/a> <a class=\"x1i10hfl xjbqb8w x1ejq31n x18oe1m7 x1sy0etr xstzfhl x972fbf x10w94by x1qhh985 x14e42zd x9f619 x1ypdohk xt0psk2 x3ct3a4 xdj266r x14z9mp xat24cr x1lziwak xexx8yu xyri2b x18d9i69 x1c1uobl x16tdsg8 x1hl2dhg xggy1nq x1a2a7pz x1roi4f4 xvs91rp xewkx91 _aa9_ _a6hd\" role=\"link\" href=\"https:\/\/www.instagram.com\/explore\/tags\/culturaasturies\/\">#CulturaAsturies<\/a><\/p>\n<p style=\"text-align: center\"><a href=\"https:\/\/actualidad.asturias.es\/documents\/537115\/3328730\/2026_06_25+escena+1+.jpg\/a54e531f-195a-2286-b8ea-5668e6944f28?t=1782389672615\"><img loading=\"lazy\" decoding=\"async\" class=\"aligncenter size-large\" src=\"https:\/\/actualidad.asturias.es\/documents\/537115\/3328730\/2026_06_25+escena+1+.jpg\/a54e531f-195a-2286-b8ea-5668e6944f28?t=1782389672615\" width=\"5575\" height=\"3141\" \/><\/a><\/p>\n","protected":false},"excerpt":{"rendered":"<p>\ud83c\udfad\u00a0 La conseyera de Cultura, Pol\u00edtica Lling\u00fc\u00edstica y Deporte, Vanessa Guti\u00e9rrez, present\u00f3 g\u00fcei la octava edici\u00f3n de _Cam\u00edn Escena Norte_, el programa d\u2019intercambiu cultural que conecta, al travi\u00e9s de les artes esc\u00e9niques, Asturies, Galicia, Cantabria, Euskadi, Navarra y La Rioxa.<\/p>\n","protected":false},"author":117,"featured_media":0,"comment_status":"closed","ping_status":"closed","sticky":false,"template":"","format":"standard","meta":{"footnotes":""},"categories":[38,82],"tags":[],"class_list":["post-78098","post","type-post","status-publish","format-standard","hentry","category-cultura","category-teatru"],"_links":{"self":[{"href":"https:\/\/edublog.educastur.es\/ixuxu\/wp-json\/wp\/v2\/posts\/78098","targetHints":{"allow":["GET"]}}],"collection":[{"href":"https:\/\/edublog.educastur.es\/ixuxu\/wp-json\/wp\/v2\/posts"}],"about":[{"href":"https:\/\/edublog.educastur.es\/ixuxu\/wp-json\/wp\/v2\/types\/post"}],"author":[{"embeddable":true,"href":"https:\/\/edublog.educastur.es\/ixuxu\/wp-json\/wp\/v2\/users\/117"}],"replies":[{"embeddable":true,"href":"https:\/\/edublog.educastur.es\/ixuxu\/wp-json\/wp\/v2\/comments?post=78098"}],"version-history":[{"count":4,"href":"https:\/\/edublog.educastur.es\/ixuxu\/wp-json\/wp\/v2\/posts\/78098\/revisions"}],"predecessor-version":[{"id":86672,"href":"https:\/\/edublog.educastur.es\/ixuxu\/wp-json\/wp\/v2\/posts\/78098\/revisions\/86672"}],"wp:attachment":[{"href":"https:\/\/edublog.educastur.es\/ixuxu\/wp-json\/wp\/v2\/media?parent=78098"}],"wp:term":[{"taxonomy":"category","embeddable":true,"href":"https:\/\/edublog.educastur.es\/ixuxu\/wp-json\/wp\/v2\/categories?post=78098"},{"taxonomy":"post_tag","embeddable":true,"href":"https:\/\/edublog.educastur.es\/ixuxu\/wp-json\/wp\/v2\/tags?post=78098"}],"curies":[{"name":"wp","href":"https:\/\/api.w.org\/{rel}","templated":true}]}}