{"id":7885,"date":"2021-07-19T17:32:53","date_gmt":"2021-07-19T15:32:53","guid":{"rendered":"https:\/\/edublog.educastur.es\/ixuxu\/?p=7885"},"modified":"2021-07-19T17:33:54","modified_gmt":"2021-07-19T15:33:54","slug":"cuentu-la-historia-dun-superarbol","status":"publish","type":"post","link":"https:\/\/edublog.educastur.es\/ixuxu\/2021\/07\/cuentu-la-historia-dun-superarbol\/","title":{"rendered":"Cuentu: La historia d&#8217;un super\u00e1rbol"},"content":{"rendered":"<p><span class=\"d2edcug0 hpfvmrgz qv66sw1b c1et5uql lr9zc1uh a8c37x1j keod5gw0 nxhoafnm aigsh9s9 d3f4x2em fe6kdd0r mau55g9w c8b282yb iv3no6db jq4qci2q a3bd9o3v knj5qynh oo9gr5id hzawbc8m\" dir=\"auto\"><span class=\"d2edcug0 hpfvmrgz qv66sw1b c1et5uql lr9zc1uh a8c37x1j keod5gw0 nxhoafnm aigsh9s9 ns63r2gh fe6kdd0r mau55g9w c8b282yb rwim8176 o3w64lxj b2s5l15y hnhda86s oo9gr5id hzawbc8m\" dir=\"auto\"><span class=\"a8c37x1j ni8dbmo4 stjgntxs l9j0dhe7 r8blr3vg\">Cuentos de trazu sueltu | La historia d&#8217;un super\u00e1rbol<\/span><\/span><\/span><\/p>\n<p style=\"text-align: center\">\n<!-- iframe plugin v.6.0 wordpress.org\/plugins\/iframe\/ -->\n<iframe loading=\"lazy\" src=\"https:\/\/www.facebook.com\/plugins\/video.php?height=314&#038;href=https%3A%2F%2Fwww.facebook.com%2FPlayPresta%2Fvideos%2F840017050285170%2F&#038;show_text=false&#038;width=560&#038;t=0\" width=\"560\" height=\"314\" 0=\"\/iframe\" scrolling=\"yes\" class=\"iframe-class\" frameborder=\"0\"><\/iframe>\n<\/p>\n<p style=\"text-align: center\"><span class=\"d2edcug0 hpfvmrgz qv66sw1b c1et5uql lr9zc1uh a8c37x1j keod5gw0 nxhoafnm aigsh9s9 d3f4x2em fe6kdd0r mau55g9w c8b282yb iv3no6db jq4qci2q a3bd9o3v knj5qynh oo9gr5id hzawbc8m\" dir=\"auto\">Esti \u00e1rbol tan ruin convirti\u00f3se nun \u00e1rbol m\u00e1xicu gracies a una bruxa bona de la viesca.<\/span><\/p>\n<p>&nbsp;<\/p>\n","protected":false},"excerpt":{"rendered":"<p>Cuentos de trazu sueltu | La historia d&#8217;un super\u00e1rbol Esti \u00e1rbol tan ruin convirti\u00f3se nun \u00e1rbol m\u00e1xicu gracies a una bruxa bona de la viesca. &nbsp;<\/p>\n","protected":false},"author":117,"featured_media":0,"comment_status":"open","ping_status":"open","sticky":false,"template":"","format":"video","meta":{"footnotes":""},"categories":[7],"tags":[],"class_list":["post-7885","post","type-post","status-publish","format-video","hentry","category-cuentos","post_format-post-format-video"],"_links":{"self":[{"href":"https:\/\/edublog.educastur.es\/ixuxu\/wp-json\/wp\/v2\/posts\/7885","targetHints":{"allow":["GET"]}}],"collection":[{"href":"https:\/\/edublog.educastur.es\/ixuxu\/wp-json\/wp\/v2\/posts"}],"about":[{"href":"https:\/\/edublog.educastur.es\/ixuxu\/wp-json\/wp\/v2\/types\/post"}],"author":[{"embeddable":true,"href":"https:\/\/edublog.educastur.es\/ixuxu\/wp-json\/wp\/v2\/users\/117"}],"replies":[{"embeddable":true,"href":"https:\/\/edublog.educastur.es\/ixuxu\/wp-json\/wp\/v2\/comments?post=7885"}],"version-history":[{"count":3,"href":"https:\/\/edublog.educastur.es\/ixuxu\/wp-json\/wp\/v2\/posts\/7885\/revisions"}],"predecessor-version":[{"id":7888,"href":"https:\/\/edublog.educastur.es\/ixuxu\/wp-json\/wp\/v2\/posts\/7885\/revisions\/7888"}],"wp:attachment":[{"href":"https:\/\/edublog.educastur.es\/ixuxu\/wp-json\/wp\/v2\/media?parent=7885"}],"wp:term":[{"taxonomy":"category","embeddable":true,"href":"https:\/\/edublog.educastur.es\/ixuxu\/wp-json\/wp\/v2\/categories?post=7885"},{"taxonomy":"post_tag","embeddable":true,"href":"https:\/\/edublog.educastur.es\/ixuxu\/wp-json\/wp\/v2\/tags?post=7885"}],"curies":[{"name":"wp","href":"https:\/\/api.w.org\/{rel}","templated":true}]}}