{"id":7937,"date":"2021-07-17T10:00:00","date_gmt":"2021-07-17T08:00:00","guid":{"rendered":"https:\/\/edublog.educastur.es\/ixuxu\/?p=7937"},"modified":"2021-07-21T17:37:43","modified_gmt":"2021-07-21T15:37:43","slug":"dia-del-emoji","status":"publish","type":"post","link":"https:\/\/edublog.educastur.es\/ixuxu\/2021\/07\/dia-del-emoji\/","title":{"rendered":"D\u00eda del Emoji"},"content":{"rendered":"<div class=\"\" dir=\"auto\">\n<div class=\"\" dir=\"auto\">\n<div class=\"ecm0bbzt hv4rvrfc ihqw7lf3 dati1w0a\" data-ad-comet-preview=\"message\" data-ad-preview=\"message\">\n<div class=\"j83agx80 cbu4d94t ew0dbk1b irj2b8pg\">\n<div class=\"qzhwtbm6 knvmm38d\">\n<div class=\"kvgmc6g5 cxmmr5t8 oygrvhab hcukyx3x c1et5uql ii04i59q\"><\/div>\n<div class=\"o9v6fnle cxmmr5t8 oygrvhab hcukyx3x c1et5uql ii04i59q\">\n<div dir=\"auto\" style=\"text-align: center\"><a href=\"https:\/\/www.elobservadordelcentro.com\/media\/k2\/items\/cache\/39a2b5071044c31b55f0ca6447e5002e_XL.jpg\"><img loading=\"lazy\" decoding=\"async\" class=\"alignnone\" src=\"https:\/\/www.elobservadordelcentro.com\/media\/k2\/items\/cache\/39a2b5071044c31b55f0ca6447e5002e_XL.jpg\" alt=\"\" width=\"407\" height=\"442\" \/><\/a><\/div>\n<\/div>\n<ul>\n<li><strong><span style=\"font-size: 20px\"><em><span style=\"color: #008080\">\u201dN\u00f3s, los pueblos\u00bb&#8230;<\/span><\/em><\/span><\/strong><\/li>\n<\/ul>\n<p>L\u00b4ONU trabaya para toos, perdayuri: ayudando a combatir la crisis de la COVID19, promoviendo la paz y la segurid\u00e1, pol llogru de los OxetivosMundiales y el respetu de los derechos humanos.<\/p>\n<ul>\n<li><a href=\"https:\/\/www.un.org\/es\/essential-un\/\">Conoz m\u00e1s sobro&#8217;l trabayu de l\u00b4ONU<\/a><\/li>\n<li><a href=\"https:\/\/es.wikipedia.org\/wiki\/D%C3%ADa_mundial_del_emoji\">D\u00eda Mundial del Emoji<\/a><\/li>\n<\/ul>\n<p>El d\u00eda mundial del emoji (N&#8217;ingl\u00e9s: World Emoji Day) ye una fiesta non oficial celebrada&#8217;l 17 de xunetu.1\u200b2\u200b El d\u00eda consid\u00e9rase una \u00abcelebraci\u00f3n mundial del emoji\u00bb \u200b y cel\u00e9brase a\u00f1almente dende 2014 \u200b con eventos emoji y llanzamientu de productos.\u200b<\/p>\n<p><!--more--><\/p>\n<p style=\"text-align: center\"><a href=\"https:\/\/s1.eestatic.com\/2017\/07\/17\/actualidad\/actualidad_231990514_129960117_1706x960.jpg\"><img loading=\"lazy\" decoding=\"async\" class=\"aligncenter\" src=\"https:\/\/s1.eestatic.com\/2017\/07\/17\/actualidad\/actualidad_231990514_129960117_1706x960.jpg\" alt=\"\" width=\"480\" height=\"270\" \/><\/a><\/p>\n<ul>\n<li><a href=\"https:\/\/www.elespanol.com\/omicrono\/software\/20170717\/celebra-hoy-dia-mundial-emoji-curiosidades-worldemojiday\/231977765_0.html\">Fonte noticia: El Espa\u00f1ol<\/a><\/li>\n<li><a href=\"https:\/\/emojipedia.org\/\">Emojipedia<\/a><\/li>\n<\/ul>\n<p>Los emojis o emoticonos conquistaron les nueses conversaciones nos \u00faltimos a\u00f1os y raru ser\u00eda atopar a daqui\u00e9n que nun utilice dalgunos d&#8217;ellos nel so d\u00eda a d\u00eda, sobremanera tres el boom de les redes sociales y les aplicaciones de mensaxer\u00eda instant\u00e1nea que toos llevamos nos nuesos bolsos.<\/p>\n<\/div>\n<\/div>\n<\/div>\n<\/div>\n<\/div>\n<p>Ente tolos emojis esistentes tami\u00e9n ta&#8217;l emoji de calendariu, qu&#8217;entr\u00f3 a formar parte del est\u00e1ndar Unicode 6.0 en 2010. El motivu pol que se celebra esti d\u00eda&#8217;l 17 de xunetu ye pol dise\u00f1u del emoji nos sistemes d&#8217;Apple, qu&#8217;amuesa xusto esa fecha.<\/p>\n<p>L&#8217;inconveniente ye y\u00e1 toos conocemos ye que non tolos sistemes operativos o fabricantes de dispositivos utilicen el mesmu dise\u00f1u pal mesmu*emoji. Asina, por casu, Apple, Google, Mozilla o EmojiOne s\u00ed tienen el 17 de xunetu, pero en Facebook apaez un d\u00eda 3 (ensin mes), en Twitter un 21 de marzu (el d\u00eda en que Jack Dorsey escrib\u00eda&#8217;l primera tuit de la hestoria), LG tien un 27 de marzu y otros como Samsung, Microsoft o HTC directamente nun tienen un d\u00eda concretu, solo ye la forma del calendariu.<\/p>\n<p style=\"text-align: center\"><a href=\"https:\/\/s1.eestatic.com\/2017\/07\/17\/actualidad\/actualidad_231990516_129960172_1100x313.jpg\"><img loading=\"lazy\" decoding=\"async\" class=\"alignnone\" src=\"https:\/\/s1.eestatic.com\/2017\/07\/17\/actualidad\/actualidad_231990516_129960172_1100x313.jpg\" alt=\"\" width=\"1100\" height=\"313\" \/><\/a><\/p>\n<p>Si quies afayar los distintos dise\u00f1os de los emojis a lo llargo del tiempu y ente sistemes, la<a href=\"https:\/\/emojipedia.org\/\"><span style=\"color: #008080\"><strong> EmojiPedia<\/strong><\/span><\/a> ye&#8217;l llugar de referencia ensin dala dulda. Am\u00e1s, equ\u00ed faemos una repasada de les meyores webs pa copiar emojis alternativos y distintos a los t\u00edpicos:<\/p>\n<p>De xuru tengas los tos emojis prefer\u00edos, esos qu&#8217;uses pa espresar emociones \u00faniques, pero munchos compartimos preferencies y hai emojis que s&#8217;usen m\u00e1s qu&#8217;otros. Facebook, como rede social por excelencia con m\u00e1s de 2.000 millones d&#8217;usuarios activos, tien xunas estad\u00edstiques bien interesaes sobro los emojis m\u00e1s populares.<\/p>\n<p>Nel casu de Facebook, estos son los 10 m\u00e1s usaos:<\/p>\n<p style=\"text-align: center\"><a href=\"https:\/\/s1.eestatic.com\/2017\/07\/17\/actualidad\/actualidad_231990518_129960228_1000x622.jpg\"><img loading=\"lazy\" decoding=\"async\" class=\"alignnone\" src=\"https:\/\/s1.eestatic.com\/2017\/07\/17\/actualidad\/actualidad_231990518_129960228_1000x622.jpg\" alt=\"\" width=\"1000\" height=\"622\" \/><\/a><\/p>\n","protected":false},"excerpt":{"rendered":"<p>\u201dN\u00f3s, los pueblos\u00bb&#8230; L\u00b4ONU trabaya para toos, perdayuri: ayudando a combatir la crisis de la COVID19, promoviendo la paz y la segurid\u00e1, pol llogru de los OxetivosMundiales y el respetu de los derechos humanos. Conoz m\u00e1s sobro&#8217;l trabayu de l\u00b4ONU D\u00eda Mundial del Emoji El d\u00eda mundial del emoji (N&#8217;ingl\u00e9s: World Emoji Day) ye una [&hellip;]<\/p>\n","protected":false},"author":117,"featured_media":0,"comment_status":"open","ping_status":"open","sticky":false,"template":"","format":"standard","meta":{"footnotes":""},"categories":[6],"tags":[],"class_list":["post-7937","post","type-post","status-publish","format-standard","hentry","category-dia-de"],"_links":{"self":[{"href":"https:\/\/edublog.educastur.es\/ixuxu\/wp-json\/wp\/v2\/posts\/7937","targetHints":{"allow":["GET"]}}],"collection":[{"href":"https:\/\/edublog.educastur.es\/ixuxu\/wp-json\/wp\/v2\/posts"}],"about":[{"href":"https:\/\/edublog.educastur.es\/ixuxu\/wp-json\/wp\/v2\/types\/post"}],"author":[{"embeddable":true,"href":"https:\/\/edublog.educastur.es\/ixuxu\/wp-json\/wp\/v2\/users\/117"}],"replies":[{"embeddable":true,"href":"https:\/\/edublog.educastur.es\/ixuxu\/wp-json\/wp\/v2\/comments?post=7937"}],"version-history":[{"count":6,"href":"https:\/\/edublog.educastur.es\/ixuxu\/wp-json\/wp\/v2\/posts\/7937\/revisions"}],"predecessor-version":[{"id":7944,"href":"https:\/\/edublog.educastur.es\/ixuxu\/wp-json\/wp\/v2\/posts\/7937\/revisions\/7944"}],"wp:attachment":[{"href":"https:\/\/edublog.educastur.es\/ixuxu\/wp-json\/wp\/v2\/media?parent=7937"}],"wp:term":[{"taxonomy":"category","embeddable":true,"href":"https:\/\/edublog.educastur.es\/ixuxu\/wp-json\/wp\/v2\/categories?post=7937"},{"taxonomy":"post_tag","embeddable":true,"href":"https:\/\/edublog.educastur.es\/ixuxu\/wp-json\/wp\/v2\/tags?post=7937"}],"curies":[{"name":"wp","href":"https:\/\/api.w.org\/{rel}","templated":true}]}}