{"id":7956,"date":"2021-07-22T18:31:49","date_gmt":"2021-07-22T16:31:49","guid":{"rendered":"https:\/\/edublog.educastur.es\/ixuxu\/?p=7956"},"modified":"2021-07-22T18:31:49","modified_gmt":"2021-07-22T16:31:49","slug":"na-actual-nacion-celta-dasturies-esisten-tres-etnies-celtiques-astur-galaica-cantabra","status":"publish","type":"post","link":"https:\/\/edublog.educastur.es\/ixuxu\/2021\/07\/na-actual-nacion-celta-dasturies-esisten-tres-etnies-celtiques-astur-galaica-cantabra\/","title":{"rendered":"Na actual naci\u00f3n celta d&#8217;Asturies, esisten tres etnies c\u00e9ltiques: astur, galaica, c\u00e1ntabra"},"content":{"rendered":"<p style=\"text-align: center\"><a href=\"https:\/\/tinypix.top\/images\/2021\/07\/22\/ix3yV.jpg\"><img loading=\"lazy\" decoding=\"async\" class=\"alignnone\" src=\"https:\/\/tinypix.top\/images\/2021\/07\/22\/ix3yV.jpg\" alt=\"\" width=\"1256\" height=\"543\" \/><\/a><\/p>\n<ul>\n<li>Fonte: <a href=\"https:\/\/lligaceltadasturies.wordpress.com\/\"><span style=\"color: #008080\"><strong>Lliga Celta d\u00b4Asturies<\/strong><\/span><\/a>, <a href=\"https:\/\/www.facebook.com\/LligaCeltadAsturies\/\">Facebook<\/a><\/li>\n<\/ul>\n<div class=\"kvgmc6g5 cxmmr5t8 oygrvhab hcukyx3x c1et5uql ii04i59q\">\n<div dir=\"auto\"><em>Nun son poques les vegaes que delles persones tracamundien lo que son les actuales naciones celtes, coles tribus o etnies c\u00e9ltiques y colos antiguos conventums romanos de divisi\u00f3n d&#8217;eses poblaciones o tribus prerromanes, que tampoco yeren toes c\u00e9ltiques, pero esi ye otru cantar.<\/em><\/div>\n<div dir=\"auto\"><\/div>\n<\/div>\n<p><!--more--><\/p>\n<div class=\"o9v6fnle cxmmr5t8 oygrvhab hcukyx3x c1et5uql ii04i59q\">\n<div dir=\"auto\"><em><span style=\"color: #008080\"><strong>Na actual naci\u00f3n celta d&#8217;Asturies, esisten tres etnies c\u00e9ltiques: astur<\/strong>, que ye la predominante y qu&#8217;engloba les tribus de los luggoni y los p\u00e9sicos, dambes pertenecientes al conventum asturicum romanu; <strong>la galaica <\/strong>coles tribus de los albiones, egobarros y cibarcos, que pertenec\u00eden territorialmente al conventum lucensis romanu; y<strong> la c\u00e1ntabra <\/strong>coles tribus de los orgenomescos, salaenos y los vadinienses, que pertenec\u00eden al conventum cluniensis romanu.<\/span> Toes elles c\u00e9ltiques y qu&#8217;apurren bayura cultural y afitamientu c\u00e9lticu a l&#8217;actual naci\u00f3n celta d&#8217;Asturies. Nun tracamundiar astur con asturianu, son t\u00e9rminos venceyaos pero nun tienen una correspondencia esauta. Se puede ser asturianu o asturiana y pertenecer a una etnia c\u00e9ltica c\u00e1ntabra o galaica am\u00e1s d&#8217;astur.<\/em><\/div>\n<\/div>\n<div class=\"o9v6fnle cxmmr5t8 oygrvhab hcukyx3x c1et5uql ii04i59q\">\n<div dir=\"auto\"><em>Espero que les coses queden m\u00e1s o menos aclaraes con esti someru post, sal\u00fa y esfrutar de la vueso celticid\u00e1 y la celticid\u00e1 d&#8217;Asturies col arguyu que merez y merecemos: PUXA ASTURIES!<\/em><\/div>\n<div dir=\"auto\"><\/div>\n<\/div>\n<div class=\"o9v6fnle cxmmr5t8 oygrvhab hcukyx3x c1et5uql ii04i59q\">\n<div dir=\"auto\"><em>F. Mor\u00e1n<\/em><\/div>\n<div dir=\"auto\"><em>Presidente de la Lliga Celta d&#8217;Asturies<\/em><\/div>\n<\/div>\n","protected":false},"excerpt":{"rendered":"<p>Fonte: Lliga Celta d\u00b4Asturies, Facebook Nun son poques les vegaes que delles persones tracamundien lo que son les actuales naciones celtes, coles tribus o etnies c\u00e9ltiques y colos antiguos conventums romanos de divisi\u00f3n d&#8217;eses poblaciones o tribus prerromanes, que tampoco yeren toes c\u00e9ltiques, pero esi ye otru cantar.<\/p>\n","protected":false},"author":117,"featured_media":0,"comment_status":"open","ping_status":"open","sticky":false,"template":"","format":"standard","meta":{"footnotes":""},"categories":[122],"tags":[],"class_list":["post-7956","post","type-post","status-publish","format-standard","hentry","category-lliga-celta-dasturies"],"_links":{"self":[{"href":"https:\/\/edublog.educastur.es\/ixuxu\/wp-json\/wp\/v2\/posts\/7956","targetHints":{"allow":["GET"]}}],"collection":[{"href":"https:\/\/edublog.educastur.es\/ixuxu\/wp-json\/wp\/v2\/posts"}],"about":[{"href":"https:\/\/edublog.educastur.es\/ixuxu\/wp-json\/wp\/v2\/types\/post"}],"author":[{"embeddable":true,"href":"https:\/\/edublog.educastur.es\/ixuxu\/wp-json\/wp\/v2\/users\/117"}],"replies":[{"embeddable":true,"href":"https:\/\/edublog.educastur.es\/ixuxu\/wp-json\/wp\/v2\/comments?post=7956"}],"version-history":[{"count":2,"href":"https:\/\/edublog.educastur.es\/ixuxu\/wp-json\/wp\/v2\/posts\/7956\/revisions"}],"predecessor-version":[{"id":7958,"href":"https:\/\/edublog.educastur.es\/ixuxu\/wp-json\/wp\/v2\/posts\/7956\/revisions\/7958"}],"wp:attachment":[{"href":"https:\/\/edublog.educastur.es\/ixuxu\/wp-json\/wp\/v2\/media?parent=7956"}],"wp:term":[{"taxonomy":"category","embeddable":true,"href":"https:\/\/edublog.educastur.es\/ixuxu\/wp-json\/wp\/v2\/categories?post=7956"},{"taxonomy":"post_tag","embeddable":true,"href":"https:\/\/edublog.educastur.es\/ixuxu\/wp-json\/wp\/v2\/tags?post=7956"}],"curies":[{"name":"wp","href":"https:\/\/api.w.org\/{rel}","templated":true}]}}