{"id":7980,"date":"2021-07-23T16:55:45","date_gmt":"2021-07-23T14:55:45","guid":{"rendered":"https:\/\/edublog.educastur.es\/ixuxu\/?p=7980"},"modified":"2021-07-23T16:57:49","modified_gmt":"2021-07-23T14:57:49","slug":"a-68-el-nuevu-iceberg-antarticu","status":"publish","type":"post","link":"https:\/\/edublog.educastur.es\/ixuxu\/2021\/07\/a-68-el-nuevu-iceberg-antarticu\/","title":{"rendered":"A-68: el nuevu iceberg ant\u00e1rticu"},"content":{"rendered":"<p style=\"text-align: center\"><a href=\"https:\/\/periodistas-es.com\/wp-content\/uploads\/2021\/04\/iceberg-a68-%C2%A9-hubert-neufeld-unplash.jpg\"><img loading=\"lazy\" decoding=\"async\" class=\"alignnone\" src=\"https:\/\/periodistas-es.com\/wp-content\/uploads\/2021\/04\/iceberg-a68-%C2%A9-hubert-neufeld-unplash.jpg\" alt=\"\" width=\"900\" height=\"444\" \/><\/a><\/p>\n<ul>\n<li><a href=\"https:\/\/www.geografiainfinita.com\/2017\/07\/el-nuevo-iceberg-antartico\/?utm_source=blogsterapp&amp;utm_medium=facebook&amp;fbclid=IwAR1xOo6tmCJufvnUm5YFVjfAcQj3FvM7PuZSgwB_s52SV3M-TnTkRvJKaFQ\">Fonte noticia: Geograf\u00eda Infinita<\/a><\/li>\n<li>Noticia: <a href=\"https:\/\/es.wikipedia.org\/wiki\/Iceberg_A-68\">Wiki<\/a> \/<a href=\"https:\/\/www.bing.com\/images\/search?q=iceberg+a68&amp;form=HDRSC3&amp;first=1&amp;tsc=ImageBasicHover\"> Im\u00e1xenes\u00a0<\/a> \/ <a href=\"https:\/\/www.france24.com\/es\/medio-ambiente\/20210419-iceberg-grande-mundo-roto-antartida\">France 21<\/a> \/<\/li>\n<\/ul>\n<p>El 12 de xunetu de 2017, un xigantescu bloque de xelu dixebr\u00f3se definitivamente d&#8217;una de les plataformes de xelu que componen la mari\u00f1a ant\u00e1rtica. Tr\u00e1tase del iceberg A-68.<\/p>\n<p>L&#8217;iceberg A-68 foi un iceberg que se cre\u00f3 na <strong><span style=\"color: #008080\">plataforma de xelu Larsen C<\/span> <\/strong>en xunetu de 2017. 1\u200b2\u200b3\u200b A finales de 2020 el so bloque principal atopose nel Atl\u00e1nticu Sur, al pie de les Georgias de Sur.4\u200b, <span style=\"color: #008080\"><strong>el 20 d&#8217;abril del 2021 se derriti\u00f3 por completu.<\/strong><\/span><\/p>\n<p><!--more--><\/p>\n<p style=\"text-align: center\"><a href=\"https:\/\/ichef.bbci.co.uk\/news\/1024\/branded_news\/6471\/production\/_116231752_1879.jpg\"><img loading=\"lazy\" decoding=\"async\" class=\"alignnone\" src=\"https:\/\/ichef.bbci.co.uk\/news\/1024\/branded_news\/6471\/production\/_116231752_1879.jpg\" alt=\"\" width=\"1024\" height=\"576\" \/><\/a><\/p>\n<p>Esti nuevu iceberg ye unu de los mayores que&#8217;l mundu conoci\u00f3, con 5.800 km\u00b2. La so dixebra de la plataforma Larsen C supon un nuevu escenariu de vulnerabilid\u00e1 \u00e9nte futuros episodios como&#8217;l que tamos narrando.<\/p>\n<p style=\"text-align: center\">\n<!-- iframe plugin v.6.0 wordpress.org\/plugins\/iframe\/ -->\n<iframe loading=\"lazy\" width=\"100%\" height=\"538\" src=\"https:\/\/www.youtube.com\/embed\/3bWuFzi-YAU\" 0=\"\/iframe\" scrolling=\"yes\" class=\"iframe-class\" frameborder=\"0\"><\/iframe>\n<\/p>\n<p>Fai m\u00e1s d&#8217;una d\u00e9cada que los cient\u00edficos de la Universid\u00e1 de Swansea taben realizando&#8217;l siguimientu d&#8217;un gran resquiebru qu&#8217;empez\u00f3 a acelerar el so desenvolvimientu a partir de 2014, hasta que finalmente&#8217;l bloque esprendi\u00f3se.<\/p>\n<p>El Proyectu MIDAS foi l&#8217;encarg\u00e1u de llevar a cabu esta observaci\u00f3n al travi\u00e9s de les imaxes sat\u00e9lite, como&#8217;l <strong><span style=\"color: #008080\">Aqua MODIS<\/span> <\/strong>de la NASA. Gracies a estos preseos orbitales, l&#8217;equipu d&#8217;investigaci\u00f3n pudo captar la presencia d&#8217;agua nel resquiebru que s\u00b4abriese pasu a lo llargo de la plataforma Larsen C, en paralelu a la mari\u00f1a. Xuna se\u00f1al inequ\u00edvoca del desprendimientu.<\/p>\n<p style=\"text-align: center\"><a href=\"https:\/\/www.elagoradiario.com\/wp-content\/uploads\/2021\/02\/A-68-viaje-fragmentos.jpg\"><img loading=\"lazy\" decoding=\"async\" class=\"alignnone\" src=\"https:\/\/www.elagoradiario.com\/wp-content\/uploads\/2021\/02\/A-68-viaje-fragmentos.jpg\" alt=\"\" width=\"1280\" height=\"905\" \/><\/a><\/p>\n<p>Mientres l&#8217;iceberg A68, que&#8217;l <strong>so tama\u00f1u equival a cuatro vegaes una ciud\u00e1 como Londres<\/strong>, movioase pola zona m\u00e1s austral del planeta, los cient\u00edficos aseguraben qu&#8217;asemeyada masa de xelu podr\u00eda traer consecuencies impredicibles para les isles nel hemisferiu sur y para la vida montesa (silvestre).<\/p>\n<p style=\"text-align: center\">\n","protected":false},"excerpt":{"rendered":"<p>Fonte noticia: Geograf\u00eda Infinita Noticia: Wiki \/ Im\u00e1xenes\u00a0 \/ France 21 \/ El 12 de xunetu de 2017, un xigantescu bloque de xelu dixebr\u00f3se definitivamente d&#8217;una de les plataformes de xelu que componen la mari\u00f1a ant\u00e1rtica. Tr\u00e1tase del iceberg A-68. L&#8217;iceberg A-68 foi un iceberg que se cre\u00f3 na plataforma de xelu Larsen C en [&hellip;]<\/p>\n","protected":false},"author":117,"featured_media":0,"comment_status":"open","ping_status":"open","sticky":false,"template":"","format":"standard","meta":{"footnotes":""},"categories":[4],"tags":[],"class_list":["post-7980","post","type-post","status-publish","format-standard","hentry","category-natura"],"_links":{"self":[{"href":"https:\/\/edublog.educastur.es\/ixuxu\/wp-json\/wp\/v2\/posts\/7980","targetHints":{"allow":["GET"]}}],"collection":[{"href":"https:\/\/edublog.educastur.es\/ixuxu\/wp-json\/wp\/v2\/posts"}],"about":[{"href":"https:\/\/edublog.educastur.es\/ixuxu\/wp-json\/wp\/v2\/types\/post"}],"author":[{"embeddable":true,"href":"https:\/\/edublog.educastur.es\/ixuxu\/wp-json\/wp\/v2\/users\/117"}],"replies":[{"embeddable":true,"href":"https:\/\/edublog.educastur.es\/ixuxu\/wp-json\/wp\/v2\/comments?post=7980"}],"version-history":[{"count":4,"href":"https:\/\/edublog.educastur.es\/ixuxu\/wp-json\/wp\/v2\/posts\/7980\/revisions"}],"predecessor-version":[{"id":7984,"href":"https:\/\/edublog.educastur.es\/ixuxu\/wp-json\/wp\/v2\/posts\/7980\/revisions\/7984"}],"wp:attachment":[{"href":"https:\/\/edublog.educastur.es\/ixuxu\/wp-json\/wp\/v2\/media?parent=7980"}],"wp:term":[{"taxonomy":"category","embeddable":true,"href":"https:\/\/edublog.educastur.es\/ixuxu\/wp-json\/wp\/v2\/categories?post=7980"},{"taxonomy":"post_tag","embeddable":true,"href":"https:\/\/edublog.educastur.es\/ixuxu\/wp-json\/wp\/v2\/tags?post=7980"}],"curies":[{"name":"wp","href":"https:\/\/api.w.org\/{rel}","templated":true}]}}