{"id":7991,"date":"2021-07-23T17:00:34","date_gmt":"2021-07-23T15:00:34","guid":{"rendered":"https:\/\/edublog.educastur.es\/ixuxu\/?p=7991"},"modified":"2021-07-24T12:53:45","modified_gmt":"2021-07-24T10:53:45","slug":"7991","status":"publish","type":"post","link":"https:\/\/edublog.educastur.es\/ixuxu\/2021\/07\/7991\/","title":{"rendered":"L&#8217;apertura de los Xuegos Ol\u00edmpicos en Tokio"},"content":{"rendered":"<p style=\"text-align: center\"><a href=\"https:\/\/cnnespanol.cnn.com\/wp-content\/uploads\/2021\/07\/pictogramas-tokio-olimpicos-4GettyImages-1234131616.jpeg?resize=940,530\"><img loading=\"lazy\" decoding=\"async\" class=\"alignnone\" src=\"https:\/\/cnnespanol.cnn.com\/wp-content\/uploads\/2021\/07\/pictogramas-tokio-olimpicos-4GettyImages-1234131616.jpeg?resize=940,530\" alt=\"\" width=\"940\" height=\"530\" \/><\/a><\/p>\n<ul>\n<li><a href=\"https:\/\/cnnespanol.cnn.com\/gallery\/fotos-los-pictogramas-humanos-causan-sensacion-en-la-inauguracion-de-los-juegos-olimpicos\/?fbclid=IwAR1w2fHUph7xy18OPU7JKs7QVL7lXbVf6qUX9p7LEBbUy-asM6F8R_5MevA\">Fonte: CNN Espa\u00f1ol<\/a><\/li>\n<\/ul>\n<p>Los pictogrames humanos\u00bb causen sensaci\u00f3n na inauguraci\u00f3n de los Xuegos Ol\u00edmpicos<\/p>\n<p><!--more--><\/p>\n<p style=\"text-align: center\"><a href=\"https:\/\/ep00.epimg.net\/elpais\/imagenes\/2021\/07\/23\/album\/1627025627_214308_1627040851_album_normal.jpg\"><img loading=\"lazy\" decoding=\"async\" class=\"alignnone\" src=\"https:\/\/ep00.epimg.net\/elpais\/imagenes\/2021\/07\/23\/album\/1627025627_214308_1627040851_album_normal.jpg\" alt=\"\" width=\"980\" height=\"653\" \/><\/a><\/p>\n<ul>\n<li>Fonte: <a href=\"https:\/\/elpais.com\/elpais\/2021\/07\/23\/album\/1627025627_214308.html#foto_gal_12\">El Pa\u00eds<\/a> \/<\/li>\n<\/ul>\n<p>Am\u00e1s d&#8217;una presentaci\u00f3n art\u00edstica, la llapada ol\u00edmpica y delles delegaciones de deportistes coles sos banderes, la ceremonia inaugural de Tokio 2020 tuvo una sorpresa: los pictogrames humanos\u201d que causaron sensaci\u00f3n. Actores vist\u00edos de blancu y azul recrearon los deportes ol\u00edmpicos y fueron el puntu d&#8217;atracci\u00f3n de l&#8217;apertura de los Xuegos Ol\u00edmpicos.<\/p>\n<p style=\"text-align: center\"><a href=\"https:\/\/ep00.epimg.net\/elpais\/imagenes\/2021\/07\/23\/album\/1627025627_214308_1627045996_album_normal.jpg\"><img loading=\"lazy\" decoding=\"async\" class=\"alignnone\" src=\"https:\/\/ep00.epimg.net\/elpais\/imagenes\/2021\/07\/23\/album\/1627025627_214308_1627045996_album_normal.jpg\" alt=\"\" width=\"980\" height=\"551\" \/><\/a><\/p>\n<p>&nbsp;<\/p>\n","protected":false},"excerpt":{"rendered":"<p>Fonte: CNN Espa\u00f1ol Los pictogrames humanos\u00bb causen sensaci\u00f3n na inauguraci\u00f3n de los Xuegos Ol\u00edmpicos<\/p>\n","protected":false},"author":117,"featured_media":0,"comment_status":"open","ping_status":"open","sticky":false,"template":"","format":"standard","meta":{"footnotes":""},"categories":[133,192],"tags":[],"class_list":["post-7991","post","type-post","status-publish","format-standard","hentry","category-deportes","category-tokio-2020"],"_links":{"self":[{"href":"https:\/\/edublog.educastur.es\/ixuxu\/wp-json\/wp\/v2\/posts\/7991","targetHints":{"allow":["GET"]}}],"collection":[{"href":"https:\/\/edublog.educastur.es\/ixuxu\/wp-json\/wp\/v2\/posts"}],"about":[{"href":"https:\/\/edublog.educastur.es\/ixuxu\/wp-json\/wp\/v2\/types\/post"}],"author":[{"embeddable":true,"href":"https:\/\/edublog.educastur.es\/ixuxu\/wp-json\/wp\/v2\/users\/117"}],"replies":[{"embeddable":true,"href":"https:\/\/edublog.educastur.es\/ixuxu\/wp-json\/wp\/v2\/comments?post=7991"}],"version-history":[{"count":4,"href":"https:\/\/edublog.educastur.es\/ixuxu\/wp-json\/wp\/v2\/posts\/7991\/revisions"}],"predecessor-version":[{"id":7995,"href":"https:\/\/edublog.educastur.es\/ixuxu\/wp-json\/wp\/v2\/posts\/7991\/revisions\/7995"}],"wp:attachment":[{"href":"https:\/\/edublog.educastur.es\/ixuxu\/wp-json\/wp\/v2\/media?parent=7991"}],"wp:term":[{"taxonomy":"category","embeddable":true,"href":"https:\/\/edublog.educastur.es\/ixuxu\/wp-json\/wp\/v2\/categories?post=7991"},{"taxonomy":"post_tag","embeddable":true,"href":"https:\/\/edublog.educastur.es\/ixuxu\/wp-json\/wp\/v2\/tags?post=7991"}],"curies":[{"name":"wp","href":"https:\/\/api.w.org\/{rel}","templated":true}]}}