{"id":8040,"date":"2021-07-24T10:00:57","date_gmt":"2021-07-24T08:00:57","guid":{"rendered":"https:\/\/edublog.educastur.es\/ixuxu\/?p=8040"},"modified":"2021-07-27T18:49:21","modified_gmt":"2021-07-27T16:49:21","slug":"la-representacion-asturiana-en-tokiu-en-busca-de-medaya","status":"publish","type":"post","link":"https:\/\/edublog.educastur.es\/ixuxu\/2021\/07\/la-representacion-asturiana-en-tokiu-en-busca-de-medaya\/","title":{"rendered":"La representaci\u00f3n asturiana en Tokiu, en busca de medaya"},"content":{"rendered":"<p style=\"text-align: center\"><a href=\"https:\/\/www.dodmagazine.es\/wp-content\/uploads\/2021\/07\/juegos-olimpicos-tokyo-musica.jpg\"><img loading=\"lazy\" decoding=\"async\" class=\"alignnone\" src=\"https:\/\/www.dodmagazine.es\/wp-content\/uploads\/2021\/07\/juegos-olimpicos-tokyo-musica.jpg\" alt=\"\" width=\"1250\" height=\"655\" \/><\/a><\/p>\n<p style=\"text-align: center\"><em>Na semeya, Estadiu Ol\u00edmpicu de Tokiu nel entamu de la ceremonia inaugural.<\/em><\/p>\n<p>Fonte noticia: <a href=\"https:\/\/asturies.com\/noticies\/entrerrios-maria-lopez-y-carreno-la-representacion-asturiana-en-tokiu-en-busca-de-medaya?fbclid=IwAR3WhG4ngh8FABf3bOsr4NFerZbOHLovqv4HDsTtYMM7MHz6KaIVNMRr60Q\">Asturies.com: Entrerr\u00edos, Mar\u00eda L\u00f3pez y Carre\u00f1o, la representaci\u00f3n asturiana en Tokiu en busca de medaya<\/a><\/p>\n<div class=\"field field-name-body field-type-text-with-summary field-label-hidden\">\n<div class=\"field-items\">\n<div class=\"field-item even\">\n<p>Asturies lleva a los Xuegos Ol\u00edmpicos de Tokiu, qu\u2019arranquen esti vienres, la menor representaci\u00f3n de les \u00faltimes cites ol\u00edmpiques. Ra\u00fal Entrerr\u00edos, en balonmano; Mar\u00eda L\u00f3pez, en \u1e25oquei yerba; y el debutante Pablo Carre\u00f1o, en tenis, son los deportistes del pa\u00eds presentes en Xap\u00f3n, toos con opciones de medaya reales.<\/p>\n<p><!--more--><\/p>\n<p><a href=\"https:\/\/olympics.com\/es\/\">Tokyo 2020<\/a>, les Olimpiaes que van pasar a la historia por celebrase un a\u00f1u depu\u00e9s por cuenta de la pandemia de COVID-19 que ximielg\u00f3 al planeta nel 2020 \u2013y sigue faci\u00e9ndolo\u2013, vive g\u00fcei la ceremonia inaugural (13 hores, La 1), anque dellos deportes y\u00e1 entamaron la competici\u00f3n. Va ser d\u2019una manera triste, ensin p\u00fablicu nes graes y evitando l\u2019usu de la pallabra \u2018celebraci\u00f3n\u2019, y\u00e1 que nun hai nada que celebrar con miles de muertos diarios cola enfermed\u00e1 causada pol coronavirus SARS-CoV-2.<\/p>\n<p>Nesti contestu, tr\u00e9s asturianos van vivir el so sua\u00f1u ol\u00edmpicu, anque nam\u00e1i Carre\u00f1o debuta nunos Xuegos. Son, am\u00e1s del tenista xixon\u00e9s, L\u00f3pez y el peque\u00f1u de los Entrerr\u00edos, bronce en Beijing 2008.<\/p>\n<p>Los tr\u00e9s tienen opciones reales de medaya. L\u2019equipu de balonmanu d\u2019Espa\u00f1a, actual campe\u00f3n d\u2019Europa y algam\u00f3\u2019l tercer puestu nel Mundial del a\u00f1u pas\u00e1u, va tar encuadr\u00e1u nel grupu con Francia, Noruega, Brasil, Arxentina y Alema\u00f1a, seleici\u00f3n cola que debutar\u00e1 ma\u00f1ana a les 16.15, hora llocal, 7 hores menos n\u2019Asturies (9.15).<\/p>\n<p>En \u1e25oquei yerba, el combin\u00e1u espa\u00f1ol femen\u00edn, octavu en Rio 2016 con un bloque mui mozu, va buscar plaza pa cuartos de final con Australia, Xap\u00f3n, China, Nueva Zelanda y Arxentina. El primer part\u00edu va celebrase\u2019l domingu a les 3 hores (10 hora llocal).<\/p>\n<p>La estrena de Carre\u00f1o, qu\u2019aporta a Tokio llueu d\u2019algamar n\u2019Hamburg el mayor torn\u00e9u de la so carrera, un ATP 500, va estrenase nunes Olimipiaes ma\u00f1ana, nel cuartu part\u00edu de la pista 1 del Parque de Tenis d&#8217;Ariake, contra l\u2019estauxunidense Tennys Sandgrend, n\u00famberu 81 del ranking ATP. En dobles, onde compite xunto col andaluz Alejandro Davidovich, va vese les cares colos colombianos Juan Sebasti\u00e1n Cabal y Robert Farah nun horariu por confirmar.<\/p>\n<p><strong>Ensin medayes dende London 2012<\/strong><\/p>\n<p>La representaci\u00f3n asturiana en Tokiu ye la m\u00e1s baxa en d\u00e9cades, con nam\u00e1i estos 3 representantes, llista a la que se podr\u00eda sumar el palista Sa\u00fal Craviotto, residente nel pa\u00eds. En Rio foron 9, polos 8 de Londres, anque llo\u00f1e de los 18 qu\u2019hebo en Barcelona 92.<\/p>\n<p>Les \u00faltimes medayes p\u2019Asturies aportaron nes Olimipiaes celebraes en suelu ingl\u00e9s, col oru d\u2019\u00c1ngela Pumariega en clase Elliott 6m de vela xunto coles gallegues Tamara Echegoyen y Sof\u00eda Toro, y el bronce de Jessica Alonso cola seleici\u00f3n espa\u00f1ola de balonmano.<\/p>\n<p><em>\u00a0<\/em><\/p>\n<\/div>\n<\/div>\n<\/div>\n","protected":false},"excerpt":{"rendered":"<p>Na semeya, Estadiu Ol\u00edmpicu de Tokiu nel entamu de la ceremonia inaugural. Fonte noticia: Asturies.com: Entrerr\u00edos, Mar\u00eda L\u00f3pez y Carre\u00f1o, la representaci\u00f3n asturiana en Tokiu en busca de medaya Asturies lleva a los Xuegos Ol\u00edmpicos de Tokiu, qu\u2019arranquen esti vienres, la menor representaci\u00f3n de les \u00faltimes cites ol\u00edmpiques. Ra\u00fal Entrerr\u00edos, en balonmano; Mar\u00eda L\u00f3pez, en [&hellip;]<\/p>\n","protected":false},"author":117,"featured_media":0,"comment_status":"open","ping_status":"open","sticky":false,"template":"","format":"standard","meta":{"footnotes":""},"categories":[186],"tags":[],"class_list":["post-8040","post","type-post","status-publish","format-standard","hentry","category-xuegos-olimpicos"],"_links":{"self":[{"href":"https:\/\/edublog.educastur.es\/ixuxu\/wp-json\/wp\/v2\/posts\/8040","targetHints":{"allow":["GET"]}}],"collection":[{"href":"https:\/\/edublog.educastur.es\/ixuxu\/wp-json\/wp\/v2\/posts"}],"about":[{"href":"https:\/\/edublog.educastur.es\/ixuxu\/wp-json\/wp\/v2\/types\/post"}],"author":[{"embeddable":true,"href":"https:\/\/edublog.educastur.es\/ixuxu\/wp-json\/wp\/v2\/users\/117"}],"replies":[{"embeddable":true,"href":"https:\/\/edublog.educastur.es\/ixuxu\/wp-json\/wp\/v2\/comments?post=8040"}],"version-history":[{"count":2,"href":"https:\/\/edublog.educastur.es\/ixuxu\/wp-json\/wp\/v2\/posts\/8040\/revisions"}],"predecessor-version":[{"id":8042,"href":"https:\/\/edublog.educastur.es\/ixuxu\/wp-json\/wp\/v2\/posts\/8040\/revisions\/8042"}],"wp:attachment":[{"href":"https:\/\/edublog.educastur.es\/ixuxu\/wp-json\/wp\/v2\/media?parent=8040"}],"wp:term":[{"taxonomy":"category","embeddable":true,"href":"https:\/\/edublog.educastur.es\/ixuxu\/wp-json\/wp\/v2\/categories?post=8040"},{"taxonomy":"post_tag","embeddable":true,"href":"https:\/\/edublog.educastur.es\/ixuxu\/wp-json\/wp\/v2\/tags?post=8040"}],"curies":[{"name":"wp","href":"https:\/\/api.w.org\/{rel}","templated":true}]}}