{"id":80459,"date":"2026-09-01T09:00:33","date_gmt":"2026-09-01T07:00:33","guid":{"rendered":"https:\/\/edublog.educastur.es\/ixuxu\/?p=80459"},"modified":"2026-07-17T22:35:35","modified_gmt":"2026-07-17T20:35:35","slug":"educastur-circular-daniciu-de-cursu-2026-27","status":"publish","type":"post","link":"https:\/\/edublog.educastur.es\/ixuxu\/2026\/09\/educastur-circular-daniciu-de-cursu-2026-27\/","title":{"rendered":"Educastur: Circular d&#8217;aniciu de cursu 2026-27"},"content":{"rendered":"<ul>\n<li><a href=\"https:\/\/www.educastur.es\/documents\/34868\/38433\/CIC_CPUBLICOS_20260715.pdf\/6c44c1f6-1982-0b16-6b3d-0e2c57a54440?t=1784195507389\" target=\"_blank\" rel=\"noopener\">Circular 2026-2027 Centros P\u00fablicos<\/a><\/li>\n<\/ul>\n<p style=\"text-align: center\"><a href=\"https:\/\/www.educastur.es\/documents\/34868\/39138\/2024-05-cen-circulares-300x90.jpg\/e7d9ae26-a785-e209-eccc-64005453b9dc?t=1741785127891\"><img loading=\"lazy\" decoding=\"async\" class=\"aligncenter size-large\" src=\"https:\/\/www.educastur.es\/documents\/34868\/39138\/2024-05-cen-circulares-300x90.jpg\/e7d9ae26-a785-e209-eccc-64005453b9dc?t=1741785127891\" width=\"300\" height=\"90\" \/><\/a><\/p>\n<ul>\n<li><a href=\"https:\/\/www.educastur.es\/documents\/34868\/38433\/Anexo_A_CALENDARIO_CPUBLICOS.pdf\/81152217-7ccf-fb08-87d5-1f9cb4f2477f?t=1784194566367\" target=\"_blank\" rel=\"noopener\">Anexo A. Calendarios<\/a><\/li>\n<li><a href=\"https:\/\/www.educastur.es\/documents\/34868\/38433\/Anexo_D_TECNO_DIGITALIZACION_CPUBLICOS.pdf\/4532e635-5967-e3af-f986-ec16beb68ef3?t=1784194614783\" target=\"_blank\" rel=\"noopener\">Anexo D. Tecnolog\u00edas Educativas y digitalizaci\u00f3n<\/a><\/li>\n<li><a href=\"https:\/\/www.educastur.es\/documents\/34868\/38433\/Anexo_F_PROTECCION_DATOSPERSONALES_CPUBLICOS.pdf\/c639b6d8-b281-8274-f2cf-5d11b8631cca?t=1784194649091\" target=\"_blank\" rel=\"noopener\">Anexo F. Protecci\u00f3n de datos<\/a><\/li>\n<li><a href=\"https:\/\/www.educastur.es\/documents\/34868\/38433\/Anexo_G_REFERENCIAS_NORMATIVAS_CPUBLICOS.pdf\/fb6b0731-4bd5-3bc8-7162-1bd1d596d149?t=1784194663210\" target=\"_blank\" rel=\"noopener\">Anexo G. Referencias normativas<\/a><\/li>\n<li><a href=\"https:\/\/www.educastur.es\/documents\/34868\/38433\/Anexo_H_ACUERDOS_SINDICALES_CPUBLICOS.pdf\/f7ba039f-d6f8-ad6c-5f92-bd52b3062bb0?t=1784194676957\" target=\"_blank\" rel=\"noopener\">Anexo H. Acuerdos sindicales<\/a><\/li>\n<\/ul>\n","protected":false},"excerpt":{"rendered":"<p>Circular 2026-2027 Centros P\u00fablicos Anexo A. Calendarios Anexo D. Tecnolog\u00edas Educativas y digitalizaci\u00f3n Anexo F. Protecci\u00f3n de datos Anexo G. Referencias normativas Anexo H. Acuerdos sindicales<\/p>\n","protected":false},"author":117,"featured_media":0,"comment_status":"closed","ping_status":"closed","sticky":false,"template":"","format":"standard","meta":{"footnotes":""},"categories":[132],"tags":[],"class_list":["post-80459","post","type-post","status-publish","format-standard","hentry","category-educastur"],"_links":{"self":[{"href":"https:\/\/edublog.educastur.es\/ixuxu\/wp-json\/wp\/v2\/posts\/80459","targetHints":{"allow":["GET"]}}],"collection":[{"href":"https:\/\/edublog.educastur.es\/ixuxu\/wp-json\/wp\/v2\/posts"}],"about":[{"href":"https:\/\/edublog.educastur.es\/ixuxu\/wp-json\/wp\/v2\/types\/post"}],"author":[{"embeddable":true,"href":"https:\/\/edublog.educastur.es\/ixuxu\/wp-json\/wp\/v2\/users\/117"}],"replies":[{"embeddable":true,"href":"https:\/\/edublog.educastur.es\/ixuxu\/wp-json\/wp\/v2\/comments?post=80459"}],"version-history":[{"count":2,"href":"https:\/\/edublog.educastur.es\/ixuxu\/wp-json\/wp\/v2\/posts\/80459\/revisions"}],"predecessor-version":[{"id":80461,"href":"https:\/\/edublog.educastur.es\/ixuxu\/wp-json\/wp\/v2\/posts\/80459\/revisions\/80461"}],"wp:attachment":[{"href":"https:\/\/edublog.educastur.es\/ixuxu\/wp-json\/wp\/v2\/media?parent=80459"}],"wp:term":[{"taxonomy":"category","embeddable":true,"href":"https:\/\/edublog.educastur.es\/ixuxu\/wp-json\/wp\/v2\/categories?post=80459"},{"taxonomy":"post_tag","embeddable":true,"href":"https:\/\/edublog.educastur.es\/ixuxu\/wp-json\/wp\/v2\/tags?post=80459"}],"curies":[{"name":"wp","href":"https:\/\/api.w.org\/{rel}","templated":true}]}}