{"id":8046,"date":"2021-07-27T12:00:01","date_gmt":"2021-07-27T10:00:01","guid":{"rendered":"https:\/\/edublog.educastur.es\/ixuxu\/?p=8046"},"modified":"2021-07-28T14:10:26","modified_gmt":"2021-07-28T12:10:26","slug":"dexonos-menchu-alvarez-del-valle-periodista-muyer-y-amante-dasturies","status":"publish","type":"post","link":"https:\/\/edublog.educastur.es\/ixuxu\/2021\/07\/dexonos-menchu-alvarez-del-valle-periodista-muyer-y-amante-dasturies\/","title":{"rendered":"Dexonos Menchu \u00c1lvarez del Valle: periodista, muyer y amante d\u2019Asturies."},"content":{"rendered":"<div class=\"kvgmc6g5 cxmmr5t8 oygrvhab hcukyx3x c1et5uql ii04i59q\">\n<div dir=\"auto\"><a href=\"https:\/\/www.lecturas.com\/medio\/2021\/07\/27\/menchu-abuela-letizia-2_ec6c19ee_467x700.jpg\"><img loading=\"lazy\" decoding=\"async\" class=\"aligncenter\" src=\"https:\/\/www.lecturas.com\/medio\/2021\/07\/27\/menchu-abuela-letizia-2_ec6c19ee_467x700.jpg\" alt=\"\" width=\"402\" height=\"603\" \/><\/a><\/div>\n<div dir=\"auto\">Una periodista que fixo hestoria n\u2019<a class=\"oajrlxb2 g5ia77u1 qu0x051f esr5mh6w e9989ue4 r7d6kgcz rq0escxv nhd2j8a9 nc684nl6 p7hjln8o kvgmc6g5 cxmmr5t8 oygrvhab hcukyx3x jb3vyjys rz4wbd8a qt6c0cv9 a8nywdso i1ao9s8h esuyzwwr f1sip0of lzcic4wl q66pz984 gpro0wi8 b1v8xokw\" role=\"link\" href=\"https:\/\/www.facebook.com\/hashtag\/asturies?__eep__=6&amp;__cft__[0]=AZVs8nG-Yjm5UauDJxLyknoUKuMS5PkR_vNGRPhNJ89e7yjb8I9JlgjZENgP2rYM_TqD_WPvp8cA7m5qRT-X_0F0JjZeKidP8fCUCU-h7IIOqcWgUlGGBtYAmpQnv98E_if8qqWWQlA9DE9I7Kb1uPdU0T26WE5ugywDQu2ZYw_qMw&amp;__tn__=*NK-R\">#Asturies<\/a> y que y\u00e1 nos a\u00f1os 60 sofit\u00f3 l\u2019#asturianu.<\/div>\n<\/div>\n<div class=\"o9v6fnle cxmmr5t8 oygrvhab hcukyx3x c1et5uql ii04i59q\">\n<div dir=\"auto\">Collabor\u00f3, como recoy\u00ed na mio tesis, na \u201cDiscoteca del Bable\u201d de l\u2019asociaci\u00f3n Amigos del Bable, alredor de 1969, con dos discos nos que recitaba poes\u00edes n\u2019<a class=\"oajrlxb2 g5ia77u1 qu0x051f esr5mh6w e9989ue4 r7d6kgcz rq0escxv nhd2j8a9 nc684nl6 p7hjln8o kvgmc6g5 cxmmr5t8 oygrvhab hcukyx3x jb3vyjys rz4wbd8a qt6c0cv9 a8nywdso i1ao9s8h esuyzwwr f1sip0of lzcic4wl q66pz984 gpro0wi8 b1v8xokw\" role=\"link\" href=\"https:\/\/www.facebook.com\/hashtag\/asturianu?__eep__=6&amp;__cft__[0]=AZVs8nG-Yjm5UauDJxLyknoUKuMS5PkR_vNGRPhNJ89e7yjb8I9JlgjZENgP2rYM_TqD_WPvp8cA7m5qRT-X_0F0JjZeKidP8fCUCU-h7IIOqcWgUlGGBtYAmpQnv98E_if8qqWWQlA9DE9I7Kb1uPdU0T26WE5ugywDQu2ZYw_qMw&amp;__tn__=*NK-R\">#asturianu<\/a> cola so maraviyosa voz.<\/div>\n<ul>\n<li>Bio \/ <a href=\"https:\/\/twitter.com\/search?q=menchu+\u00e1lvarez+del+valle\">Twitter<\/a> \/ facebook<\/li>\n<li>Noticies:<a href=\"https:\/\/www.hola.com\/realeza\/casa_espanola\/20210728193769\/menchu-alvarez-ribadesella\/\"> Hola<\/a> \/<\/li>\n<\/ul>\n<div dir=\"auto\"><!--more--><\/div>\n<div dir=\"auto\"><\/div>\n<div dir=\"auto\"><a href=\"https:\/\/okdiario.com\/look\/img\/2018\/12\/20\/menchudiscook-620x376.jpg\"><img loading=\"lazy\" decoding=\"async\" class=\"alignnone\" src=\"https:\/\/okdiario.com\/look\/img\/2018\/12\/20\/menchudiscook-620x376.jpg\" alt=\"\" width=\"322\" height=\"195\" \/><\/a>\/<a href=\"https:\/\/okdiario.com\/look\/img\/2018\/12\/20\/menchudisco2ok-620x376.jpg\"><img loading=\"lazy\" decoding=\"async\" class=\"alignnone\" src=\"https:\/\/okdiario.com\/look\/img\/2018\/12\/20\/menchudisco2ok-620x376.jpg\" alt=\"\" width=\"315\" height=\"191\" \/><\/a><\/div>\n<div dir=\"auto\">\n<p>La periodista radiof\u00f3nica Menchu \u00c1lvarez del Valle, g\u00fcela paterna de la reina Letizia y residente en Ribesella (Asturies), fin\u00f3 ayeri, llunes, a los 93 a\u00f1os, confirmaron a Efe fuentes de la so redolada. M\u00e1s all\u00e1 de ser &#8216;la g\u00fcela de&#8217;, Menchu foi \u2013nun tiempu d&#8217;homes una de les voces m\u00e1s reconoc\u00edes y respetaes de la radio asturiana. Bona conocedora de la so tierra y defensora de la so cultura, nos sesenta afigur\u00f3 la so voz en dellos vinilos n&#8217;asturianu.<\/p>\n<p>Menchu, como yera conocida, naci\u00f3 en Santander pero y\u00e1 dende bien nuevu treslladose a vivir a Uvi\u00e9u, onde empecipi\u00f3 una llarga trayectoria radiof\u00f3nica que la convirti\u00f3 n&#8217;una de les voces m\u00e1s reconoc\u00edes n&#8217;Asturies.<\/p>\n<p>Trabay\u00f3 42 a\u00f1os como llocutora hasta convertise n&#8217;una de les voces m\u00e1s reconoc\u00edes d&#8217;Asturies<\/p>\n<p>Madre de tr\u00e9s f\u00edos -Jes\u00fas Ortiz, padre de la reina; Henar y Cristina, y\u00e1 finada- moraba dende va munchos a\u00f1os na pequena localid\u00e1 de Sard\u00e9u, a cinco kil\u00f3metros de Ribesella.<\/p>\n<p style=\"text-align: center\"><a href=\"https:\/\/www.lecturas.com\/medio\/2018\/03\/15\/menchu-alvarez-valle-familia-letizia-6_1569c708_1200x800.jpg\"><img loading=\"lazy\" decoding=\"async\" class=\"alignnone\" src=\"https:\/\/www.lecturas.com\/medio\/2018\/03\/15\/menchu-alvarez-valle-familia-letizia-6_1569c708_1200x800.jpg\" alt=\"\" width=\"1200\" height=\"800\" \/><\/a><\/p>\n<blockquote><p><em>\u00abMenchu yera entra\u00f1able, tou coraz\u00f3n, d&#8217;eses persones que nun escaeces nunca, yera para recordar siempres\u00bb.<\/em><\/p><\/blockquote>\n<p>&nbsp;<\/p>\n<\/div>\n<div dir=\"auto\"><\/div>\n<\/div>\n<p>&nbsp;<\/p>\n","protected":false},"excerpt":{"rendered":"<p>Una periodista que fixo hestoria n\u2019#Asturies y que y\u00e1 nos a\u00f1os 60 sofit\u00f3 l\u2019#asturianu. Collabor\u00f3, como recoy\u00ed na mio tesis, na \u201cDiscoteca del Bable\u201d de l\u2019asociaci\u00f3n Amigos del Bable, alredor de 1969, con dos discos nos que recitaba poes\u00edes n\u2019#asturianu cola so maraviyosa voz. Bio \/ Twitter \/ facebook Noticies: Hola \/<\/p>\n","protected":false},"author":117,"featured_media":0,"comment_status":"open","ping_status":"open","sticky":false,"template":"","format":"standard","meta":{"footnotes":""},"categories":[162],"tags":[],"class_list":["post-8046","post","type-post","status-publish","format-standard","hentry","category-dep"],"_links":{"self":[{"href":"https:\/\/edublog.educastur.es\/ixuxu\/wp-json\/wp\/v2\/posts\/8046","targetHints":{"allow":["GET"]}}],"collection":[{"href":"https:\/\/edublog.educastur.es\/ixuxu\/wp-json\/wp\/v2\/posts"}],"about":[{"href":"https:\/\/edublog.educastur.es\/ixuxu\/wp-json\/wp\/v2\/types\/post"}],"author":[{"embeddable":true,"href":"https:\/\/edublog.educastur.es\/ixuxu\/wp-json\/wp\/v2\/users\/117"}],"replies":[{"embeddable":true,"href":"https:\/\/edublog.educastur.es\/ixuxu\/wp-json\/wp\/v2\/comments?post=8046"}],"version-history":[{"count":4,"href":"https:\/\/edublog.educastur.es\/ixuxu\/wp-json\/wp\/v2\/posts\/8046\/revisions"}],"predecessor-version":[{"id":8048,"href":"https:\/\/edublog.educastur.es\/ixuxu\/wp-json\/wp\/v2\/posts\/8046\/revisions\/8048"}],"wp:attachment":[{"href":"https:\/\/edublog.educastur.es\/ixuxu\/wp-json\/wp\/v2\/media?parent=8046"}],"wp:term":[{"taxonomy":"category","embeddable":true,"href":"https:\/\/edublog.educastur.es\/ixuxu\/wp-json\/wp\/v2\/categories?post=8046"},{"taxonomy":"post_tag","embeddable":true,"href":"https:\/\/edublog.educastur.es\/ixuxu\/wp-json\/wp\/v2\/tags?post=8046"}],"curies":[{"name":"wp","href":"https:\/\/api.w.org\/{rel}","templated":true}]}}