{"id":8058,"date":"2021-07-23T10:30:47","date_gmt":"2021-07-23T08:30:47","guid":{"rendered":"https:\/\/edublog.educastur.es\/ixuxu\/?p=8058"},"modified":"2021-07-28T14:33:26","modified_gmt":"2021-07-28T12:33:26","slug":"actuar-con-vetusta-morla-visibilizol-papel-tan-importante-que-tien-la-pandereta-na-mio-vida","status":"publish","type":"post","link":"https:\/\/edublog.educastur.es\/ixuxu\/2021\/07\/actuar-con-vetusta-morla-visibilizol-papel-tan-importante-que-tien-la-pandereta-na-mio-vida\/","title":{"rendered":"\u00abActuar con Vetusta Morla visibiliz\u00f3\u2019l papel tan importante que tien la pandereta na mio vida\u00bb"},"content":{"rendered":"<h2 style=\"text-align: center\"><\/h2>\n<p style=\"text-align: center\"><a href=\"https:\/\/static2.elcomercio.es\/www\/multimedia\/202007\/25\/media\/cortadas\/57145964--984x468.JPG\"><img loading=\"lazy\" decoding=\"async\" class=\"alignnone\" src=\"https:\/\/static2.elcomercio.es\/www\/multimedia\/202007\/25\/media\/cortadas\/57145964--984x468.JPG\" alt=\"\" width=\"984\" height=\"468\" \/><\/a><\/p>\n<h2 class=\"entry-title qode-post-title\"><em><span style=\"font-size: 20px\">Eva Tejedor:<\/span><\/em> <span style=\"font-size: 20px\"><em>\u00abActuar con Vetusta Morla visibiliz\u00f3\u2019l papel tan importante que tien la pandereta na mio vida\u00bb<\/em><\/span><\/h2>\n<ul>\n<li><a href=\"https:\/\/musicasturiana.com\/eva-tejedor-actuar-con-vetusta-morla-visibilizol-papel-tan-importante-que-tienen-la-pandereta\/?fbclid=IwAR3ys7l40J5wpnKzOtF0gswASoAvcAK5-sujJ7xJAD5dMMyRbsWyXzbzUpc\">Fonte noticia: Musicasturiana<\/a><\/li>\n<li><a href=\"https:\/\/musicasturiana.com\/portfolio_page\/eva-tejedor-les-pandereteres\/\">Info Eva<\/a><\/li>\n<\/ul>\n<p><!--more--><\/p>\n<p>El pas\u00e1u 22 de xunetu Vetusta Morla -el grupu <strong>m\u00e1s renom\u00e1u de la escena indie estatal<\/strong>\u2013 actu\u00f3 nel estadiu d\u2019El Molin\u00f3n de Xix\u00f3n delantre de m\u00e1s de<strong> 2.000 persones<\/strong>. Nel escenariu tuvo presente la <strong>tradici\u00f3n sonora d\u2019Asturies <\/strong>por mor de la que la formaci\u00f3n madrilana convid\u00f3 a<strong> <a href=\"https:\/\/musicasturiana.com\/portfolio_page\/eva-tejedor-les-pandereteres\/\" target=\"_blank\" rel=\"noreferrer noopener\">Eva Tejedor &amp; Les Pandereteres<\/a><\/strong> a interpretar con ellos el so nuevu single \u201c<a href=\"https:\/\/open.spotify.com\/track\/4G7nC3kXEW7TLUG2Fiv527?si=abcf4a0ffe11497b\" target=\"_blank\" rel=\"noreferrer noopener\">Finisterre<\/a>\u201c.<\/p>\n<p><strong>Eva Tejedor<\/strong> cunta pa MUSICASTURIANA.COM que dende Vetusta Morla <strong>\u00abbuscaben da-y al cantar \u201cFinisterre\u201d matices de m\u00fasica de raiga\u00f1u\u00bb <\/strong>y que por eso la llamaron pa collaborar nel conciertu de Xix\u00f3n. La veterana panderetera valora qu\u2019esti fechu<strong> \u00abfoi una gran esperiencia y una enorme oportunid\u00e1 pa dar visibilid\u00e1 al papel tan importante que la muyer y la pandereta tienen na tradici\u00f3n oral d\u2019Asturies\u00bb<\/strong>. L\u2019artista sorraya qu\u2019esto tami\u00e9n da-y <strong>\u00abreconocimientu\u00bb<\/strong> al instrumentu y qu\u2019asina pue <strong>\u00abamosar les sos posibilidaes non nam\u00e1s cola m\u00fasica de raiga\u00f1u sin\u00f3n tami\u00e9n con m\u00fasiques d\u2019estremaes escenes, como nesti casu ye l\u2019indie de Vetusta Morla\u00bb<\/strong>.<\/p>\n<div style=\"width: 640px;\" class=\"wp-video\"><video class=\"wp-video-shortcode\" id=\"video-8058-1\" width=\"640\" height=\"360\" preload=\"metadata\" controls=\"controls\"><source type=\"video\/mp4\" src=\"https:\/\/musicasturiana.com\/wp-content\/uploads\/2021\/07\/WhatsApp-Video-2021-07-27-at-14.03.18.mp4?_=1\" \/><a href=\"https:\/\/musicasturiana.com\/wp-content\/uploads\/2021\/07\/WhatsApp-Video-2021-07-27-at-14.03.18.mp4\">https:\/\/musicasturiana.com\/wp-content\/uploads\/2021\/07\/WhatsApp-Video-2021-07-27-at-14.03.18.mp4<\/a><\/video><\/div>\n<figure class=\"wp-block-video\"><figcaption>Videu cortes\u00eda d\u2019Eva Tejedor<\/figcaption><\/figure>\n<h3>Mira l\u2019actuaci\u00f3n d\u2019Eva Tejedor &amp; Les Pandereteres n\u2019Amosando<\/h3>\n<div class=\"wp-block-spacer\" aria-hidden=\"true\">\n<!-- iframe plugin v.6.0 wordpress.org\/plugins\/iframe\/ -->\n<iframe loading=\"lazy\" width=\"100%\" height=\"346\" src=\"https:\/\/www.youtube.com\/embed\/xudZfecDbLU\" title=\"YouTube video player\" frameborder=\"0\" allow=\"accelerometer; autoplay; clipboard-write; encrypted-media; gyroscope; picture-in-picture\" 0=\"allowfullscreen\" 1=\"\/iframe\" scrolling=\"yes\" class=\"iframe-class\"><\/iframe>\n<\/div>\n<div class=\"column2\">\n<div class=\"column_inner\">\n<aside class=\"sidebar\">\n<div id=\"custom_html-32\" class=\"widget_text widget widget_custom_html\">\n<div class=\"textwidget custom-html-widget\">\n<div class=\"elementor elementor-2399\" data-elementor-type=\"section\" data-elementor-id=\"2399\" data-elementor-settings=\"[]\">\n<div class=\"elementor-section-wrap\">\n<section class=\"elementor-section elementor-top-section elementor-element elementor-element-7be1f107 elementor-section-boxed elementor-section-height-default elementor-section-height-default parallax_section_no qode_elementor_container_no\" data-id=\"7be1f107\" data-element_type=\"section\">\n<div class=\"elementor-container elementor-column-gap-default\">\n<div class=\"elementor-row\">\n<div class=\"elementor-column elementor-col-100 elementor-top-column elementor-element elementor-element-130bbc07\" data-id=\"130bbc07\" data-element_type=\"column\">\n<div class=\"elementor-column-wrap elementor-element-populated\">\n<div class=\"elementor-widget-wrap\">\n<section class=\"elementor-section elementor-inner-section elementor-element elementor-element-a407e50 elementor-section-boxed elementor-section-height-default elementor-section-height-default parallax_section_no qode_elementor_container_no\" data-id=\"a407e50\" data-element_type=\"section\">\n<div class=\"elementor-container elementor-column-gap-default\">\n<div class=\"elementor-row\">\n<div class=\"elementor-column elementor-col-100 elementor-inner-column elementor-element elementor-element-a88a7c2\" data-id=\"a88a7c2\" data-element_type=\"column\">\n<div class=\"elementor-column-wrap elementor-element-populated\">\n<div class=\"elementor-widget-wrap\">\n<div class=\"elementor-element elementor-element-761cf03 elementor-widget elementor-widget-text-editor\" data-id=\"761cf03\" data-element_type=\"widget\" data-widget_type=\"text-editor.default\">\n<div class=\"elementor-widget-container\">\n<div class=\"elementor-text-editor elementor-clearfix\"><\/div>\n<\/div>\n<\/div>\n<\/div>\n<\/div>\n<\/div>\n<\/div>\n<\/div>\n<\/section>\n<\/div>\n<\/div>\n<\/div>\n<\/div>\n<\/div>\n<\/section>\n<\/div>\n<\/div>\n<\/div>\n<\/div>\n<\/aside>\n<\/div>\n<\/div>\n","protected":false},"excerpt":{"rendered":"<p>Eva Tejedor: \u00abActuar con Vetusta Morla visibiliz\u00f3\u2019l papel tan importante que tien la pandereta na mio vida\u00bb Fonte noticia: Musicasturiana Info Eva<\/p>\n","protected":false},"author":117,"featured_media":0,"comment_status":"open","ping_status":"open","sticky":false,"template":"","format":"standard","meta":{"footnotes":""},"categories":[35],"tags":[],"class_list":["post-8058","post","type-post","status-publish","format-standard","hentry","category-musica"],"_links":{"self":[{"href":"https:\/\/edublog.educastur.es\/ixuxu\/wp-json\/wp\/v2\/posts\/8058","targetHints":{"allow":["GET"]}}],"collection":[{"href":"https:\/\/edublog.educastur.es\/ixuxu\/wp-json\/wp\/v2\/posts"}],"about":[{"href":"https:\/\/edublog.educastur.es\/ixuxu\/wp-json\/wp\/v2\/types\/post"}],"author":[{"embeddable":true,"href":"https:\/\/edublog.educastur.es\/ixuxu\/wp-json\/wp\/v2\/users\/117"}],"replies":[{"embeddable":true,"href":"https:\/\/edublog.educastur.es\/ixuxu\/wp-json\/wp\/v2\/comments?post=8058"}],"version-history":[{"count":2,"href":"https:\/\/edublog.educastur.es\/ixuxu\/wp-json\/wp\/v2\/posts\/8058\/revisions"}],"predecessor-version":[{"id":8061,"href":"https:\/\/edublog.educastur.es\/ixuxu\/wp-json\/wp\/v2\/posts\/8058\/revisions\/8061"}],"wp:attachment":[{"href":"https:\/\/edublog.educastur.es\/ixuxu\/wp-json\/wp\/v2\/media?parent=8058"}],"wp:term":[{"taxonomy":"category","embeddable":true,"href":"https:\/\/edublog.educastur.es\/ixuxu\/wp-json\/wp\/v2\/categories?post=8058"},{"taxonomy":"post_tag","embeddable":true,"href":"https:\/\/edublog.educastur.es\/ixuxu\/wp-json\/wp\/v2\/tags?post=8058"}],"curies":[{"name":"wp","href":"https:\/\/api.w.org\/{rel}","templated":true}]}}