{"id":808,"date":"2019-09-30T08:00:02","date_gmt":"2019-09-30T06:00:02","guid":{"rendered":"https:\/\/edublog.educastur.es\/ixuxu\/?p=808"},"modified":"2021-09-21T18:12:53","modified_gmt":"2021-09-21T16:12:53","slug":"dial-traxe-del-pais","status":"publish","type":"post","link":"https:\/\/edublog.educastur.es\/ixuxu\/2019\/09\/dial-traxe-del-pais\/","title":{"rendered":"Dia\u00b4l traxe del pa\u00eds"},"content":{"rendered":"<div class=\"dati1w0a hv4rvrfc osnr6wyh\">\n<div><\/div>\n<div class=\"btwxx1t3 j83agx80 cwj9ozl2\">\n<ul>\n<li><a href=\"https:\/\/indumentaria.com.es\/\">Web INDUMENTARIA<\/a><\/li>\n<\/ul>\n<\/div>\n<\/div>\n<div><img loading=\"lazy\" decoding=\"async\" class=\"wp-image-812 aligncenter\" src=\"http:\/\/edublog.educastur.es\/ixuxu\/files\/2019\/09\/indumentaria2019.jpg\" alt=\"\" width=\"696\" height=\"464\" srcset=\"https:\/\/edublog.educastur.es\/ixuxu\/files\/2019\/09\/indumentaria2019.jpg 1920w, https:\/\/edublog.educastur.es\/ixuxu\/files\/2019\/09\/indumentaria2019-300x200.jpg 300w, https:\/\/edublog.educastur.es\/ixuxu\/files\/2019\/09\/indumentaria2019-1024x683.jpg 1024w, https:\/\/edublog.educastur.es\/ixuxu\/files\/2019\/09\/indumentaria2019-768x512.jpg 768w, https:\/\/edublog.educastur.es\/ixuxu\/files\/2019\/09\/indumentaria2019-1536x1024.jpg 1536w, https:\/\/edublog.educastur.es\/ixuxu\/files\/2019\/09\/indumentaria2019-1000x667.jpg 1000w, https:\/\/edublog.educastur.es\/ixuxu\/files\/2019\/09\/indumentaria2019-450x300.jpg 450w\" sizes=\"auto, (max-width: 696px) 100vw, 696px\" \/><\/div>\n<div><\/div>\n<div>\n<div class=\"service clearfix col-md-4\">\n<div class=\"list-item\">\n<div class=\"content\">\n<p><span style=\"font-size: 14px\"><strong><span style=\"font-family: tahoma, arial, helvetica, sans-serif\">El domingu 29 de setiembre va ser un d\u00eda dedic\u00e1u al traxe\u2019l pa\u00eds, onde\u2019l nuestru paxellu tradicional tenga\u2019l protagonismu que merez, porque, anque siempre ta presente en toles celebraciones asturianes, ye de xusticia que tenga una fiesta propia: un d\u00eda pa vistir, llucir y vivir el traxe.<a href=\"http:\/\/Pod\u00e9is consultar les bases en: indumentaria.com.es\/bases\"> Bases<\/a><\/span><\/strong><\/span><\/p>\n<p><!--more--><\/p>\n<div class=\"service clearfix col-md-4\">\n<div class=\"list-item\">\n<div class=\"content\">\n<h3><span style=\"font-size: 14px\"><strong><span style=\"font-family: tahoma, arial, helvetica, sans-serif\">Convidamos a tola xente que vista reproducciones de traxes asturianos de la segunda met\u00e1 del sieglu XIX a llenar la villa de Grau y el so merc\u00e1u, entamando una fiesta que ye reivindicaci\u00f3n de la cultura asturiana onde se pueda ver y ense\u00f1ar la nuestra ropa tradicional.<\/span><\/strong><\/span><\/h3>\n<\/div>\n<p><span style=\"font-size: 14px\"><strong><span style=\"font-family: tahoma, arial, helvetica, sans-serif\">Indumentaria naz pa que se valoren los traxes tradicionales asturianos, pa difundir el conocimientu de la nuestra ropa tradicional, pa promover la escelencia nel vistir y na confecci\u00f3n de prendes tradicionales que son reproducciones de les documentaes na \u00e9poca citada. Indumentaria quier ser tami\u00e9n un est\u00edmulu y un reconocimientu de les persones que fueron faciendo traxes del pa\u00eds con aciertu y fidelid\u00e1 a la tradici\u00f3n.<\/span><\/strong><\/span><\/p>\n<div class=\"content\">\n<p><span style=\"font-size: 14px\"><strong><span style=\"font-family: tahoma, arial, helvetica, sans-serif\">El domingu 29\u00a0de setiembre va ser un d\u00eda dedic\u00e1u al traxe\u2019l pa\u00eds, onde\u2019l nuestru paxellu tradicional tenga\u2019l protagonismu que merez, porque, anque siempre ta presente en toles celebraciones asturianes, ye de xusticia que tenga una fiesta propia: un d\u00eda pa vistir, llucir y vivir el traxe.<\/span><\/strong><\/span><\/p>\n<\/div>\n<\/div>\n<\/div>\n<\/div>\n<\/div>\n<\/div>\n<\/div>\n<div class=\"dati1w0a hv4rvrfc osnr6wyh\">\n<div class=\"btwxx1t3 j83agx80 cwj9ozl2\">\n<div class=\"j83agx80 cbu4d94t ew0dbk1b irj2b8pg\">\n<div class=\"qzhwtbm6 knvmm38d\">\n<div class=\"nc684nl6\"><a class=\"oajrlxb2 g5ia77u1 qu0x051f esr5mh6w e9989ue4 r7d6kgcz rq0escxv nhd2j8a9 nc684nl6 p7hjln8o kvgmc6g5 cxmmr5t8 oygrvhab hcukyx3x jb3vyjys rz4wbd8a qt6c0cv9 a8nywdso i1ao9s8h esuyzwwr f1sip0of lzcic4wl oo9gr5id gpro0wi8 lrazzd5p\" role=\"link\" href=\"https:\/\/www.facebook.com\/concursuindumentaria\/?__cft__[0]=AZWfwNuV5omeOogbY_XJVokrSf86sx49npKCdYsI6OXXc5vyO27xbeTYWb2NJGn1hopAJQJRb5u5ZDQm804dfIoqpGsMZPnqqjjeBLDHcAQLv_QoZozwR-E9DtBOlE757rK8FqFWoloeRP0_o5QPhFd0J3cyXLmR3kJ22ihvedrmSfiVLdTZ2DYwuXVtlqJBUGA&amp;__tn__=-UC%2CP-y-R\"><strong>Indumentaria. D\u00eda&#8217;l traxe<\/strong><\/a><\/div>\n<\/div>\n<div class=\"qzhwtbm6 knvmm38d\"><span class=\"oi732d6d ik7dh3pa d2edcug0 hpfvmrgz qv66sw1b c1et5uql a8c37x1j hop8lmos enqfppq2 e9vueds3 j5wam9gi knj5qynh m9osqain hzawbc8m\" dir=\"auto\"><span class=\"tojvnm2t a6sixzi8 abs2jz4q a8s20v7p t1p8iaqh k5wvi7nf q3lfd5jv pk4s997a bipmatt0 cebpdrjk qowsmv63 owwhemhu dp1hu0rb dhp61c6y iyyx5f41\"><a class=\"oajrlxb2 g5ia77u1 qu0x051f esr5mh6w e9989ue4 r7d6kgcz rq0escxv nhd2j8a9 nc684nl6 p7hjln8o kvgmc6g5 cxmmr5t8 oygrvhab hcukyx3x jb3vyjys rz4wbd8a qt6c0cv9 a8nywdso i1ao9s8h esuyzwwr f1sip0of lzcic4wl gmql0nx0 gpro0wi8 b1v8xokw\" role=\"link\" href=\"https:\/\/www.facebook.com\/concursuindumentaria\/posts\/2601043746584993?__cft__[0]=AZWfwNuV5omeOogbY_XJVokrSf86sx49npKCdYsI6OXXc5vyO27xbeTYWb2NJGn1hopAJQJRb5u5ZDQm804dfIoqpGsMZPnqqjjeBLDHcAQLv_QoZozwR-E9DtBOlE757rK8FqFWoloeRP0_o5QPhFd0J3cyXLmR3kJ22ihvedrmSfiVLdTZ2DYwuXVtlqJBUGA&amp;__tn__=%2CO%2CP-y-R\" aria-label=\"30 de septiembre de 2019\"><span class=\"gpro0wi8 j1lvzwm4 stjgntxs ni8dbmo4 q9uorilb\" aria-labelledby=\"jsc_c_1j\" aria-label=\"30 de septiembre de 2019\"><b class=\"b6zbclly myohyog2 l9j0dhe7 aenfhxwr l94mrbxd ihxqhq3m nc684nl6 t5a262vz sdhka5h4\">30 de setiembre de 2019<\/b><\/span><\/a><\/span><span class=\"jpp8pzdo\"><span aria-hidden=\"true\">\u00a0\u00b7\u00a0<\/span><\/span><\/span><\/div>\n<\/div>\n<\/div>\n<\/div>\n<div class=\"\" dir=\"auto\">\n<div class=\"\" dir=\"auto\">\n<div class=\"ecm0bbzt hv4rvrfc ihqw7lf3 dati1w0a\" data-ad-comet-preview=\"message\" data-ad-preview=\"message\">\n<div class=\"j83agx80 cbu4d94t ew0dbk1b irj2b8pg\">\n<div class=\"qzhwtbm6 knvmm38d\">\n<div class=\"kvgmc6g5 cxmmr5t8 oygrvhab hcukyx3x c1et5uql ii04i59q\">\n<div dir=\"auto\">\n<p>Les persones que llevaron les distinciones d&#8217;Indumentaria 2019 fueron Loreto Su\u00e1rez Fern\u00e1ndez (1.er Premiu categor\u00eda Muyer), Xuan Fernandi Bas (1.er Premiu categor\u00eda Home), \u00c1gueda Garc\u00eda Hevia (2.u Premiu categor\u00eda Muyer), V\u00edctor Medina Lobo (2.u Premiu categor\u00eda Home), Carmen Mar\u00eda Rodr\u00edguez Armada (3.er Premiu categor\u00eda Muyer) y Luis \u00c1ngel Fern\u00e1ndez Santos (3.er Premiu categor\u00eda Home). Queremos da-yos les felicidaes y agradecer a Caja Rural de Asturias, que, col so patrociniu, fixera posible estos premios. Foto:<\/p>\n<ul>\n<li class=\"nc684nl6\"><a href=\"https:\/\/www.facebook.com\/ojosdehojalata\/\">Ojos de Hojalata Fot\u00f3grafo<\/a><\/li>\n<\/ul>\n<\/div>\n<\/div>\n<\/div>\n<\/div>\n<\/div>\n<\/div>\n<\/div>\n","protected":false},"excerpt":{"rendered":"<p>Web INDUMENTARIA El domingu 29 de setiembre va ser un d\u00eda dedic\u00e1u al traxe\u2019l pa\u00eds, onde\u2019l nuestru paxellu tradicional tenga\u2019l protagonismu que merez, porque, anque siempre ta presente en toles celebraciones asturianes, ye de xusticia que tenga una fiesta propia: un d\u00eda pa vistir, llucir y vivir el traxe. Bases<\/p>\n","protected":false},"author":117,"featured_media":0,"comment_status":"closed","ping_status":"open","sticky":false,"template":"","format":"standard","meta":{"footnotes":""},"categories":[6],"tags":[],"class_list":["post-808","post","type-post","status-publish","format-standard","hentry","category-dia-de"],"_links":{"self":[{"href":"https:\/\/edublog.educastur.es\/ixuxu\/wp-json\/wp\/v2\/posts\/808","targetHints":{"allow":["GET"]}}],"collection":[{"href":"https:\/\/edublog.educastur.es\/ixuxu\/wp-json\/wp\/v2\/posts"}],"about":[{"href":"https:\/\/edublog.educastur.es\/ixuxu\/wp-json\/wp\/v2\/types\/post"}],"author":[{"embeddable":true,"href":"https:\/\/edublog.educastur.es\/ixuxu\/wp-json\/wp\/v2\/users\/117"}],"replies":[{"embeddable":true,"href":"https:\/\/edublog.educastur.es\/ixuxu\/wp-json\/wp\/v2\/comments?post=808"}],"version-history":[{"count":5,"href":"https:\/\/edublog.educastur.es\/ixuxu\/wp-json\/wp\/v2\/posts\/808\/revisions"}],"predecessor-version":[{"id":9853,"href":"https:\/\/edublog.educastur.es\/ixuxu\/wp-json\/wp\/v2\/posts\/808\/revisions\/9853"}],"wp:attachment":[{"href":"https:\/\/edublog.educastur.es\/ixuxu\/wp-json\/wp\/v2\/media?parent=808"}],"wp:term":[{"taxonomy":"category","embeddable":true,"href":"https:\/\/edublog.educastur.es\/ixuxu\/wp-json\/wp\/v2\/categories?post=808"},{"taxonomy":"post_tag","embeddable":true,"href":"https:\/\/edublog.educastur.es\/ixuxu\/wp-json\/wp\/v2\/tags?post=808"}],"curies":[{"name":"wp","href":"https:\/\/api.w.org\/{rel}","templated":true}]}}