{"id":818,"date":"2020-08-25T08:56:56","date_gmt":"2020-08-25T06:56:56","guid":{"rendered":"https:\/\/edublog.educastur.es\/ixuxu\/?p=818"},"modified":"2020-08-30T17:02:51","modified_gmt":"2020-08-30T15:02:51","slug":"la-flota-del-bonitu-aumenta-un-11-la-so-rentabilida","status":"publish","type":"post","link":"https:\/\/edublog.educastur.es\/ixuxu\/2020\/08\/la-flota-del-bonitu-aumenta-un-11-la-so-rentabilida\/","title":{"rendered":"La flota del bonitu aumenta un 11% la so rentabilid\u00e1"},"content":{"rendered":"<p><a href=\"https:\/\/enenutricio.files.wordpress.com\/2012\/05\/atun-bonito.jpg\"><img loading=\"lazy\" decoding=\"async\" class=\"alignnone size-full\" src=\"https:\/\/enenutricio.files.wordpress.com\/2012\/05\/atun-bonito.jpg\" width=\"650\" height=\"347\" \/><\/a><br \/>\n<span style=\"font-family: tahoma, arial, helvetica, sans-serif\">La flota del bonitu aumenta un 11% la so rentabilid\u00e1 na costera d&#8217;angua\u00f1o, que se cerr\u00f3 ayeri con un balance de 986.716 quilos. La campa\u00f1a desenvolvi\u00f3se con normalid\u00e1 y tolos barcos y rules tuvieron llibres d&#8217;andaes por coronavirus. <\/span><span style=\"color: #008080\"><strong><span style=\"font-family: tahoma, arial, helvetica, sans-serif\">Les captures nel Princip\u00e1u caltienense\u00a0 l&#8217;alza y doblen les de va tr\u00e9s a\u00f1os<\/span><\/strong><\/span><\/p>\n<p><span style=\"font-family: tahoma, arial, helvetica, sans-serif\">La flota asturiana gan\u00f3 3.937.000 euros na campa\u00f1a del bonitu d&#8217;angua\u00f1o, un 11% m\u00e1s que na de 2019. La costera, que se cerr\u00f3 ayeri, desenvolviose con normalid\u00e1 magar la crisis sanitaria y tanto los barcos como les rules tuvieron llibres d&#8217;andaes del Covid-19. Nesta ocasi\u00f3n, participaron 55 barcos, dos m\u00e1s que nel exerciciu pas\u00e1u, que prindaron 986.716 quilos. Esta cifra evidencia una encl\u00edn a l&#8217;alza nes captures, que dende 2017, con 426.000 quilos, dobl\u00e1ronse.<\/span><\/p>\n<p><span style=\"font-family: tahoma, arial, helvetica, sans-serif\">Nes rules asturianes, ente toles flotes (la del Princip\u00e1u y les d&#8217;otres comunidaes), descarg\u00e1ronse 1.988.573 kilogramos. Los precios en primer vienta caltuvi\u00e9ronse ya inclusive en dalgunes rules super\u00e1ronse los de 2019.<\/span><\/p>\n<p><span style=\"font-family: tahoma, arial, helvetica, sans-serif\">El preciu medio asiti\u00f3se en 3,99 euros, polo que&#8217;l volume de vientes d&#8217;esta costera pa la flota de la comunid\u00e1 algam\u00f3 los 7.934.406 euros. L&#8217;a\u00f1u pas\u00e1u, descarg\u00e1ronse 2.298.598 quilos que se vendieron a un costu mediu de 3,92 euros. La costera del bonitu empez\u00f3 a mediaos de mayu con incertidume en relaci\u00f3n a la rentabilid\u00e1 de la campa\u00f1a. Sicas\u00ed, el balance final ye m\u00e1s positivu qu&#8217;en 2019.<\/span><\/p>\n<p><!--more--><\/p>\n<p><span style=\"font-family: tahoma, arial, helvetica, sans-serif\">El tope de la cuota de bonitu afitase nos 16.620.000 quilos. La captura d&#8217;esta especie realizase por aciu pesca ol\u00edmpica; esto ye, toles flotes pesquen lo que pueden cuanto antes. Angua\u00f1o, al igual que los dos anteriores, di\u00e9ronse unes condiciones \u00f3ptimes nel Golfu de Vizcaya, lo que favoreci\u00f3 un consumu mediu d&#8217;ente 150 y 200 tonelaes diaries. Por tollo, la costera cerr\u00f3se prematuramente el 19 d&#8217;agostu, tr\u00e9s d\u00edes primero que la campa\u00f1a pasada.<\/span><\/p>\n<p><span style=\"font-family: tahoma, arial, helvetica, sans-serif\">La pesquer\u00eda del at\u00fan blancu (bonitu del norte) xesti\u00f3nase al travi\u00e9s del total almitible de captures (TAC) impuestu pola Comisi\u00f3n Internacional pal Caltenimientu del At\u00fan Atl\u00e1nticu (ICCAT). Angua\u00f1o va establecese un nuevu TAC pa los tr\u00e9s pr\u00f3ximes costeres, lo que constata les fayadices esistencies de bonitu del norte. El Gobiernu d&#8217;Asturies conf\u00eda en qu&#8217;esti fechu repercuta nuna mayor cuota pa 2021.<\/span><\/p>\n<p><span style=\"font-family: tahoma, arial, helvetica, sans-serif\">Fonte: <a href=\"http:\/\/movil.asturias.es\/portal\/site\/webasturias\/menuitem.6282925f26d862bcbc2b3510f2300030\/?vgnextoid=2b85f6f824324710VgnVCM10000097030a0aRCRD&amp;i18n.http.lang=es\">Gobiernu del Princip\u00e1u<\/a><\/span><\/p>\n","protected":false},"excerpt":{"rendered":"<p>La flota del bonitu aumenta un 11% la so rentabilid\u00e1 na costera d&#8217;angua\u00f1o, que se cerr\u00f3 ayeri con un balance de 986.716 quilos. La campa\u00f1a desenvolvi\u00f3se con normalid\u00e1 y tolos barcos y rules tuvieron llibres d&#8217;andaes por coronavirus. Les captures nel Princip\u00e1u caltienense\u00a0 l&#8217;alza y doblen les de va tr\u00e9s a\u00f1os La flota asturiana gan\u00f3 [&hellip;]<\/p>\n","protected":false},"author":117,"featured_media":0,"comment_status":"closed","ping_status":"open","sticky":false,"template":"","format":"standard","meta":{"footnotes":""},"categories":[29,4],"tags":[],"class_list":["post-818","post","type-post","status-publish","format-standard","hentry","category-articulos","category-natura"],"_links":{"self":[{"href":"https:\/\/edublog.educastur.es\/ixuxu\/wp-json\/wp\/v2\/posts\/818","targetHints":{"allow":["GET"]}}],"collection":[{"href":"https:\/\/edublog.educastur.es\/ixuxu\/wp-json\/wp\/v2\/posts"}],"about":[{"href":"https:\/\/edublog.educastur.es\/ixuxu\/wp-json\/wp\/v2\/types\/post"}],"author":[{"embeddable":true,"href":"https:\/\/edublog.educastur.es\/ixuxu\/wp-json\/wp\/v2\/users\/117"}],"replies":[{"embeddable":true,"href":"https:\/\/edublog.educastur.es\/ixuxu\/wp-json\/wp\/v2\/comments?post=818"}],"version-history":[{"count":2,"href":"https:\/\/edublog.educastur.es\/ixuxu\/wp-json\/wp\/v2\/posts\/818\/revisions"}],"predecessor-version":[{"id":820,"href":"https:\/\/edublog.educastur.es\/ixuxu\/wp-json\/wp\/v2\/posts\/818\/revisions\/820"}],"wp:attachment":[{"href":"https:\/\/edublog.educastur.es\/ixuxu\/wp-json\/wp\/v2\/media?parent=818"}],"wp:term":[{"taxonomy":"category","embeddable":true,"href":"https:\/\/edublog.educastur.es\/ixuxu\/wp-json\/wp\/v2\/categories?post=818"},{"taxonomy":"post_tag","embeddable":true,"href":"https:\/\/edublog.educastur.es\/ixuxu\/wp-json\/wp\/v2\/tags?post=818"}],"curies":[{"name":"wp","href":"https:\/\/api.w.org\/{rel}","templated":true}]}}