{"id":8331,"date":"2021-08-04T23:07:34","date_gmt":"2021-08-04T21:07:34","guid":{"rendered":"https:\/\/edublog.educastur.es\/ixuxu\/?p=8331"},"modified":"2021-08-04T23:07:48","modified_gmt":"2021-08-04T21:07:48","slug":"8331","status":"publish","type":"post","link":"https:\/\/edublog.educastur.es\/ixuxu\/2021\/08\/8331\/","title":{"rendered":"Puertas FIlmFest:\u00a0 Festival de cine independiente de Puertas de Cabrales"},"content":{"rendered":"<p><span class=\"d2edcug0 hpfvmrgz qv66sw1b c1et5uql lr9zc1uh a8c37x1j keod5gw0 nxhoafnm aigsh9s9 d3f4x2em fe6kdd0r mau55g9w c8b282yb iv3no6db jq4qci2q a3bd9o3v knj5qynh oo9gr5id hzawbc8m\" dir=\"auto\"><a href=\"https:\/\/www.puertasfilmfest.org\/wp-content\/uploads\/2021\/07\/Poster-1-1096x1536.jpg\"><img loading=\"lazy\" decoding=\"async\" class=\"alignnone\" src=\"https:\/\/www.puertasfilmfest.org\/wp-content\/uploads\/2021\/07\/Poster-1-1096x1536.jpg\" alt=\"\" width=\"280\" height=\"392\" \/><\/a>\/<a class=\"custom-logo-link\" href=\"https:\/\/www.puertasfilmfest.org\/\" rel=\"home\"><img loading=\"lazy\" decoding=\"async\" class=\"custom-logo\" src=\"https:\/\/www.puertasfilmfest.org\/wp-content\/uploads\/2020\/08\/AF_logoPuertas-01-768x768-1.png\" alt=\"Puertas FIlmFest\" width=\"266\" height=\"266\" \/><\/a><\/span><\/p>\n<p><span class=\"d2edcug0 hpfvmrgz qv66sw1b c1et5uql lr9zc1uh a8c37x1j keod5gw0 nxhoafnm aigsh9s9 d3f4x2em fe6kdd0r mau55g9w c8b282yb iv3no6db jq4qci2q a3bd9o3v knj5qynh oo9gr5id hzawbc8m\" dir=\"auto\"><a class=\"oajrlxb2 g5ia77u1 qu0x051f esr5mh6w e9989ue4 r7d6kgcz rq0escxv nhd2j8a9 nc684nl6 p7hjln8o kvgmc6g5 cxmmr5t8 oygrvhab hcukyx3x jb3vyjys rz4wbd8a qt6c0cv9 a8nywdso i1ao9s8h esuyzwwr f1sip0of lzcic4wl q66pz984 gpro0wi8 b1v8xokw\" role=\"link\" href=\"https:\/\/www.facebook.com\/PuertasFilmFest\/?__cft__[0]=AZU_DM4Sn5xrQUUUGXAO76cAFfnqI74Og4dGQQVqgwvB6j3YsAuF9gPKybCL29vq0mHeV2Zi0O6Y72-b6en1yVsX3m7Cb9uuExHvF5Bqmd60urJtwQKHTwwHzN9D_68RE8KLPazwMwi09afLp67y5gQpFWbByA377KePOjyqabZIkWzSxQ_XMRYOEJJlTS6Ch6s&amp;__tn__=kK-R\"><span class=\"nc684nl6\">Puertas Filmfest<\/span><\/a> <\/span> presenta la so programaci\u00f3n. Una edici\u00f3n m\u00e1s, collaboramos con esti certame tan especial. El s\u00e1badu, <span class=\"d2edcug0 hpfvmrgz qv66sw1b c1et5uql lr9zc1uh a8c37x1j keod5gw0 nxhoafnm aigsh9s9 d3f4x2em fe6kdd0r mau55g9w c8b282yb iv3no6db jq4qci2q a3bd9o3v knj5qynh oo9gr5id hzawbc8m\" dir=\"auto\"><a class=\"oajrlxb2 g5ia77u1 qu0x051f esr5mh6w e9989ue4 r7d6kgcz rq0escxv nhd2j8a9 nc684nl6 p7hjln8o kvgmc6g5 cxmmr5t8 oygrvhab hcukyx3x jb3vyjys rz4wbd8a qt6c0cv9 a8nywdso i1ao9s8h esuyzwwr f1sip0of lzcic4wl q66pz984 gpro0wi8 b1v8xokw\" role=\"link\" href=\"https:\/\/www.facebook.com\/pablo.demariadiaz?__cft__[0]=AZU_DM4Sn5xrQUUUGXAO76cAFfnqI74Og4dGQQVqgwvB6j3YsAuF9gPKybCL29vq0mHeV2Zi0O6Y72-b6en1yVsX3m7Cb9uuExHvF5Bqmd60urJtwQKHTwwHzN9D_68RE8KLPazwMwi09afLp67y5gQpFWbByA377KePOjyqabZIkWzSxQ_XMRYOEJJlTS6Ch6s&amp;__tn__=-]K-R\"><span class=\"nc684nl6\">Pablo De Mar\u00eda D\u00edaz<\/span><\/a> <\/span>va presentar una ayalga que vos ufiertemos en <span class=\"d2edcug0 hpfvmrgz qv66sw1b c1et5uql lr9zc1uh a8c37x1j keod5gw0 nxhoafnm aigsh9s9 d3f4x2em fe6kdd0r mau55g9w c8b282yb iv3no6db jq4qci2q a3bd9o3v knj5qynh oo9gr5id hzawbc8m\" dir=\"auto\"> <a class=\"oajrlxb2 g5ia77u1 qu0x051f esr5mh6w e9989ue4 r7d6kgcz rq0escxv nhd2j8a9 nc684nl6 p7hjln8o kvgmc6g5 cxmmr5t8 oygrvhab hcukyx3x jb3vyjys rz4wbd8a qt6c0cv9 a8nywdso i1ao9s8h esuyzwwr f1sip0of lzcic4wl q66pz984 gpro0wi8 b1v8xokw\" role=\"link\" href=\"https:\/\/www.facebook.com\/hashtag\/saco7?__eep__=6&amp;__cft__[0]=AZU_DM4Sn5xrQUUUGXAO76cAFfnqI74Og4dGQQVqgwvB6j3YsAuF9gPKybCL29vq0mHeV2Zi0O6Y72-b6en1yVsX3m7Cb9uuExHvF5Bqmd60urJtwQKHTwwHzN9D_68RE8KLPazwMwi09afLp67y5gQpFWbByA377KePOjyqabZIkWzSxQ_XMRYOEJJlTS6Ch6s&amp;__tn__=*NK-R\">#saco7<\/a>:<\/span> <strong><span style=\"color: #008080\">\u201cDeseyando amar\u201d<\/span><\/strong>. Planazu para la pr\u00f3xima selmana.<\/p>\n<ul>\n<li><a href=\"https:\/\/www.puertasfilmfest.org\/2021\/05\/31\/programacion-2021\/?fbclid=IwAR1RrQ8HDLJPtgRYwwUENX2-9gB5lD5Q_HhlYXzQneLB_f_QSNdg_ygOEyc\">Programaci\u00f3n 2021<\/a><\/li>\n<li><a href=\"https:\/\/www.puertasfilmfest.org\/\"><span style=\"color: #008080\"><strong><span class=\"screen-reader-text\">Puertas FIlmFest:\u00a0 <\/span><\/strong>Festival de cine independiente de Puertas de Cabrales<\/span><\/a><\/li>\n<li><a href=\"https:\/\/www.puertasfilmfest.org\/\">https:\/\/www.puertasfilmfest.org\/<\/a><\/li>\n<\/ul>\n<p>&nbsp;<\/p>\n<div class=\"site-logo faux-heading\"><\/div>\n","protected":false},"excerpt":{"rendered":"<p>\/ Puertas Filmfest presenta la so programaci\u00f3n. Una edici\u00f3n m\u00e1s, collaboramos con esti certame tan especial. El s\u00e1badu, Pablo De Mar\u00eda D\u00edaz va presentar una ayalga que vos ufiertemos en #saco7: \u201cDeseyando amar\u201d. Planazu para la pr\u00f3xima selmana. Programaci\u00f3n 2021 Puertas FIlmFest:\u00a0 Festival de cine independiente de Puertas de Cabrales https:\/\/www.puertasfilmfest.org\/ &nbsp;<\/p>\n","protected":false},"author":117,"featured_media":0,"comment_status":"open","ping_status":"open","sticky":false,"template":"","format":"standard","meta":{"footnotes":""},"categories":[204],"tags":[],"class_list":["post-8331","post","type-post","status-publish","format-standard","hentry","category-festivales"],"_links":{"self":[{"href":"https:\/\/edublog.educastur.es\/ixuxu\/wp-json\/wp\/v2\/posts\/8331","targetHints":{"allow":["GET"]}}],"collection":[{"href":"https:\/\/edublog.educastur.es\/ixuxu\/wp-json\/wp\/v2\/posts"}],"about":[{"href":"https:\/\/edublog.educastur.es\/ixuxu\/wp-json\/wp\/v2\/types\/post"}],"author":[{"embeddable":true,"href":"https:\/\/edublog.educastur.es\/ixuxu\/wp-json\/wp\/v2\/users\/117"}],"replies":[{"embeddable":true,"href":"https:\/\/edublog.educastur.es\/ixuxu\/wp-json\/wp\/v2\/comments?post=8331"}],"version-history":[{"count":3,"href":"https:\/\/edublog.educastur.es\/ixuxu\/wp-json\/wp\/v2\/posts\/8331\/revisions"}],"predecessor-version":[{"id":8334,"href":"https:\/\/edublog.educastur.es\/ixuxu\/wp-json\/wp\/v2\/posts\/8331\/revisions\/8334"}],"wp:attachment":[{"href":"https:\/\/edublog.educastur.es\/ixuxu\/wp-json\/wp\/v2\/media?parent=8331"}],"wp:term":[{"taxonomy":"category","embeddable":true,"href":"https:\/\/edublog.educastur.es\/ixuxu\/wp-json\/wp\/v2\/categories?post=8331"},{"taxonomy":"post_tag","embeddable":true,"href":"https:\/\/edublog.educastur.es\/ixuxu\/wp-json\/wp\/v2\/tags?post=8331"}],"curies":[{"name":"wp","href":"https:\/\/api.w.org\/{rel}","templated":true}]}}