{"id":8342,"date":"2021-08-04T23:55:29","date_gmt":"2021-08-04T21:55:29","guid":{"rendered":"https:\/\/edublog.educastur.es\/ixuxu\/?p=8342"},"modified":"2021-08-04T23:55:29","modified_gmt":"2021-08-04T21:55:29","slug":"la-web-de-renfe-ya-utiliza-la-toponimiaoficial-asturiana-nos-trayectos-de-llarga-distancia","status":"publish","type":"post","link":"https:\/\/edublog.educastur.es\/ixuxu\/2021\/08\/la-web-de-renfe-ya-utiliza-la-toponimiaoficial-asturiana-nos-trayectos-de-llarga-distancia\/","title":{"rendered":"La web de @Renfe  y\u00e1 utiliza la #toponimiaoficial asturiana nos trayectos de llarga distancia"},"content":{"rendered":"<div class=\"css-1dbjc4n\">\n<div class=\"css-1dbjc4n r-1s2bzr4\">\n<div dir=\"auto\" lang=\"es\" style=\"text-align: center\"><a href=\"https:\/\/tinypix.top\/images\/2021\/08\/04\/iHDu0.jpg\"><img loading=\"lazy\" decoding=\"async\" class=\"alignnone\" src=\"https:\/\/tinypix.top\/images\/2021\/08\/04\/iHDu0.jpg\" alt=\"\" width=\"537\" height=\"492\" \/><\/a><\/div>\n<div dir=\"auto\" lang=\"es\"><\/div>\n<div id=\"id__8s66zwqb3cn\" class=\"css-901oao r-18jsvk2 r-1qd0xha r-1blvdjr r-16dba41 r-vrz42v r-bcqeeo r-bnwqim r-qvutc0\" dir=\"auto\" lang=\"es\"><span class=\"css-901oao css-16my406 r-poiln3 r-bcqeeo r-qvutc0\">La web de<\/span><span class=\"r-18u37iz\"> <a class=\"css-4rbku5 css-18t94o4 css-901oao css-16my406 r-1n1174f r-1loqt21 r-poiln3 r-bcqeeo r-qvutc0\" role=\"link\" href=\"https:\/\/twitter.com\/Renfe\">@Renfe <\/a><\/span><span class=\"css-901oao css-16my406 r-poiln3 r-bcqeeo r-qvutc0\">y\u00e1 utiliza la <\/span><span class=\"r-18u37iz\"><a class=\"css-4rbku5 css-18t94o4 css-901oao css-16my406 r-1n1174f r-1loqt21 r-poiln3 r-bcqeeo r-qvutc0\" role=\"link\" href=\"https:\/\/twitter.com\/hashtag\/toponimiaoficial?src=hashtag_click\">#toponimiaoficial<\/a><\/span><span class=\"css-901oao css-16my406 r-poiln3 r-bcqeeo r-qvutc0\"> asturiana nos trayectos de llarga distancia <\/span> <span class=\"r-18u37iz\"><a class=\"css-4rbku5 css-18t94o4 css-901oao css-16my406 r-1n1174f r-1loqt21 r-poiln3 r-bcqeeo r-qvutc0\" role=\"link\" href=\"https:\/\/twitter.com\/hashtag\/Oficialid\u00e1EnCam\u00edn?src=hashtag_click\">#Oficialid\u00e1EnCam\u00edn<\/a><\/span><\/div>\n<ul>\n<li><a href=\"https:\/\/twitter.com\/ivanllera_\/status\/1422912813702520836\">Fonte: Tweet d\u00b4Iv\u00e1n Llera<\/a><\/li>\n<\/ul>\n<\/div>\n<\/div>\n","protected":false},"excerpt":{"rendered":"<p>La web de @Renfe y\u00e1 utiliza la #toponimiaoficial asturiana nos trayectos de llarga distancia #Oficialid\u00e1EnCam\u00edn Fonte: Tweet d\u00b4Iv\u00e1n Llera<\/p>\n","protected":false},"author":117,"featured_media":0,"comment_status":"open","ping_status":"open","sticky":false,"template":"","format":"standard","meta":{"footnotes":""},"categories":[51,108],"tags":[],"class_list":["post-8342","post","type-post","status-publish","format-standard","hentry","category-oficialida","category-toponimia"],"_links":{"self":[{"href":"https:\/\/edublog.educastur.es\/ixuxu\/wp-json\/wp\/v2\/posts\/8342","targetHints":{"allow":["GET"]}}],"collection":[{"href":"https:\/\/edublog.educastur.es\/ixuxu\/wp-json\/wp\/v2\/posts"}],"about":[{"href":"https:\/\/edublog.educastur.es\/ixuxu\/wp-json\/wp\/v2\/types\/post"}],"author":[{"embeddable":true,"href":"https:\/\/edublog.educastur.es\/ixuxu\/wp-json\/wp\/v2\/users\/117"}],"replies":[{"embeddable":true,"href":"https:\/\/edublog.educastur.es\/ixuxu\/wp-json\/wp\/v2\/comments?post=8342"}],"version-history":[{"count":1,"href":"https:\/\/edublog.educastur.es\/ixuxu\/wp-json\/wp\/v2\/posts\/8342\/revisions"}],"predecessor-version":[{"id":8343,"href":"https:\/\/edublog.educastur.es\/ixuxu\/wp-json\/wp\/v2\/posts\/8342\/revisions\/8343"}],"wp:attachment":[{"href":"https:\/\/edublog.educastur.es\/ixuxu\/wp-json\/wp\/v2\/media?parent=8342"}],"wp:term":[{"taxonomy":"category","embeddable":true,"href":"https:\/\/edublog.educastur.es\/ixuxu\/wp-json\/wp\/v2\/categories?post=8342"},{"taxonomy":"post_tag","embeddable":true,"href":"https:\/\/edublog.educastur.es\/ixuxu\/wp-json\/wp\/v2\/tags?post=8342"}],"curies":[{"name":"wp","href":"https:\/\/api.w.org\/{rel}","templated":true}]}}