{"id":83887,"date":"2026-08-10T12:07:06","date_gmt":"2026-08-10T10:07:06","guid":{"rendered":"https:\/\/edublog.educastur.es\/ixuxu\/?p=83887"},"modified":"2026-08-17T18:36:24","modified_gmt":"2026-08-17T16:36:24","slug":"prau-lleva-lasturianu-a-la-coleicion-ibby-unesco","status":"publish","type":"post","link":"https:\/\/edublog.educastur.es\/ixuxu\/2026\/08\/prau-lleva-lasturianu-a-la-coleicion-ibby-unesco\/","title":{"rendered":"\u00abPrau\u00bb lleva l\u2019asturianu a la Coleici\u00f3n\u00a0IBBY-UNESCO"},"content":{"rendered":"<div class=\"x_email-root-padding\">\n<div class=\"x_email-post-header\">\n<div class=\"x_post-title-wrapper\">\n<div class=\"x_email-root-padding x_is-layout-flow x_wp-block-post-content-is-layout-flow\">\n<div class=\"x_email-block-layout\">\n<p>El llibru\u00a0<em><strong>Prau<\/strong><\/em>, de\u00a0<strong>Daniel Garc\u00eda Granda y Ester S\u00e1nchez<\/strong>, public\u00e1u por\u00a0<a href=\"https:\/\/www.pintar-pintar.com\/\"><strong>Pintar-Pintar Editorial<\/strong><\/a>, foi seleccion\u00e1u pa formar parte de la\u00a0<strong>Coleici\u00f3n IBBY-UNESCO de llibros notables pa llectores mozos en lling\u00fces ind\u00edxenes y en peligru d\u2019estinci\u00f3n<\/strong>. <a href=\"https:\/\/formientu.com\/noticies\/lasturianu-entra-na-coleccion-ibby-unesco-con-prau\/\">Formientu<\/a> \/ <a href=\"https:\/\/urldefense.com\/v3\/__http:\/\/editoresdeasturias.com\/2026\/08\/07\/prau-lleva-lasturianu-a-la-coleicion-ibby-unesco\/?jetpack_skip_subscription_popup__;!!A1cT_ZQKGRGp-uqtzgM4!yQoGE-XfnosNXO0EPyiZA5sg741sMIcn72nA5oLvzVWpv0WQ8VcwoKnF3Pht33pQaHs9TezY_taLRws8ePDg6dnt$\">Enllaz noticia<\/a><\/p>\n<p style=\"text-align: center\"><a href=\"https:\/\/pintarpintareditorial.blog\/wp-content\/uploads\/2026\/08\/prau-ast.png\"><img loading=\"lazy\" decoding=\"async\" class=\"aligncenter \" src=\"https:\/\/pintarpintareditorial.blog\/wp-content\/uploads\/2026\/08\/prau-ast.png\" width=\"486\" height=\"608\" \/><\/a><\/p>\n<p><!--more--><\/p>\n<\/div>\n<\/div>\n<div>L\u2019asturianu entra na Colecci\u00f3n IBBY-UNESCO con Prau, de Daniel Garc\u00eda Granda y Ester S\u00e1nchez. Edita <span class=\"html-span xdj266r x14z9mp xat24cr x1lziwak xexx8yu xyri2b x18d9i69 x1c1uobl x1hl2dhg x16tdsg8 x1vvkbs\"><a class=\"x1i10hfl xjbqb8w x1ejq31n x18oe1m7 x1sy0etr xstzfhl x972fbf x10w94by x1qhh985 x14e42zd x9f619 x1ypdohk xt0psk2 x3ct3a4 xdj266r x14z9mp xat24cr x1lziwak xexx8yu xyri2b x18d9i69 x1c1uobl x16tdsg8 x1hl2dhg xggy1nq x1a2a7pz xkrqix3 x1sur9pj x1fey0fg x1s688f\" role=\"link\" href=\"https:\/\/www.facebook.com\/PintarPintarEditorial?__cft__[0]=AZZWOPCpt7MyuzV2-97pHe3CJdf4UNTw58fJOYsZgZSu17pGqWng0srlQpK0VXxoAFD7WdDQ3zPo1rqYaWM1TZeQH_O6VZ71cWd71HFCIxfi3l2n9bUnfkURmdcLuMzJPlrT4gyN0u6OihW9lH4R_sw80b-uk8wuDhxmQELUeiysPcF32_rX-udhNHLFI85bf9otFDqXHwjCEUST8tBdxOGo&amp;__tn__=-]K-y-R\"><span class=\"xt0psk2\"><span class=\"xjp7ctv\">Pintar-Pintar Editorial<\/span><\/span><\/a><\/span>\/ El cat\u00e1logu oficial presenta <em>Prau\u00a0<\/em>esplicando que prau ye la pallabra asturiana pa \u2018prado\u2019 y que\u2019l llibru esplora lo qu\u2019esi espaciu significa pa un asturianu: daqu\u00e9 que va muncho m\u00e1s all\u00e1 del paisaxe y que se venceya cola propia idea de pertenencia y de llugar nel mundu.<\/div>\n<div><\/div>\n<div><img decoding=\"async\" src=\"https:\/\/formientu.com\/wp-content\/uploads\/2026\/08\/Captura-de-pantalla-2026-08-17-154937.png\" \/><\/div>\n<div style=\"text-align: center\"><span style=\"color: #008080\"><em>\u00abPa un asturianu, un prau ye\u2019l so llugar nel mundu\u00bb. <\/em><\/span>Daniel G\u00aa Granda<\/div>\n<div>\n<p class=\"wp-block-paragraph\">\u00dan de los aspectos fundamentales de\u00a0<em>Prau\u00a0<\/em>ye que nun se trata d\u2019una obra creada n\u2019otra llingua y traducida dempu\u00e9s al asturianu.<strong>\u00a0El llibru naci\u00f3, foi escritu, ilustr\u00e1u, dise\u00f1\u00e1u y public\u00e1u orixinalmente n\u2019asturianu<\/strong>. La llingua<br \/>\nnun funciona como un a\u00f1ad\u00edu: forma parte del ritmu, de los xuegos verbales, de les im\u00e1xenes y de la rellaci\u00f3n ente pallabra y p\u00e1xina.<\/p>\n<p class=\"wp-block-paragraph\">El testu de Daniel Garc\u00eda Granda av\u00e9rase a la poes\u00eda ensin quedar zarr\u00e1u nuna estructura estr\u00f3fica r\u00edxida. Xuega cola sonorid\u00e1, les asociaciones y les met\u00e1fores. Les ilustraciones y el dise\u00f1u d\u2019Ester S\u00e1nchez prollonguen esi xuegu: dacuando testu ya imaxe avancen na mesma direcci\u00f3n y otres veces abren llectures paraleles.<\/p>\n<p class=\"wp-block-paragraph\">El result\u00e1u ye un llibru nel que la edici\u00f3n forma parte de la llectura. Pallabres, im\u00e1xenes y composici\u00f3n gr\u00e1fica constr\u00fain una socesi\u00f3n de \u2018praos\u2019 distintos, reconocibles y, al empar, imaxinarios.<\/p>\n<\/div>\n<div><\/div>\n<div>Pintar-Pintar ye la \u00fanica editorial espa\u00f1ola presente nesta selecci\u00f3n dedicada a la diversid\u00e1 lling\u00fc\u00edstica na lliteratura infantoxuvenil, con dos t\u00edtulos ente los 169 llibros escoy\u00edos en m\u00e1s de 152 lling\u00fces, ente los que figura <span style=\"color: #008080\"><strong><em>Prau<\/em><\/strong><\/span><\/div>\n<div><\/div>\n<div style=\"text-align: center\"><a href=\"https:\/\/pintarpintareditorial.blog\/wp-content\/uploads\/2026\/08\/2.png?w=768\"><img loading=\"lazy\" decoding=\"async\" class=\"aligncenter \" src=\"https:\/\/pintarpintareditorial.blog\/wp-content\/uploads\/2026\/08\/2.png?w=768\" width=\"513\" height=\"641\" \/><\/a><\/div>\n<div><\/div>\n<div class=\"x_email-root-padding\">La Coleici\u00f3n axunta\u00a0<strong>169 t\u00edtulos en m\u00e1s de 152 lling\u00fces<\/strong>.\u00a0<em>Prau<\/em>\u00a0ye\u00a0<strong>l\u2019\u00fanicu llibru n\u2019asturianu<\/strong>\u00a0y l\u2019asturianu ye, am\u00e1s,\u00a0<strong>la \u00fanica llingua propia d\u2019Espa\u00f1a representada<\/strong>. Pintar-Pintar ta presente con un segundu t\u00edtulu:\u00a0<em><strong>Dos casas, una isla<\/strong><\/em>, de Virginia Read Escobal y Ta\u00edna Almod\u00f3var.<\/div>\n<div><\/div>\n<div style=\"text-align: center\"><a href=\"https:\/\/pintarpintareditorial.blog\/wp-content\/uploads\/2026\/08\/3.png?w=768\"><img loading=\"lazy\" decoding=\"async\" class=\"aligncenter \" src=\"https:\/\/pintarpintareditorial.blog\/wp-content\/uploads\/2026\/08\/3.png?w=768\" width=\"580\" height=\"725\" \/><\/a><\/div>\n<div><\/div>\n<div class=\"x_email-root-padding\">Un arguyu enorme ver <strong>dos t\u00edtulos de Pintar-Pintar<\/strong>\u00a0nesta selecci\u00f3n internacional.<\/div>\n<div style=\"text-align: center\"><a href=\"https:\/\/pintarpintareditorial.blog\/wp-content\/uploads\/2026\/08\/virginia-ast.png?w=768\"><img loading=\"lazy\" decoding=\"async\" class=\"aligncenter \" src=\"https:\/\/pintarpintareditorial.blog\/wp-content\/uploads\/2026\/08\/virginia-ast.png?w=768\" width=\"490\" height=\"613\" \/><\/a><\/div>\n<p style=\"text-align: center\">\n<!-- iframe plugin v.6.0 wordpress.org\/plugins\/iframe\/ -->\n<iframe loading=\"lazy\" width=\"100%\" height=\"406\" src=\"https:\/\/www.youtube.com\/embed\/6Zz3TgQToi8\" title=\"Read and Preserve Indigenous Languages: the IBBY\u2013UNESCO Collection\" frameborder=\"0\" allow=\"accelerometer; autoplay; clipboard-write; encrypted-media; gyroscope; picture-in-picture; web-share\" referrerpolicy=\"strict-origin-when-cross-origin\" 0=\"allowfullscreen\" 1=\"\/iframe\" scrolling=\"yes\" class=\"iframe-class\"><\/iframe>\n<\/p>\n<ul>\n<li class=\"wp-block-paragraph\"><a href=\"https:\/\/pintarpintareditorial.blog\/wp-content\/uploads\/2026\/08\/dosier_prau_ibby_unesco_2026_ast.pdf\" target=\"_blank\" rel=\"noopener\">M\u00e1s informaci\u00f3n y dosier n\u2019asturianu (.PDF)<\/a><\/li>\n<li class=\"wp-block-paragraph\"><a href=\"https:\/\/pintarpintareditorial.blog\/wp-content\/uploads\/2026\/08\/dossier_prau_ibby_unesco_2026_castellano.pdf\" target=\"_blank\" rel=\"noopener\">Dosier en castellano (.PDF)<\/a><\/li>\n<li><a class=\"x_post-title-link\" title=\"https:\/\/urldefense.com\/v3\/__http:\/\/editoresdeasturias.com\/2026\/08\/07\/prau-lleva-lasturianu-a-la-coleicion-ibby-unesco\/?jetpack_skip_subscription_popup__;!!A1cT_ZQKGRGp-uqtzgM4!yQoGE-XfnosNXO0EPyiZA5sg741sMIcn72nA5oLvzVWpv0WQ8VcwoKnF3Pht33pQaHs9TezY_taLRws8ePDg6dnt$\" href=\"https:\/\/urldefense.com\/v3\/__http:\/\/editoresdeasturias.com\/2026\/08\/07\/prau-lleva-lasturianu-a-la-coleicion-ibby-unesco\/?jetpack_skip_subscription_popup__;!!A1cT_ZQKGRGp-uqtzgM4!yQoGE-XfnosNXO0EPyiZA5sg741sMIcn72nA5oLvzVWpv0WQ8VcwoKnF3Pht33pQaHs9TezY_taLRws8ePDg6dnt$\" target=\"_blank\" rel=\"noopener noreferrer\" data-auth=\"NotApplicable\" data-linkindex=\"3\" data-olk-copy-source=\"MessageBody\">\u00abPrau\u00bb lleva l\u2019asturianu a la Coleici\u00f3n\u00a0IBBY-UNESCO<\/a><\/li>\n<\/ul>\n<p class=\"wp-block-paragraph\"><a href=\"https:\/\/www.ibby.org\/awards-activities\/activities\/ibby-unesco-collection-of-remarkable-books-in-indigenous-and-endangered-languages\" target=\"_blank\" rel=\"noopener\">La Coleici\u00f3n<\/a>, presentada nel 40.\u00ba Congresu Mundial d\u2019IBBY n\u2019Ottawa, axunta\u00a0<strong>169 t\u00edtulos en m\u00e1s de 152 lling\u00fces<\/strong>, escoy\u00edos ente cerca de 500 llibros procedentes de tol mundu.<\/p>\n<p class=\"wp-block-paragraph\">Pa n\u00f3s, la noticia tien am\u00e1s una dimensi\u00f3n especialmente importante:\u00a0<strong><em>Prau<\/em>\u00a0ye l\u2019\u00fanicu llibru n\u2019asturianu de la Coleici\u00f3n y l\u2019asturianu ye la \u00fanica llingua propia d\u2019Espa\u00f1a representada<\/strong>.<\/p>\n<p class=\"wp-block-paragraph\">Y hai ent\u00e1 otru datu escepcional:\u00a0<strong>Pintar-Pintar ye la \u00fanica editorial con sede n\u2019Espa\u00f1a presente nel cat\u00e1logu<\/strong>, y ta representada con dos t\u00edtulos. Xunto a\u00a0<em>Prau<\/em>\u00a0foi seleccion\u00e1u tami\u00e9n\u00a0<em><strong>Dos casas, una isla<\/strong><\/em>, de Virginia Read Escobal y Ta\u00edna Almod\u00f3var, proyeutu editorial realiz\u00e1u por Pintar-Pintar pa la Embaxada de la Rep\u00fablica Dominicana ante\u2019l Reinu d\u2019Espa\u00f1a.<\/p>\n<p class=\"wp-block-paragraph\">La Coleici\u00f3n va tener am\u00e1s percorr\u00edu internacional: va quedar depositada de manera permanente na\u00a0<strong>Biblioteca de la UNESCO en Par\u00eds<\/strong>, va contar con conxuntos itinerantes y va tar presente, ente otres cites, en\u00a0<strong>Fr\u00e1ncfort 2026<\/strong>\u00a0y\u00a0<strong>Bolonia 2027<\/strong>.<\/p>\n<p class=\"wp-block-paragraph\">Y n\u00f3s nun podemos evitar pensalo:\u00a0<strong>oxal\u00e1 dalguna d\u2019eses esposiciones pueda llegar tami\u00e9n a Asturies<\/strong>.<\/p>\n<\/div>\n<p class=\"is-style-text-subtitle is-style-text-subtitle--7 wp-block-paragraph\"><span style=\"color: #008080\"><strong>Distribuci\u00f3n global de los 169 t\u00edtulos<\/strong>:\u00a0<\/span><span style=\"color: #008080\">24 \u00b7 \u00c1frica,\u00a0<\/span><span style=\"color: #008080\">16 \u00b7 Asia,\u00a0<\/span><span style=\"color: #008080\">38 \u00b7 Am\u00e9rica Central, del Sur y Caribe,\u00a0<\/span><span style=\"color: #008080\">12 \u00b7 \u00c1rticu,\u00a0<\/span><span style=\"color: #008080\">29 \u00b7 Europa Central y Oriental, Rusia, Asia Central y <\/span><span style=\"color: #008080\">Transcaucasia,\u00a0<\/span><span style=\"color: #008080\">26 \u00b7 Am\u00e9rica del Norte y\u00a0<\/span><span style=\"color: #008080\">24 \u00b7 Pac\u00edficu<\/span><\/p>\n<\/div>\n<\/div>\n<p>&nbsp;<\/p>\n","protected":false},"excerpt":{"rendered":"<p>El llibru\u00a0Prau, de\u00a0Daniel Garc\u00eda Granda y Ester S\u00e1nchez, public\u00e1u por\u00a0Pintar-Pintar Editorial, foi seleccion\u00e1u pa formar parte de la\u00a0Coleici\u00f3n IBBY-UNESCO de llibros notables pa llectores mozos en lling\u00fces ind\u00edxenes y en peligru d\u2019estinci\u00f3n. Formientu \/ Enllaz noticia<\/p>\n","protected":false},"author":117,"featured_media":0,"comment_status":"closed","ping_status":"closed","sticky":false,"template":"","format":"standard","meta":{"footnotes":""},"categories":[480,10,40],"tags":[],"class_list":["post-83887","post","type-post","status-publish","format-standard","hentry","category-europa","category-llibros-reciella","category-pintar-pintar"],"_links":{"self":[{"href":"https:\/\/edublog.educastur.es\/ixuxu\/wp-json\/wp\/v2\/posts\/83887","targetHints":{"allow":["GET"]}}],"collection":[{"href":"https:\/\/edublog.educastur.es\/ixuxu\/wp-json\/wp\/v2\/posts"}],"about":[{"href":"https:\/\/edublog.educastur.es\/ixuxu\/wp-json\/wp\/v2\/types\/post"}],"author":[{"embeddable":true,"href":"https:\/\/edublog.educastur.es\/ixuxu\/wp-json\/wp\/v2\/users\/117"}],"replies":[{"embeddable":true,"href":"https:\/\/edublog.educastur.es\/ixuxu\/wp-json\/wp\/v2\/comments?post=83887"}],"version-history":[{"count":14,"href":"https:\/\/edublog.educastur.es\/ixuxu\/wp-json\/wp\/v2\/posts\/83887\/revisions"}],"predecessor-version":[{"id":84906,"href":"https:\/\/edublog.educastur.es\/ixuxu\/wp-json\/wp\/v2\/posts\/83887\/revisions\/84906"}],"wp:attachment":[{"href":"https:\/\/edublog.educastur.es\/ixuxu\/wp-json\/wp\/v2\/media?parent=83887"}],"wp:term":[{"taxonomy":"category","embeddable":true,"href":"https:\/\/edublog.educastur.es\/ixuxu\/wp-json\/wp\/v2\/categories?post=83887"},{"taxonomy":"post_tag","embeddable":true,"href":"https:\/\/edublog.educastur.es\/ixuxu\/wp-json\/wp\/v2\/tags?post=83887"}],"curies":[{"name":"wp","href":"https:\/\/api.w.org\/{rel}","templated":true}]}}