{"id":8402,"date":"2021-08-04T18:00:54","date_gmt":"2021-08-04T16:00:54","guid":{"rendered":"https:\/\/edublog.educastur.es\/ixuxu\/?p=8402"},"modified":"2021-08-05T02:13:14","modified_gmt":"2021-08-05T00:13:14","slug":"la-tierra-de-ramon-prada-llega-a-lorient","status":"publish","type":"post","link":"https:\/\/edublog.educastur.es\/ixuxu\/2021\/08\/la-tierra-de-ramon-prada-llega-a-lorient\/","title":{"rendered":"La \u201cTierra\u201d de Ram\u00f3n Prada llega a Lorient"},"content":{"rendered":"<p style=\"text-align: center\"><img loading=\"lazy\" decoding=\"async\" class=\"alignnone size-full\" src=\"https:\/\/estaticos-cdn.prensaiberica.es\/clip\/5dec6e41-2436-4da3-966c-9944afb0d126_21-9-aspect-ratio_default_0.jpg\" width=\"1280\" height=\"548\" \/><\/p>\n<p>La \u201cTierra\u201d de Ram\u00f3n Prada llega a Lorient. El festival bret\u00f3n celebra&#8217;l so 50.\u00ba aniversariu col estrenu de la \u00faltima obra del compositor cangu\u00e9s, acompa\u00f1\u00e1u d\u00b4Hevia y Xos\u00e9 Amb\u00e1s.<\/p>\n<ul>\n<li><a href=\"https:\/\/www.lne.es\/sociedad\/2021\/08\/04\/tierra-ramon-prada-llega-lorient-55872186.html?fbclid=IwAR2yFGLpeEkVWMqLKcrdwZpECXjaHpgiPpQDsGUm3RmAjkwxM0VdddVHr-g\">Fonte noticia: LNE<\/a><\/li>\n<\/ul>\n<p><!--more--><\/p>\n<p>El Festival Interc\u00e9lticu de Lorient, que torna angua\u00f1o tres el par\u00f3n del a\u00f1u pas\u00e1u pola pandemia, celebra la so 50.\u00ba aniversariu col estrenu mundial de la nueva obra del compositor asturianu <span style=\"color: #008080\"><strong>Ram\u00f3n Prada.<\/strong><\/span> Lleva por t\u00edtulu <strong><span style=\"color: #008080\">\u201cTierra\u201d<\/span><\/strong> y ye un encargu del festival, dirix\u00edu pol asturianu Lisardo Lombard\u00eda, y de la Orquesta Sinf\u00f3nica de Breta\u00f1a. L&#8217;estrenu d&#8217;esta composici\u00f3n, un cantar a encomalo de la tierra y de la tradici\u00f3n ancestral, onde l&#8217;autor introduz per primer vegada la voz tradicional masculina, va cuntar cola participaci\u00f3n de los cantantes <strong><span style=\"color: #008080\">Xos\u00e9 Amb\u00e1s y Rams\u00e9s Ilesies,<\/span><\/strong> y cola gaita de <span style=\"color: #008080\"><strong>Jos\u00e9 \u00c1ngel Hevia<\/strong><\/span>, l&#8217;int\u00e9rprete m\u00e1s internacional de m\u00fasica tradicional asturiana. L&#8217;estrenu de \u201cTierra\u201d va ser el pr\u00f3ximu d\u00eda 9 d&#8217;agostu.<\/p>\n<p>El Festival de Lorient, qu&#8217;angua\u00f1o va tener un formatu m\u00e1s amenorg\u00e1u poles restricciones de la pandemia, empieza&#8217;l d\u00eda 6 d&#8217;agostu. Asturies tami\u00e9n va tar representada nel zarru de la programaci\u00f3n musical nesta ciud\u00e1 bretona. Va Ser el s\u00e1badu 14, cola actuaci\u00f3n del grupu de folk \u201cFelpeyu\u201d.<\/p>\n<p><strong><span style=\"color: #008080\">El llavian\u00e9s Lisardo Lombard\u00eda va dexar la direcci\u00f3n del certame tres 14 a\u00f1os al frente<\/span><\/strong><\/p>\n<p>Esta edici\u00f3n del festival dedic\u00e1u a la cultura celta va ser tami\u00e9n la postrera na que tea empobin\u00e1u pol asturianu Lisardo Lombard\u00eda. Dende 2007, <span style=\"color: #008080\">Lombard\u00eda ye director xeneral del festival musical de referencia del Arcu Atl\u00e1nticu nel \u00e1mbitu de la m\u00fasica tradicional<\/span>. Tres catorce a\u00f1os morando en Lorient, Lombard\u00eda decidi\u00f3 tornar a Uvi\u00e9u y dexar el testigu \u201ca xeneraciones vinientes bretones\u201d. Lombard\u00eda alude a Breta\u00f1a como la so \u201ccasa\u201d y nun remacaria n&#8217;afalagos escontra una rex\u00f3n \u201cque construy\u00f3 un festival en creaci\u00f3n permanente, onde siempres prevalecieron les idees, l&#8217;esfotu y el saber faer d&#8217;acomu\u00f1ar estes cultures c\u00e9ltiques tan diverses y esvalixaes xeogr\u00e1ficamente, pero tan asemeyaos na so esencia\u201d. Nel so haber tien la organizaci\u00f3n d&#8217;un certame qu&#8217;antes de la pandemia axuntaba \u201cente 600.000 y 800.000 persones. Anque angua\u00f1o, por motivos de segurid\u00e1 evidentes, llindemos l&#8217;aforu m\u00e1ximu a 200.000 persones\u201d, precisa esti defensor de la cultura tradicional asturiana, nac\u00edu en La Pola Llaviana en 1955, m\u00e9dicu de formaci\u00f3n y que mientres 18 a\u00f1os dirixi\u00f3&#8217;l Club Prensa Asturiana de LA NUEVA ESPA\u00d1A.<\/p>\n<p><strong><span style=\"color: #008080\">El Festival de Lorient marc\u00f3se siempres como oxetivu espublizar y compartir la cultura tradicional de raiga\u00f1u celta esistente n&#8217;Escocia, Irlanda, Isla de Man, Breta\u00f1a, Gales, Asturies y Galicia.<\/span><\/strong> El certame cuntaba con un presupuestu de 6 millones d&#8217;euros, pero cola pandemia haise vistu amenorg\u00e1u a un 80% de la so magnit\u00fa. Y\u00e1 nun va haber presencia de los bailles y los desfiles que sol\u00eden enllenar les cais d&#8217;esta localid\u00e1 bretona.<\/p>\n<p>El 50.\u00ba aniversariu diba realizase en 2020, pero tuvo qu&#8217;aplazase pola pandemia. Pa esta celebraci\u00f3n dise\u00f1\u00f3 esti proyectu especial denomin\u00e1u \u201cFinisterres celtiques\u201d, nun macroconciertu conform\u00e1u por una obra de raiga\u00f1u celta que va ser interpretada por unu de los pa\u00edses c\u00e9lticos miembros y sigu\u00edu por diecis\u00e9is m\u00fasicos solistes.<\/p>\n","protected":false},"excerpt":{"rendered":"<p>La \u201cTierra\u201d de Ram\u00f3n Prada llega a Lorient. El festival bret\u00f3n celebra&#8217;l so 50.\u00ba aniversariu col estrenu de la \u00faltima obra del compositor cangu\u00e9s, acompa\u00f1\u00e1u d\u00b4Hevia y Xos\u00e9 Amb\u00e1s. Fonte noticia: LNE<\/p>\n","protected":false},"author":117,"featured_media":0,"comment_status":"open","ping_status":"open","sticky":false,"template":"","format":"standard","meta":{"footnotes":""},"categories":[204,35],"tags":[],"class_list":["post-8402","post","type-post","status-publish","format-standard","hentry","category-festivales","category-musica"],"_links":{"self":[{"href":"https:\/\/edublog.educastur.es\/ixuxu\/wp-json\/wp\/v2\/posts\/8402","targetHints":{"allow":["GET"]}}],"collection":[{"href":"https:\/\/edublog.educastur.es\/ixuxu\/wp-json\/wp\/v2\/posts"}],"about":[{"href":"https:\/\/edublog.educastur.es\/ixuxu\/wp-json\/wp\/v2\/types\/post"}],"author":[{"embeddable":true,"href":"https:\/\/edublog.educastur.es\/ixuxu\/wp-json\/wp\/v2\/users\/117"}],"replies":[{"embeddable":true,"href":"https:\/\/edublog.educastur.es\/ixuxu\/wp-json\/wp\/v2\/comments?post=8402"}],"version-history":[{"count":3,"href":"https:\/\/edublog.educastur.es\/ixuxu\/wp-json\/wp\/v2\/posts\/8402\/revisions"}],"predecessor-version":[{"id":8404,"href":"https:\/\/edublog.educastur.es\/ixuxu\/wp-json\/wp\/v2\/posts\/8402\/revisions\/8404"}],"wp:attachment":[{"href":"https:\/\/edublog.educastur.es\/ixuxu\/wp-json\/wp\/v2\/media?parent=8402"}],"wp:term":[{"taxonomy":"category","embeddable":true,"href":"https:\/\/edublog.educastur.es\/ixuxu\/wp-json\/wp\/v2\/categories?post=8402"},{"taxonomy":"post_tag","embeddable":true,"href":"https:\/\/edublog.educastur.es\/ixuxu\/wp-json\/wp\/v2\/tags?post=8402"}],"curies":[{"name":"wp","href":"https:\/\/api.w.org\/{rel}","templated":true}]}}