{"id":8421,"date":"2021-08-06T10:07:05","date_gmt":"2021-08-06T08:07:05","guid":{"rendered":"https:\/\/edublog.educastur.es\/ixuxu\/?p=8421"},"modified":"2021-08-06T10:27:37","modified_gmt":"2021-08-06T08:27:37","slug":"fidma-el-pabellon-del-gobiernu-na-fidma-va-ser-billingue-dafechu","status":"publish","type":"post","link":"https:\/\/edublog.educastur.es\/ixuxu\/2021\/08\/fidma-el-pabellon-del-gobiernu-na-fidma-va-ser-billingue-dafechu\/","title":{"rendered":"FIDMA: El pabell\u00f3n del Gobiernu, dedic\u00e1u a les rutes xacobees, n\u00b4asturianu"},"content":{"rendered":"<p style=\"text-align: center\"><a href=\"https:\/\/www.asturias.es\/documents\/217090\/794036\/2021_08_05_pabellon_fidma_4.jpg\/472322a8-7640-a419-84f1-3026725f8609?t=1628164259766\"><img loading=\"lazy\" decoding=\"async\" class=\"alignnone\" src=\"https:\/\/www.asturias.es\/documents\/217090\/794036\/2021_08_05_pabellon_fidma_4.jpg\/472322a8-7640-a419-84f1-3026725f8609?t=1628164259766\" alt=\"\" width=\"576\" height=\"432\" \/><\/a><\/p>\n<ul>\n<li><a href=\"https:\/\/asturies.com\/noticies\/el-pabellon-del-gobiernu-na-fidma-dedicau-a-les-rutes-xacobees-va-ser-billingue-dafechu?fbclid=IwAR0X946S8GkeLvpMclrjRvmo6UBrBYxGR_LCkAPnHHdBWR_E4ag0dGify8U\">Asturies.com: El pabell\u00f3n del Gobiernu na FIDMA, <strong>dedic\u00e1u a les rutes xacobees<\/strong>, va ser billing\u00fce dafechu<\/a><\/li>\n<li><a href=\"https:\/\/www.asturias.es\/detalle-noticia\/-\/categories\/572315?p_r_p_categoryId=572315&amp;_com_liferay_asset_categories_navigation_web_portlet_AssetCategoriesNavigationPortlet_articleId=1170768&amp;articleId=1170768&amp;title=El%20Gobierno%20del%20Principado%20lleva%20la%20celebraci%C3%B3n%20del%20Xacob%C3%A9u%20a%20la%20Feria%20de%20Muestras%20y%20dedica%20su%20pabell%C3%B3n%20a%20las%20rutas%20asturianas&amp;redirect=https%3A%2F%2Fwww.asturias.es%2Fnoticias%3Fp_p_id%3Dcom_liferay_asset_publisher_web_portlet_AssetPublisherPortlet_INSTANCE_weoff9hDOzhA%26p_p_lifecycle%3D0%26p_p_state%3Dnormal%26p_p_mode%3Dview\">Asturias.es<\/a><\/li>\n<\/ul>\n<div class=\"field field-name-body field-type-text-with-summary field-label-hidden\">\n<div class=\"field-items\">\n<div class=\"field-item even\">\n<p><a href=\"http:\/\/www.asturiescaminalandar.es\/ast\/\"><span style=\"color: #008080\"><strong>\u2018Asturies, Cam\u00edn al andar\u2019<\/strong> <\/span><\/a>ye\u2019l nome que se pue lleer en cartelos de grandes dimensiones a la entrada del pabell\u00f3n del Gobiernu na <strong>Feria Internacional de Muestres d\u2019Asturies (FIDMA)<\/strong>, qu\u2019abre les sos puertes al p\u00fablicu&#8217;l s\u00e1badu. L\u2019asturianu va tener una presencia importante na esposici\u00f3n de mesmu nome, al ser tolos paneles billing\u00fces.<\/p>\n<ul>\n<li><span style=\"color: #008080\"><strong>FIDMA<\/strong><\/span>: <a href=\"https:\/\/es.wikipedia.org\/wiki\/Feria_Internacional_de_Muestras_de_Asturias\">wiki<\/a> \/<a href=\"https:\/\/www.camaragijon.es\/es\/fidma-63-feria-internacional-de-muestras-de-asturias.html\"> C\u00e1mara<\/a> \/ web\/<a href=\"https:\/\/www.eventbrite.es\/e\/entradas-64o-feria-internacional-de-muestras-de-asturias-fidma-164472426455\"> entraes<\/a> \/ <a href=\"https:\/\/twitter.com\/Feriasturias\">Twitter<\/a><\/li>\n<li><a href=\"http:\/\/www.asturiescaminalandar.es\/ast\/\"><span style=\"color: #008080\"><strong>\u00abAsturies, cam\u00edn al andar\u00bb<\/strong><\/span><\/a><\/li>\n<li>web<a href=\"http:\/\/www.asturiescaminalandar.es\"> http:\/\/www.asturiescaminalandar.es<\/a><\/li>\n<\/ul>\n<p><!--more--><\/p>\n<p>Hasta\u2019l d\u00eda 22 los visitantes al recintu ferial xixon\u00e9s van poder conocer m\u00e1s sobre les tr\u00e9s rutes xacobees que percuerren el pa\u00eds cam\u00edn de Santiago de Compostela. <strong><span style=\"color: #008080\">Son el Primitivu, el de la Costa y el del Salvador, declaraos Patrimoniu de la Humanid\u00e1 pola UNESCO<\/span><\/strong> nel 2015 dientro de los nomaos Caminos de Santiago del Norte.<\/p>\n<p style=\"text-align: center\"><img loading=\"lazy\" decoding=\"async\" class=\"alignnone size-full\" src=\"https:\/\/asturies.com\/sites\/default\/files\/styles\/large\/public\/pabellon_gobiernu_fidma_2021_xacobeu.jpg?itok=drln_d1Y\" width=\"458\" height=\"344\" \/><\/p>\n<p>L\u2019amuesa rellata momentos hist\u00f3ricos d\u2019estes rutes dende\u2019l llugar onde se creo n\u2019orixe, siendo\u2019l primer pelegr\u00edn el monarca asturianu Alfonso II el Castu. A esti primer itinerariu, que parte de la catedral de San Salvador n\u2019Uvi\u00e9u, xuni\u00f3se pronto\u2019l Cam\u00edn de la Costa, que va pela mari\u00f1a asturiana, y el d\u2019El Salvador, qu\u2019usaben los pelegrinos que van pel Camino Franc\u00e9s y opten por desviase hacia la capital asturiana en Lle\u00f3n.<\/p>\n<p>Tolos paneles son billing\u00fces y nellos resp\u00e9tase la toponimia oficial. Compl\u00e9tase l\u2019amuesa \u2018Asturies, Cam\u00edn al andar\u2019 con mapes, fotograf\u00edes y un audiovisual nel que los pelegrinos son los grandes protagonistes, y con una r\u00e9plica de la imaxe del ap\u00f3stol Santiago que se conserva nel Mus\u00e9u d\u2019Arte Sacru de Tin\u00e9u y con otra del frontal del Arca Santa de la catedral d\u2019Uvi\u00e9u.<\/p>\n<p><strong><span style=\"color: #008080\">Actividaes culturales:\u00a0\u00a0 <\/span><\/strong>La Conseyer\u00eda de Cultura integr\u00f3 na programaci\u00f3n del pabell\u00f3n les siguientes propuestes del programa <span style=\"text-decoration: underline\"><strong>Asturies, Cultura en Rede:<\/strong><\/span><\/p>\n<ul>\n<li>7 y 8 d&#8217;agostu, de 12:00 a 14:00 y de 18:00 a 20:00 hores, Lleendes del Cam\u00edn, de Guayomin\u00ed Producciones.<\/li>\n<li>13 d&#8217;agostu, de 18:00 a 20:00 hores, y 20 d&#8217;agostu, de 12:00 a 14:00 hores, gymkhana dixital El primer pelegr\u00edn de Blinca.<\/li>\n<li>14 y 15 d&#8217;agostu, de 12:30 a 14:00 hores, Ruta primitiva per Asturies del Cam\u00edn de Santiago al travi\u00e9s del vestuariu, de Maite Cap\u00edn.<\/li>\n<li>16 d&#8217;agostu, a les 13:00 y a les 19:00 hores, Pelegrines, de Musa Cafe\u00edna.<\/li>\n<li>21 d&#8217;agostu, de 18:30 a 20:00 hores, y 22 d&#8217;agostu, de 12:30 a 14:00 hores, El Xuglar del Cam\u00edn, de Carlos Alba.<\/li>\n<\/ul>\n<p>El pabell\u00f3n del Gobiernu d&#8217;Asturies en Fidma va tar abiertu al p\u00fablicu del 7 al 22 d&#8217;agostu, de 11:00 a 14:00 y de 16:00 a 21:00 hores.<\/p>\n<p><strong>Axenda d\u2019actividaes del programa cultural Xacob\u00e9u<\/strong><\/p>\n<p>Los visitantes tami\u00e9n van poder fotografiase con una imaxe de grandes dimensiones que simula una parada del Cam\u00edn de Santiago de la Costa en Corvera y van atopar un espaciu informativu sobre los alimentos asturianos venceyaos a esta tradici\u00f3n milenaria y una pantalla pa consultar l\u2019axenda d\u2019actividaes del programa cultura Xacob\u00e9u. Dellos van tener como sede\u2019l propiu pabell\u00f3n, como la representaci\u00f3n de \u2018El Xuglar del Cam\u00edn\u2019, de Carlos Alba, los dos d\u00edes \u00faltimos de la sesentena cuarta edici\u00f3n de la Feria: el s\u00e1badu 21 a les 18.30 y a les 20 hores, y el domingu 22 a les 12.30 y a les 14 hores.<\/p>\n<p>Otra manera, el d\u00eda 15 va presentase una p\u00e1xina web con tola informaci\u00f3n sobre\u2019l Xacob\u00e9u y les rutes asturianes, que sirve de complementu a la esposici\u00f3n y que <a href=\"http:\/\/www.asturiescaminalandar.es\/ast\/\">y\u00e1 se pue consultar n\u2019asturianu<\/a>, castellanu y ingl\u00e9s.<\/p>\n<hr \/>\n<p><img loading=\"lazy\" decoding=\"async\" class=\"aligncenter\" src=\"https:\/\/img.evbuc.com\/https%3A%2F%2Fcdn.evbuc.com%2Fimages%2F143117797%2F477124804029%2F1%2Foriginal.20210730-085902?h=2000&amp;w=720&amp;auto=format%2Ccompress&amp;q=75&amp;sharp=10&amp;s=c8e95bc1f6ff93cc3e7c1b8675df7417\" width=\"539\" height=\"728\" \/><\/p>\n<\/div>\n<\/div>\n<\/div>\n","protected":false},"excerpt":{"rendered":"<p>Asturies.com: El pabell\u00f3n del Gobiernu na FIDMA, dedic\u00e1u a les rutes xacobees, va ser billing\u00fce dafechu Asturias.es \u2018Asturies, Cam\u00edn al andar\u2019 ye\u2019l nome que se pue lleer en cartelos de grandes dimensiones a la entrada del pabell\u00f3n del Gobiernu na Feria Internacional de Muestres d\u2019Asturies (FIDMA), qu\u2019abre les sos puertes al p\u00fablicu&#8217;l s\u00e1badu. L\u2019asturianu va [&hellip;]<\/p>\n","protected":false},"author":117,"featured_media":0,"comment_status":"open","ping_status":"open","sticky":false,"template":"","format":"standard","meta":{"footnotes":""},"categories":[167,110,183],"tags":[],"class_list":["post-8421","post","type-post","status-publish","format-standard","hentry","category-feries","category-xacobeo-2021","category-xixon"],"_links":{"self":[{"href":"https:\/\/edublog.educastur.es\/ixuxu\/wp-json\/wp\/v2\/posts\/8421","targetHints":{"allow":["GET"]}}],"collection":[{"href":"https:\/\/edublog.educastur.es\/ixuxu\/wp-json\/wp\/v2\/posts"}],"about":[{"href":"https:\/\/edublog.educastur.es\/ixuxu\/wp-json\/wp\/v2\/types\/post"}],"author":[{"embeddable":true,"href":"https:\/\/edublog.educastur.es\/ixuxu\/wp-json\/wp\/v2\/users\/117"}],"replies":[{"embeddable":true,"href":"https:\/\/edublog.educastur.es\/ixuxu\/wp-json\/wp\/v2\/comments?post=8421"}],"version-history":[{"count":6,"href":"https:\/\/edublog.educastur.es\/ixuxu\/wp-json\/wp\/v2\/posts\/8421\/revisions"}],"predecessor-version":[{"id":8433,"href":"https:\/\/edublog.educastur.es\/ixuxu\/wp-json\/wp\/v2\/posts\/8421\/revisions\/8433"}],"wp:attachment":[{"href":"https:\/\/edublog.educastur.es\/ixuxu\/wp-json\/wp\/v2\/media?parent=8421"}],"wp:term":[{"taxonomy":"category","embeddable":true,"href":"https:\/\/edublog.educastur.es\/ixuxu\/wp-json\/wp\/v2\/categories?post=8421"},{"taxonomy":"post_tag","embeddable":true,"href":"https:\/\/edublog.educastur.es\/ixuxu\/wp-json\/wp\/v2\/tags?post=8421"}],"curies":[{"name":"wp","href":"https:\/\/api.w.org\/{rel}","templated":true}]}}