{"id":84224,"date":"2026-08-11T19:55:46","date_gmt":"2026-08-11T17:55:46","guid":{"rendered":"https:\/\/edublog.educastur.es\/ixuxu\/?p=84224"},"modified":"2026-08-11T16:05:30","modified_gmt":"2026-08-11T14:05:30","slug":"84224","status":"publish","type":"post","link":"https:\/\/edublog.educastur.es\/ixuxu\/2026\/08\/84224\/","title":{"rendered":"&#8216;El Prau a la lluz del ecl\u00eds&#8217;. L&#8217;ecl\u00eds solar tresforma les obres maestres&#8230;"},"content":{"rendered":"<p>La pinacoteca adelantrase al ecl\u00eds del 12 d&#8217;agostu con una pieza audiovisual que modifica&#8217;l llume de 11 pintures por aciu la intelixencia artificial. <a href=\"https:\/\/www.lne.es\/cultura\/2026\/08\/11\/prado-redibuja-obras-maestras-luz-eclipse-cambian-meninas-goya-velazquez-rubens-133260009.html?utm_campaign=mrf-facebook-nuevaespana&amp;utm_source=facebook&amp;utm_medium=social&amp;mrfcid=202608116a7af1974c360a434d853c19\">LNE<\/a><\/p>\n<p style=\"text-align: center\"><a href=\"https:\/\/estaticos-cdn.prensaiberica.es\/clip\/13434898-6b79-484b-b23d-fc3358f148e4_16-9-aspect-ratio_default_1495732.webp\"><img loading=\"lazy\" decoding=\"async\" class=\"aligncenter size-large\" src=\"https:\/\/estaticos-cdn.prensaiberica.es\/clip\/13434898-6b79-484b-b23d-fc3358f148e4_16-9-aspect-ratio_default_1495732.webp\" width=\"880\" height=\"495\" \/><\/a><\/p>\n<p>L&#8217;ecl\u00eds solar tresforma les obres maestres del Mus\u00e9u del Prau\u00a0\/ Mus\u00e9u del Prau<\/p>\n<p>\u00bfQu\u00e9 asoceder\u00eda si la lluz qu&#8217;envolubra a &#8216;Les meninas&#8217; empezara a sumise? \u00bfQu\u00e9 aspeutu tendr\u00eda la Prader\u00eda de San Isidro&#8217; de Goya so la estra\u00f1a clarixa d&#8217;un ecl\u00eds? El Mus\u00e9u Nacional del Prau decidi\u00f3 xugar con eses entrugues a les puertes d&#8217;unu de los grandes acontecimientos astron\u00f3micos del branu.<\/p>\n<p><!--more--><\/p>\n<p>Con motivu del ecl\u00eds solar del pr\u00f3ximu 12 d&#8217;agostu, la instituci\u00f3n cre\u00f3 <strong>&#8216;El Prau a la lluz del ecl\u00eds&#8217;<\/strong>, un v\u00eddeu d&#8217;alredor d&#8217;un minutu que somete dalgunes de les sos pintures m\u00e1s conoc\u00edes a unu tresformamientu inesper\u00e1u: alteriar digitalmente la lluz cola que les contemplamos.<\/p>\n<p>L&#8217;esperimentu convierte asina un acontecimientu que va tener llugar nel cielu n&#8217;<strong>una reflex\u00f3n sobro unu de los ingredientes fundamentales de la hestoria de la pintura: la lluz.<\/strong> El percorr\u00edu axunta 11 obres de la colecci\u00f3n del Prau. Vel\u00e1zquez apaez por partida doble con &#8216;Les meninas&#8217; y &#8216;La fragua de Vulcano&#8217;, ente que Goya ta represent\u00e1u por &#8216;El quitasol&#8217; y &#8216;La prader\u00eda de San Isidro&#8217;. A elles suman La Vista&#8217;, de Rubens y Jan Brueghel el Viejo; &#8216;L&#8217;embarco de santo Paula Romana&#8217;, de Claudio de Lorena; y el c\u00e9lebre &#8216;Autorretratu&#8217; d&#8217;Alberto Durero.<\/p>\n<p style=\"text-align: center\"><a href=\"https:\/\/estaticos-cdn.prensaiberica.es\/clip\/ad7be756-1f73-4529-88c5-07e73f9b7468_source-aspect-ratio_default_0_x952y355.webp\"><img loading=\"lazy\" decoding=\"async\" class=\"aligncenter size-large\" src=\"https:\/\/estaticos-cdn.prensaiberica.es\/clip\/ad7be756-1f73-4529-88c5-07e73f9b7468_source-aspect-ratio_default_0_x952y355.webp\" width=\"1905\" height=\"1067\" \/><\/a><\/p>\n<p>&#8216;Las meninas&#8217; (1656), de Diego Vel\u00e1zquez, bajo la luz del eclipse.\u00a0<span class=\"ft-helper-fontWeight-800 ft-helper-text-transform-uppercase\" data-aida-captionauthor=\"\">\/ MUSEO DEL PRADO<\/span><\/p>\n<p>La selecci\u00f3n sigue con &#8216;La Canal de Mancorbo nos Picos d&#8217;Europa&#8217;, de Carlos de Haes; &#8216;La rindici\u00f3n de Bail\u00e9n&#8217;, de Jos\u00e9 Cas\u00e1u del Alisal; &#8216;El sua\u00f1u de Jacob&#8217;, de Jos\u00e9 de Ribera; y &#8216;La nacencia del Sol y el trunfu de Baco&#8217;, de Corrado Giaquinto.<\/p>\n<p><strong>La elecci\u00f3n dexa comprobar hasta qu\u00e9 puntu un camb\u00e9u aparentemente tan senciellu como&#8217;l llume puede alteriar la nuesa percepci\u00f3n d&#8217;una composici\u00f3n.<\/strong> Paisaxes abiertos, interiores, semeyes y escenes mitol\u00f3xiques respuenden de manera distinta cuando la clarid\u00e1 habitual empieza a esmorecese.<\/p>\n<p>En &#8216;Les meninas&#8217;, por casu, ese xuego resulta especialmente suxerente. La obra de Vel\u00e1zquez ta construyida sobro un sofistic\u00e1u equilibriu de focos lluminosos, zones de clarixa y distintos planos de fondura.<\/p>\n<p style=\"text-align: center\"><a href=\"https:\/\/estaticos-cdn.prensaiberica.es\/clip\/70f6207c-d0eb-4486-8bc1-0abeecc90dd6_source-aspect-ratio_default_0_x957y358.webp\"><img loading=\"lazy\" decoding=\"async\" class=\"aligncenter size-large\" src=\"https:\/\/estaticos-cdn.prensaiberica.es\/clip\/70f6207c-d0eb-4486-8bc1-0abeecc90dd6_source-aspect-ratio_default_0_x957y358.webp\" width=\"1915\" height=\"1074\" \/><\/a><\/p>\n<p>&#8216;L&#8217;embarco de santo Paula romana&#8217; (1640), de Claudio de Lorena. \/ MUS\u00c9U DEL PRAU<\/p>\n<p>La propuesta<strong> combina intelixencia artificial, t\u00e9cniques de creaci\u00f3n dixital ya intervenci\u00f3n gr\u00e1fica.<\/strong> La producci\u00f3n, desenvuelta pol estudiu AMB Piensa, empleg\u00f3 ferramientes capaces de xenerar fondura, movimientos de c\u00e1mara y variaciones progresives de llume sobro les imaxes de los cuadros.<\/p>\n<p>La resultancia nun pretende sustituyir la esperiencia frente al cuadru nin reconstruyir cient\u00edficamente qu\u00e9 asoceder\u00eda en ca\u00fana d&#8217;eses escenes mientres un ecl\u00eds. El fen\u00f3menu funciona, sobremanera, como <strong>un recursu visual pa plantegar una cuesti\u00f3n muncho m\u00e1s amestada a la pintura: hasta qu\u00e9 puntu vemos xuna obra d&#8217;una manera o otra dependiendo de la lluz que lo arrodia.<\/strong><\/p>\n<p>&nbsp;<\/p>\n","protected":false},"excerpt":{"rendered":"<p>La pinacoteca adelantrase al ecl\u00eds del 12 d&#8217;agostu con una pieza audiovisual que modifica&#8217;l llume de 11 pintures por aciu la intelixencia artificial. LNE L&#8217;ecl\u00eds solar tresforma les obres maestres del Mus\u00e9u del Prau\u00a0\/ Mus\u00e9u del Prau \u00bfQu\u00e9 asoceder\u00eda si la lluz qu&#8217;envolubra a &#8216;Les meninas&#8217; empezara a sumise? \u00bfQu\u00e9 aspeutu tendr\u00eda la Prader\u00eda de [&hellip;]<\/p>\n","protected":false},"author":117,"featured_media":0,"comment_status":"closed","ping_status":"closed","sticky":false,"template":"","format":"standard","meta":{"footnotes":""},"categories":[89,261,15,30],"tags":[],"class_list":["post-84224","post","type-post","status-publish","format-standard","hentry","category-arte","category-intelixencia-artificial","category-museos","category-pintura"],"_links":{"self":[{"href":"https:\/\/edublog.educastur.es\/ixuxu\/wp-json\/wp\/v2\/posts\/84224","targetHints":{"allow":["GET"]}}],"collection":[{"href":"https:\/\/edublog.educastur.es\/ixuxu\/wp-json\/wp\/v2\/posts"}],"about":[{"href":"https:\/\/edublog.educastur.es\/ixuxu\/wp-json\/wp\/v2\/types\/post"}],"author":[{"embeddable":true,"href":"https:\/\/edublog.educastur.es\/ixuxu\/wp-json\/wp\/v2\/users\/117"}],"replies":[{"embeddable":true,"href":"https:\/\/edublog.educastur.es\/ixuxu\/wp-json\/wp\/v2\/comments?post=84224"}],"version-history":[{"count":6,"href":"https:\/\/edublog.educastur.es\/ixuxu\/wp-json\/wp\/v2\/posts\/84224\/revisions"}],"predecessor-version":[{"id":84230,"href":"https:\/\/edublog.educastur.es\/ixuxu\/wp-json\/wp\/v2\/posts\/84224\/revisions\/84230"}],"wp:attachment":[{"href":"https:\/\/edublog.educastur.es\/ixuxu\/wp-json\/wp\/v2\/media?parent=84224"}],"wp:term":[{"taxonomy":"category","embeddable":true,"href":"https:\/\/edublog.educastur.es\/ixuxu\/wp-json\/wp\/v2\/categories?post=84224"},{"taxonomy":"post_tag","embeddable":true,"href":"https:\/\/edublog.educastur.es\/ixuxu\/wp-json\/wp\/v2\/tags?post=84224"}],"curies":[{"name":"wp","href":"https:\/\/api.w.org\/{rel}","templated":true}]}}