{"id":8439,"date":"2021-08-06T10:41:02","date_gmt":"2021-08-06T08:41:02","guid":{"rendered":"https:\/\/edublog.educastur.es\/ixuxu\/?p=8439"},"modified":"2021-08-15T20:30:36","modified_gmt":"2021-08-15T18:30:36","slug":"jose-manuel-ricu-fala-de-la-nueva-prteccion-paral-cachuchu","status":"publish","type":"post","link":"https:\/\/edublog.educastur.es\/ixuxu\/2021\/08\/jose-manuel-ricu-fala-de-la-nueva-prteccion-paral-cachuchu\/","title":{"rendered":"Ampliaci\u00f3n de la reserva marina d&#8217;El Cachuchu"},"content":{"rendered":"<p style=\"text-align: center\"><a href=\"https:\/\/stgcdnvod.codev8.net\/ondemand\/a4cddea6-ded3-40dd-9d14-fd6102bdd736\/35351b85-83f8-4675-b80a-a01b80fdb21f_Fast_H,500,1200,.mp4.m3u8\"><img loading=\"lazy\" decoding=\"async\" class=\"alignnone\" src=\"https:\/\/www.rtpa.es\/fotos\/\/17\/07\/20170710203157_cachucho.jpg\" alt=\"\" width=\"853\" height=\"480\" \/><\/a><\/p>\n<ul>\n<li>Fonte: RTPA: <span style=\"color: #008080\">Falamos de la nueva protecci\u00f3n para&#8217;l Cachuchu col catedr\u00e1ticu Jos\u00e9 Manuel Ricu.<\/span><\/li>\n<li><a href=\"https:\/\/www.lne.es\/asturias\/2021\/08\/05\/picos-europa-mar-55921336.html\"><strong>Noticia actualiz\u00e1 LNE<\/strong><\/a><\/li>\n<li><a href=\"https:\/\/www.rtpa.es\/noticias-nacional-ast:El-Gobierno-aprueba-la-ampliacion-de-la-reserva-marina-El-Cachucho_111627994996.html\"><span style=\"font-size: 20px\">El Gobiernu aprueba l&#8217;ampliaci\u00f3n de la reserva marina d&#8217;El Cachuchu<\/span><\/a><\/li>\n<li>RTPA: <a href=\"https:\/\/www.rtpa.es\/noticias-ciencia:-A-revision-la-proteccion-de-El-Cachucho_111499687693.html\">noticia 2017<\/a> \/ <a href=\"https:\/\/www.rtpa.es\/noticias-nacional-ast:El-Gobierno-aprueba-la-ampliacion-de-la-reserva-marina-El-Cachucho_111627994996.html\">3 d\u00b4agostu 2021<\/a> \/ <a href=\"https:\/\/www.europapress.es\/asturianu\/noticia-aprobaul-segundu-plan-xestion-lampliacion-cachuchu-20210803200455.html?fbclid=IwAR2nuGTLoShWDspTUHtZrlpIg1ADsJlPGYqygeKZvtXIqr-odNMjpD3-FvM\">Noticia EuropaPress<\/a> \/<\/li>\n<li><a href=\"https:\/\/www.facebook.com\/RTPAoficial\/videos\/188903249947768\">Videu en Facebook<\/a><\/li>\n<\/ul>\n<h4 class=\"font-size-l padding-b-20\"><span style=\"color: #008080\">El Cachuchu ye un ecosistema mar\u00edn asiti\u00e1u no fondero del Mar Cant\u00e1bricu.<\/span><\/h4>\n<p>Aprob\u00e1u&#8217;l segundu plan de xesti\u00f3n y l&#8217;ampliaci\u00f3n de &#8216;El Cachuchu&#8217;. El xarabal Le Danois, m\u00e1s conoc\u00edu como \u00abEl Cachuchu\u00bb, foi declar\u00e1u reserva marina pa la so protecci\u00f3n en marzu del 2008, convirti\u00e9ndose na primer zona marina protexida n&#8217;Espa\u00f1a, qu&#8217;agora va ser ampliada.<\/p>\n<p><!--more--><\/p>\n<p>El Gobiernu aprob\u00f3 esti martes l&#8217;ampliaci\u00f3n de la reserva marina d&#8217;El Cachuchu, un ecosistema asiti\u00e1u no fondero del Mar Cant\u00e1bricu, seg\u00fan anunci\u00f3 la vicepresidenta cuarta y ministra pa la Transici\u00f3n Ecol\u00f3xica y Retu Demogr\u00e1ficu, Teresa Ribera, na rueda de prensa posterior al Conseyu de Ministros.<\/p>\n<p>El xarabal Le Danois, m\u00e1s conoc\u00edu como \u00abEl Cachuchu\u00bb, foi declar\u00e1u reserva marina pa la so protecci\u00f3n en marzu del 2008, convirti\u00e9ndose na primer zona marina protexida n&#8217;Espa\u00f1a, qu&#8217;agora va ser ampliada.<\/p>\n<p>El Cachuchu ye un ecosistema mar\u00edn asiti\u00e1u no fondero del Mar Cant\u00e1bricu, a unos 65 kil\u00f3metros de la mari\u00f1a al altor d&#8217;Asturies.\u200b<\/p>\n<div>\n<p>El Conseyu de Ministros, a propuesta del Ministeriu pa la Transici\u00f3n Ecol\u00f3xica y el Retu Demogr\u00e1ficu (Miteco), aprob\u00f3 esti martes el Real Decretu que regula y ampl\u00eda l&#8217;<span style=\"color: #008080\">\u00c1rea Marina Protex\u00eda y la Zona Especial de Caltenimientu &#8216;El Cachuchu&#8217;<\/span>. En concreto, increment\u00f3se en 26.714 hect\u00e1rees la so \u00e1rea inicial, dexando un total de 261.664 hect\u00e1rees protex\u00edes, y s&#8217;actualiz\u00f3s la regulaci\u00f3n d&#8217;usos y actividaes de la zona.<\/p>\n<p><span style=\"color: #008080\"><strong>El Cachuchu ye una gran monte submar\u00edn que s&#8217;alza dende los m\u00e1s de cuatro mil metros de fondura de la llanura abisal del golfu de Vizcaya hasta los 425 metros sobro&#8217;l nivel del mar.<\/strong> El so cume alcu\u00e9ntrase frente a Ribesella (Asturies), a 65 kil\u00f3metros de la mari\u00f1a.<\/span> Seg\u00fan inform\u00f3&#8217;l Gobiernu, esti espaciu mar\u00edn ye un ecosistema de gran importancia nel nuesu pa\u00eds, pos alberga una gran varied\u00e1 d&#8217;h\u00e1bitats y especies protex\u00edes por diverses directives europees y convenios internacionales, como&#8217;l Conveniu pa la protecci\u00f3n del mediu ambiente mar\u00edn del Atl\u00e1nticu nordeste (Conveniu Ospar). Dalgunes de les especies que pueden atopase nesti territoriu son la tortuga boba (Caretta caretta) o&#8217;l delf\u00edn mular (Tursiops truncatus).<\/p>\n<p>El Cachuchu foi declar\u00e1u como espaciu protex\u00edu por mor del Real Decretu en 2011, cuando foi aprob\u00e1u, cola mesma, el so primer plan de xesti\u00f3n. Esti plan recoy\u00eda les mid\u00edes de protecci\u00f3n correspondientes tanto pa l&#8217;<strong><span style=\"color: #008080\">\u00c1rea Marina Protex\u00eda como pa la Zona d&#8217;Especial Caltenimientu.<\/span><\/strong><\/p>\n<\/div>\n","protected":false},"excerpt":{"rendered":"<p>Fonte: RTPA: Falamos de la nueva protecci\u00f3n para&#8217;l Cachuchu col catedr\u00e1ticu Jos\u00e9 Manuel Ricu. Noticia actualiz\u00e1 LNE El Gobiernu aprueba l&#8217;ampliaci\u00f3n de la reserva marina d&#8217;El Cachuchu RTPA: noticia 2017 \/ 3 d\u00b4agostu 2021 \/ Noticia EuropaPress \/ Videu en Facebook El Cachuchu ye un ecosistema mar\u00edn asiti\u00e1u no fondero del Mar Cant\u00e1bricu. Aprob\u00e1u&#8217;l segundu [&hellip;]<\/p>\n","protected":false},"author":117,"featured_media":0,"comment_status":"open","ping_status":"open","sticky":false,"template":"","format":"standard","meta":{"footnotes":""},"categories":[4],"tags":[],"class_list":["post-8439","post","type-post","status-publish","format-standard","hentry","category-natura"],"_links":{"self":[{"href":"https:\/\/edublog.educastur.es\/ixuxu\/wp-json\/wp\/v2\/posts\/8439","targetHints":{"allow":["GET"]}}],"collection":[{"href":"https:\/\/edublog.educastur.es\/ixuxu\/wp-json\/wp\/v2\/posts"}],"about":[{"href":"https:\/\/edublog.educastur.es\/ixuxu\/wp-json\/wp\/v2\/types\/post"}],"author":[{"embeddable":true,"href":"https:\/\/edublog.educastur.es\/ixuxu\/wp-json\/wp\/v2\/users\/117"}],"replies":[{"embeddable":true,"href":"https:\/\/edublog.educastur.es\/ixuxu\/wp-json\/wp\/v2\/comments?post=8439"}],"version-history":[{"count":5,"href":"https:\/\/edublog.educastur.es\/ixuxu\/wp-json\/wp\/v2\/posts\/8439\/revisions"}],"predecessor-version":[{"id":8677,"href":"https:\/\/edublog.educastur.es\/ixuxu\/wp-json\/wp\/v2\/posts\/8439\/revisions\/8677"}],"wp:attachment":[{"href":"https:\/\/edublog.educastur.es\/ixuxu\/wp-json\/wp\/v2\/media?parent=8439"}],"wp:term":[{"taxonomy":"category","embeddable":true,"href":"https:\/\/edublog.educastur.es\/ixuxu\/wp-json\/wp\/v2\/categories?post=8439"},{"taxonomy":"post_tag","embeddable":true,"href":"https:\/\/edublog.educastur.es\/ixuxu\/wp-json\/wp\/v2\/tags?post=8439"}],"curies":[{"name":"wp","href":"https:\/\/api.w.org\/{rel}","templated":true}]}}