{"id":84444,"date":"2026-08-12T23:00:01","date_gmt":"2026-08-12T21:00:01","guid":{"rendered":"https:\/\/edublog.educastur.es\/ixuxu\/?p=84444"},"modified":"2026-08-20T14:22:56","modified_gmt":"2026-08-20T12:22:56","slug":"les-meyores-imaxes-del-eclis","status":"publish","type":"post","link":"https:\/\/edublog.educastur.es\/ixuxu\/2026\/08\/les-meyores-imaxes-del-eclis\/","title":{"rendered":"Les meyores imaxes del ecl\u00eds"},"content":{"rendered":"<p style=\"text-align: center\"><a href=\"https:\/\/pbs.twimg.com\/media\/HPfFSkZWoAA0ABH?format=jpg&amp;name=medium\"><img loading=\"lazy\" decoding=\"async\" class=\"aligncenter \" src=\"https:\/\/pbs.twimg.com\/media\/HPfFSkZWoAA0ABH?format=jpg&amp;name=medium\" width=\"295\" height=\"197\" \/><\/a><\/p>\n<p style=\"text-align: center\">\n<!-- iframe plugin v.6.0 wordpress.org\/plugins\/iframe\/ -->\n<iframe loading=\"lazy\" src=\"https:\/\/www.facebook.com\/plugins\/post.php?href=https%3A%2F%2Fwww.facebook.com%2Fruben.canet.50%2Fposts%2Fpfbid02i2XJ4NF5Fu6CTVmcVNWy3BqjLtbenzffi8seDsGes2jGqwFHVMSA2pSX3BR7D9dgl&#038;show_text=true&#038;width=500\" width=\"500\" height=\"679\" style=\"border:none;overflow:hidden\" scrolling=\"no\" frameborder=\"0\" allowfullscreen=\"true\" allow=\"autoplay; clipboard-write; encrypted-media; picture-in-picture; web-share\" 0=\"\/iframe\" class=\"iframe-class\"><\/iframe>\n<\/p>\n<p>Espa\u00f1a vivi\u00f3 una escena que paez sacada d&#8217;una pel\u00edcula. \ud83c\udf11\ud83d\udd25 <a href=\"https:\/\/www.facebook.com\/reel\/1028936250006350\">Reel Rub\u00e9n D\u00edaz<\/a> \/<\/p>\n<p><!--more--><\/p>\n<div>Tr\u00e9s xoyes del ecl\u00eds total qu&#8217;apenes duren unos segundos: l&#8217;an\u00edu de diamante, les perlles de Bailey y l&#8217;espectacular corona solar. <a href=\"https:\/\/www.facebook.com\/reel\/1029923470035668\">REEL<\/a><\/div>\n<div><\/div>\n<div style=\"text-align: center\">\n<!-- iframe plugin v.6.0 wordpress.org\/plugins\/iframe\/ -->\n<iframe loading=\"lazy\" src=\"https:\/\/www.facebook.com\/plugins\/post.php?href=https%3A%2F%2Fwww.facebook.com%2Fruben.canet.50%2Fposts%2Fpfbid02WVqAtNZSCzpepNf69nwgMAUpmes7pk7SZ8jwVRhq79MMNb6Q4LjEC1jipX8zyQNAl&#038;show_text=true&#038;width=500\" width=\"500\" height=\"640\" style=\"border:none;overflow:hidden\" scrolling=\"no\" frameborder=\"0\" allowfullscreen=\"true\" allow=\"autoplay; clipboard-write; encrypted-media; picture-in-picture; web-share\" 0=\"\/iframe\" class=\"iframe-class\"><\/iframe>\n<\/div>\n<div>L&#8217;ventu astron\u00f3micu del a\u00f1u, que nel centru d\u2019Uvi\u00e9u vivimos asina. Ensin ver el Sol, baxo les nubes, na Plaza de la Escandalera: la lluz cayendo hasta que se fixo de nueche a les 20:30 hores. Y les campanes repicando Asturias, patria querida sobre la ciud\u00e1 en silenciu. 109 segundos. Nun fixo falta ver el Sol pa sentilo too. <a href=\"https:\/\/www.facebook.com\/share\/v\/1MScZxtT9n\/\"><strong>REEL<\/strong> <\/a><span class=\"html-span xexx8yu xyri2b x18d9i69 x1c1uobl x1hl2dhg x16tdsg8 x1vvkbs x3nfvp2 x1j61x8r x1fcty0u xdj266r xat24cr xm2jcoa x1mpyi22 xxymvpz xlup9mm x1kky2od\"><img loading=\"lazy\" decoding=\"async\" class=\"xz74otr x15mokao x1ga7v0g x16uus16 xbiv7yw\" src=\"https:\/\/static.xx.fbcdn.net\/images\/emoji.php\/v9\/ta1\/1\/16\/a9.png\" alt=\"\u00a9\ufe0f\" width=\"16\" height=\"16\" \/><\/span> Riki Corte \/ Naturaller \/ <a class=\"x1i10hfl xjbqb8w x1ejq31n x18oe1m7 x1sy0etr xstzfhl x972fbf x10w94by x1qhh985 x14e42zd x9f619 x1ypdohk xt0psk2 x3ct3a4 xdj266r x14z9mp xat24cr x1lziwak xexx8yu xyri2b x18d9i69 x1c1uobl x16tdsg8 x1hl2dhg xggy1nq x1a2a7pz xkrqix3 x1sur9pj x1fey0fg x1s688f\" role=\"link\" href=\"https:\/\/www.facebook.com\/hashtag\/oviedo2031?__cft__[0]=AZY5nNbxzom5y8WFXQSwZSXH8mUDQcXdo_QbF69cTeL4GwOYKOLcro4Gvzqviif-oo3cY-AgAKCkS5CbdnZlfVMvLVvMahaHtFcHlDAj2FGgTmq9yksobCYmFVTb3sNGJCJ7GZM0YAM4amRmsE1pMzUKV1pNogQ5dc_JjGZu1SIjBpFucf0qI505MCnXgfackequ9ZD4e-JBApLcLi1UDUrSWXhkK4n_06GTZLWHAzn4mA&amp;__tn__=*NK-y-R\">#Oviedo2031<\/a>\/ <a class=\"x1i10hfl xjbqb8w x1ejq31n x18oe1m7 x1sy0etr xstzfhl x972fbf x10w94by x1qhh985 x14e42zd x9f619 x1ypdohk xt0psk2 x3ct3a4 xdj266r x14z9mp xat24cr x1lziwak xexx8yu xyri2b x18d9i69 x1c1uobl x16tdsg8 x1hl2dhg xggy1nq x1a2a7pz xkrqix3 x1sur9pj x1fey0fg x1s688f\" role=\"link\" href=\"https:\/\/www.facebook.com\/hashtag\/amabilid%C3%A2?__cft__[0]=AZY5nNbxzom5y8WFXQSwZSXH8mUDQcXdo_QbF69cTeL4GwOYKOLcro4Gvzqviif-oo3cY-AgAKCkS5CbdnZlfVMvLVvMahaHtFcHlDAj2FGgTmq9yksobCYmFVTb3sNGJCJ7GZM0YAM4amRmsE1pMzUKV1pNogQ5dc_JjGZu1SIjBpFucf0qI505MCnXgfackequ9ZD4e-JBApLcLi1UDUrSWXhkK4n_06GTZLWHAzn4mA&amp;__tn__=*NK-y-R\">#Amabilid\u00e2<\/a>\u00a0\/<a class=\"x1i10hfl xjbqb8w x1ejq31n x18oe1m7 x1sy0etr xstzfhl x972fbf x10w94by x1qhh985 x14e42zd x9f619 x1ypdohk xt0psk2 x3ct3a4 xdj266r x14z9mp xat24cr x1lziwak xexx8yu xyri2b x18d9i69 x1c1uobl x16tdsg8 x1hl2dhg xggy1nq x1a2a7pz xkrqix3 x1sur9pj x1fey0fg x1s688f\" role=\"link\" href=\"https:\/\/www.facebook.com\/hashtag\/eclipse?__cft__[0]=AZY5nNbxzom5y8WFXQSwZSXH8mUDQcXdo_QbF69cTeL4GwOYKOLcro4Gvzqviif-oo3cY-AgAKCkS5CbdnZlfVMvLVvMahaHtFcHlDAj2FGgTmq9yksobCYmFVTb3sNGJCJ7GZM0YAM4amRmsE1pMzUKV1pNogQ5dc_JjGZu1SIjBpFucf0qI505MCnXgfackequ9ZD4e-JBApLcLi1UDUrSWXhkK4n_06GTZLWHAzn4mA&amp;__tn__=*NK-y-R\">#Eclipse<\/a><\/div>\n<div><\/div>\n<div style=\"text-align: center\"><a href=\"https:\/\/estaticos-cdn.prensaiberica.es\/clip\/69fad83a-a9f7-4e4f-bfed-472baac54106_16-9-discover-aspect-ratio_default_0_x798y799.webp\"><img loading=\"lazy\" decoding=\"async\" class=\"aligncenter size-large\" src=\"https:\/\/estaticos-cdn.prensaiberica.es\/clip\/69fad83a-a9f7-4e4f-bfed-472baac54106_16-9-discover-aspect-ratio_default_0_x798y799.webp\" width=\"1200\" height=\"675\" \/><\/a><\/div>\n<div style=\"text-align: center\">L&#8217;ecl\u00eds, dientro del Ojo de Buey de Pe\u00f1a Mea. <span class=\"ft-helper-fontWeight-800 ft-helper-text-transform-uppercase\" data-aida-captionauthor=\"\">\/ <strong>Gijs de Reijke<\/strong> <a href=\"https:\/\/www.lne.es\/asturias\/2026\/08\/16\/holanda-ojo-buey-pena-mea-133391900.html?fbclid=IwY2xjawTvuS5wZG9mBWV4dG4DYWVtAjEwAHNydGMGYXBwX2lkEDIyMjAzOTE3ODgyMDA4OTIAAR5XIXJIRz_0m1J5VMMr_E6oWP61n7iG4b0c03c1V1kh6odaNCu7N6n_8J7WEQ_aem_JHg-e-mR5Nm0aUv6QL3zgw&amp;utm_campaign=mrf-facebook-nuevaespana&amp;utm_source=facebook&amp;utm_medium=social&amp;mrfcid=202608166a81524520c9d806a80a7bcf\">LNE<\/a><\/span><\/div>\n<div><\/div>\n<div style=\"text-align: center\"><span class=\"x193iq5w xeuugli x13faqbe x1vvkbs x1xmvt09 x1lliihq x1s928wv xhkezso x1gmr53x x1cpjm7i x1fgarty x1943h6x xudqn12 x3x7a5m x1f6kntn xvq8zen xo1l8bm xzsf02u\" dir=\"auto\"><span class=\"x193iq5w xeuugli x13faqbe x1vvkbs xt0psk2 x1i0vuye xvs91rp xo1l8bm x5n08af x10wh9bi xpm28yp x8viiok x1o7cslx x126k92a\"><span class=\"html-span xexx8yu x4uap5 x18d9i69 xkhd6sd x1hl2dhg x16tdsg8 x1vvkbs x3nfvp2 x1j61x8r x1fcty0u xdj266r xat24cr xgzva0m xhhsvwb xxymvpz xlup9mm x1kky2od\">\n<!-- iframe plugin v.6.0 wordpress.org\/plugins\/iframe\/ -->\n<iframe loading=\"lazy\" src=\"https:\/\/www.instagram.com\/p\/Db8Af-HFFTa\/embed\" width=\"500\" height=\"685\" 0=\"\/iframe\" scrolling=\"yes\" class=\"iframe-class\" frameborder=\"0\"><\/iframe>\n<\/span><\/span><\/span><\/div>\n<div><\/div>\n<div style=\"text-align: left\">Por unos intres, deporte y astronom\u00eda coincidieron para crear una imaxe dif\u00edcil d&#8217;escaecer: un skater volando frente a unu de los fen\u00f3menos naturales m\u00e1s impresionantes del planeta. \ud83d\udef9\u2600\ufe0f<\/div>\n<div style=\"text-align: center\">\n<!-- iframe plugin v.6.0 wordpress.org\/plugins\/iframe\/ -->\n<iframe loading=\"lazy\" src=\"https:\/\/www.facebook.com\/plugins\/video.php?height=476&#038;href=https%3A%2F%2Fwww.facebook.com%2Freel%2F907367262432399%2F&#038;show_text=false&#038;width=357&#038;t=0\" width=\"357\" height=\"476\" style=\"border:none;overflow:hidden\" scrolling=\"no\" frameborder=\"0\" allowfullscreen=\"true\" allow=\"autoplay; clipboard-write; encrypted-media; picture-in-picture; web-share\" 0=\"\/iframe\" class=\"iframe-class\"><\/iframe>\n<\/div>\n<div>Delta del Ebro<\/div>\n<div><\/div>\n<div style=\"text-align: center\">\n<!-- iframe plugin v.6.0 wordpress.org\/plugins\/iframe\/ -->\n<iframe loading=\"lazy\" src=\"https:\/\/www.facebook.com\/plugins\/video.php?height=314&#038;href=https%3A%2F%2Fwww.facebook.com%2Freel%2F1614565283626972%2F&#038;show_text=false&#038;width=560&#038;t=0\" width=\"560\" height=\"314\" style=\"border:none;overflow:hidden\" scrolling=\"no\" frameborder=\"0\" allowfullscreen=\"true\" allow=\"autoplay; clipboard-write; encrypted-media; picture-in-picture; web-share\" 0=\"\/iframe\" class=\"iframe-class\"><\/iframe>\n<\/div>\n<div><\/div>\n<div><\/div>\n<div>Esto nun ye IA, ye l&#8217;amor por faer realid\u00e1, anque s\u00eda una sola vegada na vida, aquello que tantu amamos: un homenaxe al nuesu universu.<\/div>\n<div><\/div>\n<div style=\"text-align: center\">\n<!-- iframe plugin v.6.0 wordpress.org\/plugins\/iframe\/ -->\n<iframe loading=\"lazy\" src=\"https:\/\/www.facebook.com\/plugins\/video.php?height=314&#038;href=https%3A%2F%2Fwww.facebook.com%2Freel%2F1040740685344187%2F&#038;show_text=false&#038;width=560&#038;t=0\" width=\"560\" height=\"314\" style=\"border:none;overflow:hidden\" scrolling=\"no\" frameborder=\"0\" allowfullscreen=\"true\" allow=\"autoplay; clipboard-write; encrypted-media; picture-in-picture; web-share\" 0=\"\/iframe\" class=\"iframe-class\"><\/iframe>\n<\/div>\n<div style=\"text-align: center\">\n<!-- iframe plugin v.6.0 wordpress.org\/plugins\/iframe\/ -->\n<iframe loading=\"lazy\" src=\"https:\/\/www.facebook.com\/plugins\/post.php?href=https%3A%2F%2Fwww.facebook.com%2Fphoto.php%3Ffbid%3D1518397090316804%26set%3Da.558659056290617%26type%3D3&#038;show_text=true&#038;width=500\" width=\"500\" height=\"754\" style=\"border:none;overflow:hidden\" scrolling=\"no\" frameborder=\"0\" allowfullscreen=\"true\" allow=\"autoplay; clipboard-write; encrypted-media; picture-in-picture; web-share\" 0=\"\/iframe\" class=\"iframe-class\"><\/iframe>\n<\/div>\n<div><\/div>\n<div style=\"text-align: center\"><a href=\"https:\/\/pbs.twimg.com\/media\/HPn7mzSW4AAPwdV?format=jpg&amp;name=small\"><img loading=\"lazy\" decoding=\"async\" class=\"aligncenter size-large\" src=\"https:\/\/pbs.twimg.com\/media\/HPn7mzSW4AAPwdV?format=jpg&amp;name=small\" width=\"563\" height=\"680\" \/><\/a><\/div>\n<div><\/div>\n<div>\n<div class=\"html-div xdj266r x14z9mp xat24cr x1lziwak xexx8yu x1a8lsjc xf7dkkf xv54qhq\">\n<div class=\"html-div xdj266r x14z9mp xat24cr x1lziwak xexx8yu xyri2b x18d9i69 x1c1uobl x1jx94hy x78zum5 x1q0g3np\">\n<div class=\"x78zum5 xdt5ytf xz62fqu x16ldp7u\">\n<div class=\"xu06os2 x1ok221b\">\n<div class=\"html-div xdj266r x14z9mp xat24cr x1lziwak xexx8yu xyri2b x18d9i69 x1c1uobl\" data-ad-rendering-role=\"profile_name\">\n<div class=\"xt0psk2\"><a class=\"x1i10hfl xjbqb8w x1ejq31n x18oe1m7 x1sy0etr xstzfhl x972fbf x10w94by x1qhh985 x14e42zd x9f619 x1ypdohk xt0psk2 x3ct3a4 xdj266r x14z9mp xat24cr x1lziwak xexx8yu xyri2b x18d9i69 x1c1uobl x16tdsg8 x1hl2dhg xggy1nq x1a2a7pz xkrqix3 x1sur9pj xzsf02u x1s688f\" role=\"link\" href=\"https:\/\/www.facebook.com\/stefanliebermannphoto?__cft__[0]=AZZ6z59vvIGl0ntD5cKUdifqjDKKYrgep_v3CH8ugfe_VXxyA2LHipjIxzuBNzi7IOCUMYG0ec2or9j42KnvrBUtl_kRaYNpsG15BEZwhpvHnQWP5MANnQrUtsFX2PRczE0e_KhmBWZX-OJWZrG9nZl_PY4l91PLHbusGSJi9O79-sSReGZI6YgjgZb8v8j-pUfl8ntAsoFphG3TrB9-QBDu&amp;__tn__=-UC%2CP-y-R\"><b class=\"html-b xdj266r x14z9mp xat24cr x1lziwak xexx8yu xyri2b x18d9i69 x1c1uobl x1hl2dhg x16tdsg8 x1vvkbs x1s688f\"><span class=\"html-span xdj266r x14z9mp xat24cr x1lziwak xexx8yu xyri2b x18d9i69 x1c1uobl x1hl2dhg x16tdsg8 x1vvkbs\">Stefan Liebermann Photography<\/span><\/b><\/a><\/div>\n<\/div>\n<\/div>\n<div class=\"xu06os2 x1ok221b\">\n<div class=\"html-div xdj266r x14z9mp xat24cr x1lziwak xexx8yu xyri2b x18d9i69 x1c1uobl x6s0dn4 x17zd0t2 x78zum5 x1q0g3np x1a02dak\"><span class=\"html-span xdj266r x14z9mp xat24cr x1lziwak xexx8yu xyri2b x18d9i69 x1c1uobl x1hl2dhg x16tdsg8 x1vvkbs\"><span class=\"xzpqnlu xjm9jq1 x6ikm8r x10wlt62 x10l6tqk x1i1rx1s\">\u00a0<\/span><span aria-hidden=\"true\">\u00b7<\/span><\/span><\/div>\n<\/div>\n<\/div>\n<\/div>\n<\/div>\n<div class=\"html-div xdj266r x14z9mp xat24cr x1lziwak xexx8yu xyri2b x18d9i69 x1c1uobl\" dir=\"auto\">\n<blockquote class=\"html-blockquote xexx8yu x18d9i69 x12u81az x1t7ytsu x56jcm7 x14z9mp xieb3on x1gslohp xv54qhq xf7dkkf xyqm7xq\">\n<div class=\"x78zum5 xdt5ytf xz62fqu x16ldp7u\">\n<div class=\"xu06os2 x1ok221b\">\n<div class=\"html-div xdj266r x14z9mp xat24cr x1lziwak xexx8yu xyri2b x18d9i69 x1c1uobl\">\n<div class=\"xdj266r x14z9mp xat24cr x1lziwak x1vvkbs x126k92a\">\n<div dir=\"auto\">La luna de sol fue una experiencia impresionante. El planificaci\u00f3n, la organizaci\u00f3n y la ejecuci\u00f3n fueron simplemente incre\u00edbles. Cuando el momento finalmente lleg\u00f3, todo se descontrol\u00f3 de manera diferente a lo planeado. Nubes bloqueando la totalidad, muelles de barco frente a nuestra toma, y una habitaci\u00f3n sin aire acondicionado a 36\u00b0C. Maravilloso. Todos los involucrados hicieron lo mejor que pudieron. Gracias al equipo por este incre\u00edble proyecto.<\/div>\n<\/div>\n<div class=\"x14z9mp xat24cr x1lziwak x1vvkbs xtlvy1s x126k92a\">\n<div dir=\"auto\"><span class=\"html-span xdj266r x14z9mp xat24cr x1lziwak xexx8yu xyri2b x18d9i69 x1c1uobl x1hl2dhg x16tdsg8 x1vvkbs\"><a class=\"x1i10hfl xjbqb8w x1ejq31n x18oe1m7 x1sy0etr xstzfhl x972fbf x10w94by x1qhh985 x14e42zd x9f619 x1ypdohk xt0psk2 x3ct3a4 xdj266r x14z9mp xat24cr x1lziwak xexx8yu xyri2b x18d9i69 x1c1uobl x16tdsg8 x1hl2dhg xggy1nq x1a2a7pz xkrqix3 x1sur9pj x1fey0fg x1s688f\" role=\"link\" href=\"https:\/\/www.facebook.com\/hashtag\/eclipse?__cft__[0]=AZZ6z59vvIGl0ntD5cKUdifqjDKKYrgep_v3CH8ugfe_VXxyA2LHipjIxzuBNzi7IOCUMYG0ec2or9j42KnvrBUtl_kRaYNpsG15BEZwhpvHnQWP5MANnQrUtsFX2PRczE0e_KhmBWZX-OJWZrG9nZl_PY4l91PLHbusGSJi9O79-sSReGZI6YgjgZb8v8j-pUfl8ntAsoFphG3TrB9-QBDu&amp;__tn__=*NK-y-R\">#eclipse<\/a><\/span> <span class=\"html-span xdj266r x14z9mp xat24cr x1lziwak xexx8yu xyri2b x18d9i69 x1c1uobl x1hl2dhg x16tdsg8 x1vvkbs\"><a class=\"x1i10hfl xjbqb8w x1ejq31n x18oe1m7 x1sy0etr xstzfhl x972fbf x10w94by x1qhh985 x14e42zd x9f619 x1ypdohk xt0psk2 x3ct3a4 xdj266r x14z9mp xat24cr x1lziwak xexx8yu xyri2b x18d9i69 x1c1uobl x16tdsg8 x1hl2dhg xggy1nq x1a2a7pz xkrqix3 x1sur9pj x1fey0fg x1s688f\" role=\"link\" href=\"https:\/\/www.facebook.com\/hashtag\/solareclipse?__cft__[0]=AZZ6z59vvIGl0ntD5cKUdifqjDKKYrgep_v3CH8ugfe_VXxyA2LHipjIxzuBNzi7IOCUMYG0ec2or9j42KnvrBUtl_kRaYNpsG15BEZwhpvHnQWP5MANnQrUtsFX2PRczE0e_KhmBWZX-OJWZrG9nZl_PY4l91PLHbusGSJi9O79-sSReGZI6YgjgZb8v8j-pUfl8ntAsoFphG3TrB9-QBDu&amp;__tn__=*NK-y-R\">#solareclipse<\/a><\/span><\/div>\n<\/div>\n<\/div>\n<\/div>\n<\/div>\n<\/blockquote>\n<\/div>\n<\/div>\n<div style=\"text-align: center\">\n<!-- iframe plugin v.6.0 wordpress.org\/plugins\/iframe\/ -->\n<iframe loading=\"lazy\" src=\"https:\/\/www.facebook.com\/plugins\/post.php?href=https%3A%2F%2Fwww.facebook.com%2Fphoto.php%3Ffbid%3D1607753494039678%26set%3Da.255737829241258%26type%3D3&#038;show_text=true&#038;width=500\" width=\"500\" height=\"518\" style=\"border:none;overflow:hidden\" scrolling=\"no\" frameborder=\"0\" allowfullscreen=\"true\" allow=\"autoplay; clipboard-write; encrypted-media; picture-in-picture; web-share\" 0=\"\/iframe\" class=\"iframe-class\"><\/iframe>\n<\/div>\n<div><\/div>\n<div style=\"text-align: center\">\n<!-- iframe plugin v.6.0 wordpress.org\/plugins\/iframe\/ -->\n<iframe loading=\"lazy\" src=\"https:\/\/www.facebook.com\/plugins\/post.php?href=https%3A%2F%2Fwww.facebook.com%2FEnsedeciencia%2Fposts%2Fpfbid032hLkZpSW3G3A77D52gwa82f7LZHy8zhfMaBk3H4fEt8eFMtsuipUMp4xTwu5gEtzl&#038;show_text=false&#038;width=500\" width=\"500\" height=\"498\" style=\"border:none;overflow:hidden\" scrolling=\"no\" frameborder=\"0\" allowfullscreen=\"true\" allow=\"autoplay; clipboard-write; encrypted-media; picture-in-picture; web-share\" 0=\"\/iframe\" class=\"iframe-class\"><\/iframe>\n<\/div>\n<div><\/div>\n<div>\ud83d\udef0\ufe0f \ud83d\udef0\ufe0f L&#8217;ecl\u00eds solar total del 12 d&#8217;agostu foi un espect\u00e1culu maraviyosu dende la Tierra, pero<strong> los sat\u00e9lites meteorol\u00f3xicos, asitiaos a 36.000 km del nuesu planeta, tami\u00e9n lo repararon. <a href=\"https:\/\/www.facebook.com\/reel\/1730845694829750\">REEL<\/a> <\/strong><span style=\"color: #008080\">Nesta secuencia del Meteosat de 3\u00aa Xeneraci\u00f3n<\/span> <strong><span style=\"color: #008080\">podemos ver la solombra de la lluna proxectada sobro&#8217;l nuesu planeta mientres l&#8217;ecl\u00eds<\/span><\/strong>, fundi\u00e9ndose cola escurid\u00e1 del atapecer.<a class=\"x1i10hfl xjbqb8w x1ejq31n x18oe1m7 x1sy0etr xstzfhl x972fbf x10w94by x1qhh985 x14e42zd x9f619 x1ypdohk xt0psk2 x3ct3a4 xdj266r x14z9mp xat24cr x1lziwak xexx8yu xyri2b x18d9i69 x1c1uobl x16tdsg8 x1hl2dhg xggy1nq x1a2a7pz xkrqix3 x1sur9pj xzsf02u x1s688f\" role=\"link\" href=\"https:\/\/www.facebook.com\/reel\/hashtag\/?q=%23eclipse&amp;__cft__[0]=AZZ-yuSZ-X_qPkGpRHhUthZIbtr9wFeXjuMqCwTBxfsA3TAQxmXKqTpuEoH2NQ9lReGYjsj_CslFmTTlDJ_bhHkDyvaBCwiZVX2ZUkCBwPf1NxN-RexDEWDM7Es24wVi8fxcc2-4zI5nCnO99ygGho4uN-qrI3P7tg7bmdCIaWUmHA&amp;__tn__=KF\">#Eclipse<\/a><\/div>\n<div><\/div>\n<div style=\"text-align: center\">\n<!-- iframe plugin v.6.0 wordpress.org\/plugins\/iframe\/ -->\n<iframe loading=\"lazy\" src=\"https:\/\/www.facebook.com\/plugins\/post.php?href=https%3A%2F%2Fwww.facebook.com%2Fruben.canet.50%2Fposts%2Fpfbid0eVKSg1dp7t6M2P9BJBKAotQaHNC6yF5AarazeBZto3MKDvnd9DTpfBpjB6xPHZ8vl&#038;show_text=true&#038;width=500\" width=\"500\" height=\"679\" style=\"border:none;overflow:hidden\" scrolling=\"no\" frameborder=\"0\" allowfullscreen=\"true\" allow=\"autoplay; clipboard-write; encrypted-media; picture-in-picture; web-share\" 0=\"\/iframe\" class=\"iframe-class\"><\/iframe>\n<\/div>\n<div><\/div>\n<div style=\"text-align: center\"><strong>Tejada (Burgos) con Roberto Brasero<\/strong><\/div>\n<div style=\"text-align: center\">\n<!-- iframe plugin v.6.0 wordpress.org\/plugins\/iframe\/ -->\n<iframe loading=\"lazy\" src=\"https:\/\/www.facebook.com\/plugins\/video.php?height=476&#038;href=https%3A%2F%2Fwww.facebook.com%2Freel%2F1531323648089577%2F&#038;show_text=false&#038;width=267&#038;t=0\" width=\"267\" height=\"476\" style=\"border:none;overflow:hidden\" scrolling=\"no\" frameborder=\"0\" allowfullscreen=\"true\" allow=\"autoplay; clipboard-write; encrypted-media; picture-in-picture; web-share\" 0=\"\/iframe\" class=\"iframe-class\"><\/iframe>\n<\/div>\n<div><\/div>\n<div class=\"xt0psk2\"><a class=\"x1i10hfl xjbqb8w x1ejq31n x18oe1m7 x1sy0etr xstzfhl x972fbf x10w94by x1qhh985 x14e42zd x9f619 x1ypdohk xt0psk2 x3ct3a4 xdj266r x14z9mp xat24cr x1lziwak xexx8yu xyri2b x18d9i69 x1c1uobl x16tdsg8 x1hl2dhg xggy1nq x1a2a7pz xkrqix3 x1sur9pj xzsf02u x1s688f\" role=\"link\" href=\"https:\/\/www.facebook.com\/ruben.canet.50?__cft__[0]=AZZ4rLDUPiOs3q_QLdEFSQU5aStLXq0EDLuHVvQ9atnAzYQnw3nz72dmRo5nadWbO_oOICIxMb_YiK15rQ1kAim0BouC2KaKJ0_B2wq7_DDmM17QA2fy9LBA7RRU6pO7H3ziiBTda5vvGt-fv4IMK46WyIJ0WC3YT623zIfnMXBvppWDAX61wVLkaD2p7lCXRS3Mb81LCAWCTWJg_Tty4h54&amp;__tn__=-UC%2CP-y-R\"><b class=\"html-b xdj266r x14z9mp xat24cr x1lziwak xexx8yu xyri2b x18d9i69 x1c1uobl x1hl2dhg x16tdsg8 x1vvkbs x1s688f\"><span class=\"html-span xdj266r x14z9mp xat24cr x1lziwak xexx8yu xyri2b x18d9i69 x1c1uobl x1hl2dhg x16tdsg8 x1vvkbs\">Rub\u00e9n D\u00edaz<\/span><\/b><\/a><\/div>\n<p style=\"text-align: center\"><span class=\"html-span xdj266r x14z9mp xat24cr x1lziwak xexx8yu xyri2b x18d9i69 x1c1uobl x1hl2dhg x16tdsg8 x1vvkbs x1dor1uw x1n2onr6 xxymvpz\">\u00a0<\/span>\n<!-- iframe plugin v.6.0 wordpress.org\/plugins\/iframe\/ -->\n<iframe loading=\"lazy\" src=\"https:\/\/www.facebook.com\/plugins\/post.php?href=https%3A%2F%2Fwww.facebook.com%2Fphoto.php%3Ffbid%3D10165715391123832%26set%3Da.10151049338893832%26type%3D3&#038;show_text=false&#038;width=500\" width=\"500\" height=\"715\" style=\"border:none;overflow:hidden\" scrolling=\"no\" frameborder=\"0\" allowfullscreen=\"true\" allow=\"autoplay; clipboard-write; encrypted-media; picture-in-picture; web-share\" 0=\"\/iframe\" class=\"iframe-class\"><\/iframe>\n<\/p>\n<div dir=\"auto\"><strong>Les perlles de Baily<\/strong> son una cadena de puntos brillosos de lluz qu&#8217;apaecen alredor de la Lluna nos momentos anterior y posterior a un ecl\u00eds Solar total . T\u00e1n causaos pola lluz Solar que relluma travi\u00e9s de los montes llunares .\u00a0<span class=\"html-span xdj266r x14z9mp xat24cr x1lziwak xexx8yu xyri2b x18d9i69 x1c1uobl x1hl2dhg x16tdsg8 x1vvkbs\"><a class=\"x1i10hfl xjbqb8w x1ejq31n x18oe1m7 x1sy0etr xstzfhl x972fbf x10w94by x1qhh985 x14e42zd x9f619 x1ypdohk xt0psk2 x3ct3a4 xdj266r x14z9mp xat24cr x1lziwak xexx8yu xyri2b x18d9i69 x1c1uobl x16tdsg8 x1hl2dhg xggy1nq x1a2a7pz xkrqix3 x1sur9pj x1fey0fg x1s688f\" role=\"link\" href=\"https:\/\/www.facebook.com\/FotosJavierCanga?__cft__[0]=AZa8FqnHb8Gxfz75nI9tVlDfykFcUPYgQPw-7jk-BWDxXEwWh46GQOVDxo6x1IUpd5hszze7IBYErB21v06Uc6i3QVYn73Z1gjXwzMX8XZLgrb2Cj5R6oT_uF_rzjMs6PBF5h0tk9fqedb0aUmv-NPCl&amp;__tn__=-]K-R\"><span class=\"xt0psk2\"><span class=\"xjp7ctv\">https:\/\/www.facebook.com\/FotosJavierCanga<\/span><\/span><\/a><\/span>\/ <span class=\"html-span xdj266r x14z9mp xat24cr x1lziwak xexx8yu xyri2b x18d9i69 x1c1uobl x1hl2dhg x16tdsg8 x1vvkbs\"><a class=\"x1i10hfl xjbqb8w x1ejq31n x18oe1m7 x1sy0etr xstzfhl x972fbf x10w94by x1qhh985 x14e42zd x9f619 x1ypdohk xt0psk2 x3ct3a4 xdj266r x14z9mp xat24cr x1lziwak xexx8yu xyri2b x18d9i69 x1c1uobl x16tdsg8 x1hl2dhg xggy1nq x1a2a7pz xkrqix3 x1sur9pj x1fey0fg x1s688f\" role=\"link\" href=\"https:\/\/www.facebook.com\/hashtag\/eclipse?__cft__[0]=AZa8FqnHb8Gxfz75nI9tVlDfykFcUPYgQPw-7jk-BWDxXEwWh46GQOVDxo6x1IUpd5hszze7IBYErB21v06Uc6i3QVYn73Z1gjXwzMX8XZLgrb2Cj5R6oT_uF_rzjMs6PBF5h0tk9fqedb0aUmv-NPCl&amp;__tn__=*NK-R\">#eclipse<\/a><\/span> <span class=\"html-span xdj266r x14z9mp xat24cr x1lziwak xexx8yu xyri2b x18d9i69 x1c1uobl x1hl2dhg x16tdsg8 x1vvkbs\"><a class=\"x1i10hfl xjbqb8w x1ejq31n x18oe1m7 x1sy0etr xstzfhl x972fbf x10w94by x1qhh985 x14e42zd x9f619 x1ypdohk xt0psk2 x3ct3a4 xdj266r x14z9mp xat24cr x1lziwak xexx8yu xyri2b x18d9i69 x1c1uobl x16tdsg8 x1hl2dhg xggy1nq x1a2a7pz xkrqix3 x1sur9pj x1fey0fg x1s688f\" role=\"link\" href=\"https:\/\/www.facebook.com\/hashtag\/eclipse2026?__cft__[0]=AZa8FqnHb8Gxfz75nI9tVlDfykFcUPYgQPw-7jk-BWDxXEwWh46GQOVDxo6x1IUpd5hszze7IBYErB21v06Uc6i3QVYn73Z1gjXwzMX8XZLgrb2Cj5R6oT_uF_rzjMs6PBF5h0tk9fqedb0aUmv-NPCl&amp;__tn__=*NK-R\">#Eclipse2026<\/a><\/span> <span class=\"html-span xdj266r x14z9mp xat24cr x1lziwak xexx8yu xyri2b x18d9i69 x1c1uobl x1hl2dhg x16tdsg8 x1vvkbs\"><a class=\"x1i10hfl xjbqb8w x1ejq31n x18oe1m7 x1sy0etr xstzfhl x972fbf x10w94by x1qhh985 x14e42zd x9f619 x1ypdohk xt0psk2 x3ct3a4 xdj266r x14z9mp xat24cr x1lziwak xexx8yu xyri2b x18d9i69 x1c1uobl x16tdsg8 x1hl2dhg xggy1nq x1a2a7pz xkrqix3 x1sur9pj x1fey0fg x1s688f\" role=\"link\" href=\"https:\/\/www.facebook.com\/hashtag\/eclipseasturias?__cft__[0]=AZa8FqnHb8Gxfz75nI9tVlDfykFcUPYgQPw-7jk-BWDxXEwWh46GQOVDxo6x1IUpd5hszze7IBYErB21v06Uc6i3QVYn73Z1gjXwzMX8XZLgrb2Cj5R6oT_uF_rzjMs6PBF5h0tk9fqedb0aUmv-NPCl&amp;__tn__=*NK-R\">#eclipseasturias<\/a><\/span> <span class=\"html-span xdj266r x14z9mp xat24cr x1lziwak xexx8yu xyri2b x18d9i69 x1c1uobl x1hl2dhg x16tdsg8 x1vvkbs\"><a class=\"x1i10hfl xjbqb8w x1ejq31n x18oe1m7 x1sy0etr xstzfhl x972fbf x10w94by x1qhh985 x14e42zd x9f619 x1ypdohk xt0psk2 x3ct3a4 xdj266r x14z9mp xat24cr x1lziwak xexx8yu xyri2b x18d9i69 x1c1uobl x16tdsg8 x1hl2dhg xggy1nq x1a2a7pz xkrqix3 x1sur9pj xzsf02u x1s688f\" role=\"link\" href=\"https:\/\/www.facebook.com\/search\/top?q=%40seguidores&amp;__cft__[0]=AZa8FqnHb8Gxfz75nI9tVlDfykFcUPYgQPw-7jk-BWDxXEwWh46GQOVDxo6x1IUpd5hszze7IBYErB21v06Uc6i3QVYn73Z1gjXwzMX8XZLgrb2Cj5R6oT_uF_rzjMs6PBF5h0tk9fqedb0aUmv-NPCl&amp;__tn__=-UK-R\">@seguidores<\/a><\/span> \u00a9 \u00bb Perlas de Baily \u00bb <strong>SEMEYES DE JAVIER CANGA<\/strong><\/div>\n<div dir=\"auto\"><\/div>\n<div dir=\"auto\" style=\"text-align: center\">\n<!-- iframe plugin v.6.0 wordpress.org\/plugins\/iframe\/ -->\n<iframe loading=\"lazy\" src=\"https:\/\/www.facebook.com\/plugins\/post.php?href=https%3A%2F%2Fwww.facebook.com%2FFotosJavierCanga%2Fposts%2Fpfbid018bAPr47RkXgkiKkawY9Ko7NBtq6XPJyoiPU9WQxBWqQxsdS7Azu1jR5dLqSNeUbl&#038;show_text=false&#038;width=500\" width=\"500\" height=\"498\" style=\"border:none;overflow:hidden\" scrolling=\"no\" frameborder=\"0\" allowfullscreen=\"true\" allow=\"autoplay; clipboard-write; encrypted-media; picture-in-picture; web-share\" 0=\"\/iframe\" class=\"iframe-class\"><\/iframe>\n<\/div>\n<div dir=\"auto\"><\/div>\n<div dir=\"auto\" style=\"text-align: center\">\n<!-- iframe plugin v.6.0 wordpress.org\/plugins\/iframe\/ -->\n<iframe loading=\"lazy\" src=\"https:\/\/www.facebook.com\/plugins\/post.php?href=https%3A%2F%2Fwww.facebook.com%2FFotosJavierCanga%2Fposts%2Fpfbid02Cwyya1RXh3MnLs1gfkQfETn9U8C9ACyUroGWkvFHhGLs6cG7hEveLBry6UYmPXgl&#038;show_text=false&#038;width=500\" width=\"500\" height=\"333\" style=\"border:none;overflow:hidden\" scrolling=\"no\" frameborder=\"0\" allowfullscreen=\"true\" allow=\"autoplay; clipboard-write; encrypted-media; picture-in-picture; web-share\" 0=\"\/iframe\" class=\"iframe-class\"><\/iframe>\n<\/div>\n<div dir=\"auto\" style=\"text-align: center\">\n<!-- iframe plugin v.6.0 wordpress.org\/plugins\/iframe\/ -->\n<iframe loading=\"lazy\" src=\"https:\/\/www.facebook.com\/plugins\/post.php?href=https%3A%2F%2Fwww.facebook.com%2Fphoto.php%3Ffbid%3D1768908704948490%26set%3Da.196101885562521%26type%3D3&#038;show_text=true&#038;width=500\" width=\"500\" height=\"485\" style=\"border:none;overflow:hidden\" scrolling=\"no\" frameborder=\"0\" allowfullscreen=\"true\" allow=\"autoplay; clipboard-write; encrypted-media; picture-in-picture; web-share\" 0=\"\/iframe\" class=\"iframe-class\"><\/iframe>\n<\/div>\n<div dir=\"auto\">\n<div class=\"x1i10hfl xjbqb8w x1ejq31n x18oe1m7 x1sy0etr xstzfhl x972fbf x10w94by x1qhh985 x14e42zd x9f619 x1ypdohk xt0psk2 x3ct3a4 xdj266r x14z9mp xat24cr x1lziwak xexx8yu xyri2b x18d9i69 x1c1uobl x16tdsg8 x1hl2dhg xggy1nq x1a2a7pz xkrqix3 x1sur9pj xzsf02u x1s688f\" role=\"button\"><\/div>\n<\/div>\n<p>PLENIT\u00da \ud83c\udf12 <a href=\"https:\/\/www.instagram.com\/damianarienza\/\"><strong>damianarienza<\/strong><\/a>\/<a class=\"x1i10hfl xjbqb8w x1ejq31n x18oe1m7 x1sy0etr xstzfhl x972fbf x10w94by x1qhh985 x14e42zd x9f619 x1ypdohk xt0psk2 x3ct3a4 xdj266r x14z9mp xat24cr x1lziwak xexx8yu xyri2b x18d9i69 x1c1uobl x16tdsg8 x1hl2dhg xggy1nq x1a2a7pz x5n08af x9n4tj2 _a6hd\" role=\"link\" href=\"https:\/\/www.instagram.com\/explore\/locations\/517345285\/puerto-pajaresasturias\/\">Puertu Payares,Asturias<\/a> Les impresionantes semeyes del ecl\u00eds de Sol en Payares, Asturies. Nes zones m\u00e1s altes d&#8217;Asturies pudo esfrutase de c\u00f3mo la Lluna cubr\u00eda al Sol dexando nam\u00e1 un halo de lluz. \u00a0\ud83d\udcf8 <a class=\"x1i10hfl xjbqb8w x1ejq31n x18oe1m7 x1sy0etr xstzfhl x972fbf x10w94by x1qhh985 x14e42zd x9f619 x1ypdohk xt0psk2 x3ct3a4 xdj266r x14z9mp xat24cr x1lziwak xexx8yu xyri2b x18d9i69 x1c1uobl x16tdsg8 x1hl2dhg xggy1nq x1a2a7pz notranslate _a6hd\" role=\"link\" href=\"https:\/\/www.instagram.com\/damianarienza\/\">@damianarienza<\/a> <a class=\"x1i10hfl xjbqb8w x1ejq31n x18oe1m7 x1sy0etr xstzfhl x972fbf x10w94by x1qhh985 x14e42zd x9f619 x1ypdohk xt0psk2 x3ct3a4 xdj266r x14z9mp xat24cr x1lziwak xexx8yu xyri2b x18d9i69 x1c1uobl x16tdsg8 x1hl2dhg xggy1nq x1a2a7pz notranslate _a6hd\" role=\"link\" href=\"https:\/\/www.instagram.com\/elcomerciodigit\/\">@elcomerciodigit<\/a> <a class=\"x1i10hfl xjbqb8w x1ejq31n x18oe1m7 x1sy0etr xstzfhl x972fbf x10w94by x1qhh985 x14e42zd x9f619 x1ypdohk xt0psk2 x3ct3a4 xdj266r x14z9mp xat24cr x1lziwak xexx8yu xyri2b x18d9i69 x1c1uobl x16tdsg8 x1hl2dhg xggy1nq x1a2a7pz notranslate _a6hd\" role=\"link\" href=\"https:\/\/www.instagram.com\/turismoasturias\/\">@turismoasturias<\/a> <a class=\"x1i10hfl xjbqb8w x1ejq31n x18oe1m7 x1sy0etr xstzfhl x972fbf x10w94by x1qhh985 x14e42zd x9f619 x1ypdohk xt0psk2 x3ct3a4 xdj266r x14z9mp xat24cr x1lziwak xexx8yu xyri2b x18d9i69 x1c1uobl x16tdsg8 x1hl2dhg xggy1nq x1a2a7pz notranslate _a6hd\" role=\"link\" href=\"https:\/\/www.instagram.com\/canonespana\/\">@canonespana<\/a> <a class=\"x1i10hfl xjbqb8w x1ejq31n x18oe1m7 x1sy0etr xstzfhl x972fbf x10w94by x1qhh985 x14e42zd x9f619 x1ypdohk xt0psk2 x3ct3a4 xdj266r x14z9mp xat24cr x1lziwak xexx8yu xyri2b x18d9i69 x1c1uobl x16tdsg8 x1hl2dhg xggy1nq x1a2a7pz notranslate _a6hd\" role=\"link\" href=\"https:\/\/www.instagram.com\/nasa\/\">@nasa<\/a> <a class=\"x1i10hfl xjbqb8w x1ejq31n x18oe1m7 x1sy0etr xstzfhl x972fbf x10w94by x1qhh985 x14e42zd x9f619 x1ypdohk xt0psk2 x3ct3a4 xdj266r x14z9mp xat24cr x1lziwak xexx8yu xyri2b x18d9i69 x1c1uobl x16tdsg8 x1hl2dhg xggy1nq x1a2a7pz notranslate _a6hd\" role=\"link\" href=\"https:\/\/www.instagram.com\/nasa_es\/\">@nasa_es<\/a> <a class=\"x1i10hfl xjbqb8w x1ejq31n x18oe1m7 x1sy0etr xstzfhl x972fbf x10w94by x1qhh985 x14e42zd x9f619 x1ypdohk xt0psk2 x3ct3a4 xdj266r x14z9mp xat24cr x1lziwak xexx8yu xyri2b x18d9i69 x1c1uobl x16tdsg8 x1hl2dhg xggy1nq x1a2a7pz _aa9_ _a6hd\" role=\"link\" href=\"https:\/\/www.instagram.com\/explore\/tags\/eclipse\/\">#eclipse<\/a> <a class=\"x1i10hfl xjbqb8w x1ejq31n x18oe1m7 x1sy0etr xstzfhl x972fbf x10w94by x1qhh985 x14e42zd x9f619 x1ypdohk xt0psk2 x3ct3a4 xdj266r x14z9mp xat24cr x1lziwak xexx8yu xyri2b x18d9i69 x1c1uobl x16tdsg8 x1hl2dhg xggy1nq x1a2a7pz _aa9_ _a6hd\" role=\"link\" href=\"https:\/\/www.instagram.com\/explore\/tags\/canonespa%C3%B1a\/\">#canonespa\u00f1a<\/a> <a class=\"x1i10hfl xjbqb8w x1ejq31n x18oe1m7 x1sy0etr xstzfhl x972fbf x10w94by x1qhh985 x14e42zd x9f619 x1ypdohk xt0psk2 x3ct3a4 xdj266r x14z9mp xat24cr x1lziwak xexx8yu xyri2b x18d9i69 x1c1uobl x16tdsg8 x1hl2dhg xggy1nq x1a2a7pz _aa9_ _a6hd\" role=\"link\" href=\"https:\/\/www.instagram.com\/explore\/tags\/photographer\/\">#photographer<\/a> <a class=\"x1i10hfl xjbqb8w x1ejq31n x18oe1m7 x1sy0etr xstzfhl x972fbf x10w94by x1qhh985 x14e42zd x9f619 x1ypdohk xt0psk2 x3ct3a4 xdj266r x14z9mp xat24cr x1lziwak xexx8yu xyri2b x18d9i69 x1c1uobl x16tdsg8 x1hl2dhg xggy1nq x1a2a7pz _aa9_ _a6hd\" role=\"link\" href=\"https:\/\/www.instagram.com\/explore\/tags\/photos\/\">#photos<\/a> <a class=\"x1i10hfl xjbqb8w x1ejq31n x18oe1m7 x1sy0etr xstzfhl x972fbf x10w94by x1qhh985 x14e42zd x9f619 x1ypdohk xt0psk2 x3ct3a4 xdj266r x14z9mp xat24cr x1lziwak xexx8yu xyri2b x18d9i69 x1c1uobl x16tdsg8 x1hl2dhg xggy1nq x1a2a7pz _aa9_ _a6hd\" role=\"link\" href=\"https:\/\/www.instagram.com\/explore\/tags\/asturias\/\">#asturias<\/a><\/p>\n<p style=\"text-align: center\"><span class=\"x193iq5w xeuugli x13faqbe x1vvkbs x1xmvt09 x1lliihq x1s928wv xhkezso x1gmr53x x1cpjm7i x1fgarty x1943h6x xudqn12 x3x7a5m x1f6kntn xvq8zen xo1l8bm xzsf02u\" dir=\"auto\"><span class=\"x193iq5w xeuugli x13faqbe x1vvkbs xt0psk2 x1i0vuye xvs91rp xo1l8bm x5n08af x10wh9bi xpm28yp x8viiok x1o7cslx x126k92a\"><span class=\"html-span xexx8yu x4uap5 x18d9i69 xkhd6sd x1hl2dhg x16tdsg8 x1vvkbs x3nfvp2 x1j61x8r x1fcty0u xdj266r xat24cr xgzva0m xhhsvwb xxymvpz xlup9mm x1kky2od\">\n<!-- iframe plugin v.6.0 wordpress.org\/plugins\/iframe\/ -->\n<iframe loading=\"lazy\" src=\"https:\/\/www.instagram.com\/p\/Db97y-YiPet\/embed\" width=\"520\" height=\"695\" 0=\"\/iframe\" scrolling=\"yes\" class=\"iframe-class\" frameborder=\"0\"><\/iframe>\n<\/span><\/span><\/span><\/p>\n<p style=\"text-align: center\"><strong>Dende Ribeseya<\/strong><br \/>\n\n<!-- iframe plugin v.6.0 wordpress.org\/plugins\/iframe\/ -->\n<iframe loading=\"lazy\" src=\"https:\/\/www.facebook.com\/plugins\/video.php?height=314&#038;href=https%3A%2F%2Fwww.facebook.com%2Freel%2F1511870857291712%2F&#038;show_text=false&#038;width=560&#038;t=0\" width=\"560\" height=\"314\" style=\"border:none;overflow:hidden\" scrolling=\"no\" frameborder=\"0\" allowfullscreen=\"true\" allow=\"autoplay; clipboard-write; encrypted-media; picture-in-picture; web-share\" 0=\"\/iframe\" class=\"iframe-class\"><\/iframe>\n<\/p>\n<p><a href=\"https:\/\/www.lne.es\/fotos\/asturias\/2026\/08\/12\/eclipse-total-asturias-mejores-fotos-133305767.html?fbclid=IwY2xjawTqcChwZG9mBWV4dG4DYWVtAjEwAHNydGMGYXBwX2lkEDIyMjAzOTE3ODgyMDA4OTIAAR5PM8JASG4ynRQzry65hxOzBZadKqzXhNQIeMuh--DpEN1ycHcMyGS_lOY9lQ_aem_w6cORTEH1Loofzssgxr70w&amp;utm_campaign=mrf-facebook-elperiodicodeespana&amp;utm_source=facebook&amp;utm_medium=social&amp;mrfcid=202608136a7a6601164dc845ce3a1c27#foto1\">LNE\u00a0<\/a><\/p>\n<p style=\"text-align: center\"><a href=\"https:\/\/estaticos-cdn.prensaiberica.es\/clip\/3f2073c6-d9e1-49dc-a481-b779a410c96f_alta-libre-aspect-ratio_default_0_x775y139.webp\"><img loading=\"lazy\" decoding=\"async\" class=\"aligncenter size-large\" src=\"https:\/\/estaticos-cdn.prensaiberica.es\/clip\/3f2073c6-d9e1-49dc-a481-b779a410c96f_alta-libre-aspect-ratio_default_0_x775y139.webp\" width=\"1200\" height=\"323\" \/><\/a><\/p>\n<div class=\"xf7dkkf\">\n<div class=\"x6s0dn4 x78zum5 x6ikm8r x10wlt62 xh8yej3\">\n<div class=\"x1iyjqo2 xeuugli xf6vk7d xpcyujq\">\n<div class=\"x78zum5 xdt5ytf xz62fqu x16ldp7u\">\n<div class=\"xu06os2 x1ok221b\">\n<div class=\"x6s0dn4 x78zum5 x6ikm8r x10wlt62 xh8yej3\">\n<div class=\"x6ikm8r x10wlt62\">\n<p style=\"text-align: center\"><span class=\"x193iq5w xeuugli x13faqbe x1vvkbs x1xmvt09 x1lliihq x1s928wv xhkezso x1gmr53x x1cpjm7i x1fgarty x1943h6x xudqn12 x3x7a5m x1f6kntn xvq8zen xo1l8bm xzsf02u\" dir=\"auto\"><span class=\"x193iq5w xeuugli x13faqbe x1vvkbs xt0psk2 x1i0vuye xvs91rp xo1l8bm x5n08af x10wh9bi xpm28yp x8viiok x1o7cslx x126k92a\"><span class=\"html-span xexx8yu x4uap5 x18d9i69 xkhd6sd x1hl2dhg x16tdsg8 x1vvkbs x3nfvp2 x1j61x8r x1fcty0u xdj266r xat24cr xgzva0m xhhsvwb xxymvpz xlup9mm x1kky2od\">\n<!-- iframe plugin v.6.0 wordpress.org\/plugins\/iframe\/ -->\n<iframe loading=\"lazy\" src=\"https:\/\/www.instagram.com\/p\/Db-h0fqjMoB\/embed\" width=\"640\" height=\"580\" 0=\"\/iframe\" scrolling=\"yes\" class=\"iframe-class\" frameborder=\"0\"><\/iframe>\n<\/span><\/span><\/span><\/p>\n<p>&nbsp;<\/p>\n<p><span class=\"css-1jxf684 r-bcqeeo r-1ttztb7 r-qvutc0 r-poiln3\">\u00a0\ud835\udddc\ud835\udde1\ud835\uddd9\ud835\udde2 \ud835\udde8\ud835\udde5\ud835\uddda\ud835\uddd8\ud835\udde1\ud835\udde7\ud835\uddd8 \u2014 Durante el eclipse solar, el fot\u00f3grafo Jean-Philippe Jubera inmortaliz\u00f3 desde el Rocher de la Vierge, en Biarritz, la silueta de la Virgen y del Ni\u00f1o ante un Sol casi completamente ocultado por la Luna.<\/span><\/p>\n<p style=\"text-align: center\"><a href=\"https:\/\/pbs.twimg.com\/media\/HPndUmmXoAAYg1u?format=jpg&amp;name=large\"><img loading=\"lazy\" decoding=\"async\" class=\"aligncenter \" src=\"https:\/\/pbs.twimg.com\/media\/HPndUmmXoAAYg1u?format=jpg&amp;name=large\" width=\"569\" height=\"697\" \/><\/a><\/p>\n<p><span class=\"css-1jxf684 r-bcqeeo r-1ttztb7 r-qvutc0 r-poiln3\">La extraordinaria foto de Mathieu Rivrin del eclipse en el Mont-Saint-Michel. (<\/span><span class=\"r-18u37iz\"><a class=\"css-1jxf684 r-bcqeeo r-1ttztb7 r-qvutc0 r-poiln3 r-1wvb978 r-1loqt21\" dir=\"ltr\" role=\"link\" href=\"https:\/\/x.com\/mathieurivrin\">@mathieurivrin<\/a><\/span><span class=\"css-1jxf684 r-bcqeeo r-1ttztb7 r-qvutc0 r-poiln3\">)<\/span><\/p>\n<p style=\"text-align: center\"><a href=\"https:\/\/pbs.twimg.com\/media\/HPoGfPlXwAAFKJc?format=jpg&amp;name=4096x4096\"><img loading=\"lazy\" decoding=\"async\" class=\"aligncenter \" src=\"https:\/\/pbs.twimg.com\/media\/HPoGfPlXwAAFKJc?format=jpg&amp;name=4096x4096\" width=\"642\" height=\"753\" \/><\/a><\/p>\n<p style=\"text-align: center\">\n<!-- iframe plugin v.6.0 wordpress.org\/plugins\/iframe\/ -->\n<iframe loading=\"lazy\" src=\"https:\/\/www.facebook.com\/plugins\/post.php?href=https%3A%2F%2Fwww.facebook.com%2Fphoto.php%3Ffbid%3D10164590324788194%26set%3Da.334774078193%26type%3D3&#038;show_text=true&#038;width=500\" width=\"500\" height=\"703\" style=\"border:none;overflow:hidden\" scrolling=\"no\" frameborder=\"0\" allowfullscreen=\"true\" allow=\"autoplay; clipboard-write; encrypted-media; picture-in-picture; web-share\" 0=\"\/iframe\" class=\"iframe-class\"><\/iframe>\n<\/p>\n<p style=\"text-align: center\"><a href=\"https:\/\/www.elfielato.es\/asset\/thumbnail,1280,720,center,center\/media\/elfielato\/images\/2026\/08\/13\/2026081312523240478.jpg\"><img loading=\"lazy\" decoding=\"async\" class=\"aligncenter size-large\" src=\"https:\/\/www.elfielato.es\/asset\/thumbnail,1280,720,center,center\/media\/elfielato\/images\/2026\/08\/13\/2026081312523240478.jpg\" width=\"1081\" height=\"720\" \/><\/a><\/p>\n<p>Espectaculares imaxes del ecl\u00eds <strong>de Santi De la Vega y \u00abPin\u00bb n&#8217;El Requex\u00f3n <\/strong>\u00abConsiguilo, por eso ten\u00eda que ser equ\u00ed, n&#8217;El Corni\u00f3n, el Macizu Occidental de Picos d&#8217;Europa. El nuesu rinc\u00f3n\u00bb. Asina defin\u00eda Santi De la Vega les semeyes que, como parte del so proyectu \u00ab2180\u00bb, ten\u00eden como oxeto fotografiar l&#8217;ecl\u00eds total de sol al pie de Jose Allende \u00abPin\u00bb.<\/p>\n<p style=\"text-align: center\"><a href=\"https:\/\/www.elfielato.es\/asset\/thumbnail,1280,720,center,center\/media\/elfielato\/images\/2026\/08\/13\/2026081312523285380.jpg\"><img loading=\"lazy\" decoding=\"async\" class=\"aligncenter size-large\" src=\"https:\/\/www.elfielato.es\/asset\/thumbnail,1280,720,center,center\/media\/elfielato\/images\/2026\/08\/13\/2026081312523285380.jpg\" width=\"1081\" height=\"720\" \/><\/a><\/p>\n<p>Les imaxes t\u00e1n tomaes en cumplir d&#8217;El Requex\u00f3n, a 2.200 metros d&#8217;altor, y capten tola guapura d&#8217;esti fen\u00f3menu qu&#8217;ayeri se convirti\u00f3 en protagonista absolutu de l&#8217;actualid\u00e1 y de la vida de munches persones.<\/p>\n<p style=\"text-align: center\"><a href=\"https:\/\/www.elfielato.es\/asset\/thumbnail,1280,720,center,center\/media\/elfielato\/images\/2026\/08\/13\/2026081312523142886.jpg\"><img loading=\"lazy\" decoding=\"async\" class=\"aligncenter size-large\" src=\"https:\/\/www.elfielato.es\/asset\/thumbnail,1280,720,center,center\/media\/elfielato\/images\/2026\/08\/13\/2026081312523142886.jpg\" width=\"1080\" height=\"720\" \/><\/a><\/p>\n<p style=\"text-align: center\">Zaagoza<br \/>\n<a href=\"https:\/\/ichef.bbci.co.uk\/ace\/ws\/800\/cpsprodpb\/e4d3\/live\/574977e0-9687-11f1-870d-5d08c49babb2.jpg.webp\"><img loading=\"lazy\" decoding=\"async\" class=\"aligncenter size-large\" src=\"https:\/\/ichef.bbci.co.uk\/ace\/ws\/800\/cpsprodpb\/e4d3\/live\/574977e0-9687-11f1-870d-5d08c49babb2.jpg.webp\" width=\"800\" height=\"533\" \/><\/a><\/p>\n<h2 class=\"html-h2 xdj266r x14z9mp xat24cr x1lziwak xexx8yu xyri2b x18d9i69 x1c1uobl x1vvkbs x1heor9g x1qlqyl8 x1pd3egz x1a2a7pz\"><span class=\"x193iq5w xeuugli x13faqbe x1vvkbs x1xmvt09 x1f6kntn xvq8zen x1s688f x14ctfv\"><span class=\"x1lliihq x6ikm8r x10wlt62 x1n2onr6 xlyipyv xuxw1ft\"><span class=\"html-span xdj266r x14z9mp xat24cr x1lziwak xexx8yu xyri2b x18d9i69 x1c1uobl x1hl2dhg x16tdsg8 x1vvkbs x65f84u\"><span class=\"html-span xdj266r x14z9mp xat24cr x1lziwak xexx8yu xyri2b x18d9i69 x1c1uobl x1hl2dhg x16tdsg8 x1vvkbs x6s0dn4 x3nfvp2 x193iq5w\"><span class=\"html-span xdj266r x14z9mp xat24cr x1lziwak xexx8yu xyri2b x18d9i69 x1c1uobl x1hl2dhg x16tdsg8 x1vvkbs xs83m0k xeuugli x6ikm8r x10wlt62 xlyipyv xuxw1ft\"><a class=\"x1i10hfl xjbqb8w x1ejq31n x18oe1m7 x1sy0etr xstzfhl x972fbf x10w94by x1qhh985 x14e42zd x9f619 x1ypdohk xt0psk2 x3ct3a4 xdj266r x14z9mp xat24cr x1lziwak xexx8yu xyri2b x18d9i69 x1c1uobl x16tdsg8 x1hl2dhg xggy1nq x1a2a7pz x1heor9g xkrqix3 x1sur9pj x1s688f\" role=\"link\" href=\"https:\/\/www.facebook.com\/profile.php?id=100006152947266&amp;sk=reels_tab&amp;__cft__[0]=AZYUfBmHV2ZN9Fp3RjYJIgvJ9Wk1-0Y0RdxYr-K0ED_1gO6hFdMcnb1LScJTWg9NrlQ1X7C3TndKnEGOriZT0AesHlvuGYSFxAPopYo0tHN8DSQ78xPz67NHxwtBaOBoY7BwID-S-w0n2IqdLLFFcc_W&amp;__tn__=-]F\" target=\"_blank\" rel=\"noopener\" aria-label=\"Ver perfil del propietario\">Omar Pinto<\/a><\/span><\/span><\/span><\/span><\/span><span style=\"font-size: 16px\">\/ \ud835\udde7\ud835\uddf6\ud835\uddfa\ud835\uddf2\ud835\uddf9\ud835\uddee\ud835\uddfd\ud835\ude00\ud835\uddf2 \ud835\ude00\ud835\uddfc\ud835\uddef\ud835\uddff\ud835\uddf2 \ud835\uddf9\ud835\uddee \ud835\uddd6\ud835\uddee\ud835\ude01\ud835\uddf2\ud835\uddf1\ud835\uddff\ud835\uddee\ud835\uddf9 \ud835\uddf1\ud835\uddf2 \ud835\udddf\ud835\uddf2\ud835\uddfc\u0301\ud835\uddfb \ud83c\udf11\u2728<\/span><\/h2>\n<\/div>\n<\/div>\n<\/div>\n<\/div>\n<\/div>\n<\/div>\n<\/div>\n<p style=\"text-align: center\">\n<!-- iframe plugin v.6.0 wordpress.org\/plugins\/iframe\/ -->\n<iframe loading=\"lazy\" src=\"https:\/\/www.facebook.com\/plugins\/video.php?height=314&#038;href=https%3A%2F%2Fwww.facebook.com%2Freel%2F2104147160511639%2F&#038;show_text=false&#038;width=560&#038;t=0\" width=\"560\" height=\"314\" style=\"border:none;overflow:hidden\" scrolling=\"no\" frameborder=\"0\" allowfullscreen=\"true\" allow=\"autoplay; clipboard-write; encrypted-media; picture-in-picture; web-share\" 0=\"\/iframe\" class=\"iframe-class\"><\/iframe>\n<\/p>\n<p style=\"text-align: center\">\n<!-- iframe plugin v.6.0 wordpress.org\/plugins\/iframe\/ -->\n<iframe loading=\"lazy\" src=\"https:\/\/www.facebook.com\/plugins\/post.php?href=https%3A%2F%2Fwww.facebook.com%2Fruben.canet.50%2Fposts%2Fpfbid02i2XJ4NF5Fu6CTVmcVNWy3BqjLtbenzffi8seDsGes2jGqwFHVMSA2pSX3BR7D9dgl&#038;show_text=true&#038;width=500\" width=\"500\" height=\"679\" style=\"border:none;overflow:hidden\" scrolling=\"no\" frameborder=\"0\" allowfullscreen=\"true\" allow=\"autoplay; clipboard-write; encrypted-media; picture-in-picture; web-share\" 0=\"\/iframe\" class=\"iframe-class\"><\/iframe>\n<\/p>\n<p><strong>Del d\u00eda a la nuechi y viceversa, nun intre&#8230;<\/strong><\/p>\n<p style=\"text-align: center\">\n<!-- iframe plugin v.6.0 wordpress.org\/plugins\/iframe\/ -->\n<iframe loading=\"lazy\" src=\"https:\/\/www.facebook.com\/plugins\/video.php?height=314&#038;href=https%3A%2F%2Fwww.facebook.com%2Fantiojera%2Fvideos%2F3042990339244458%2F%3Fidorvanity%3D451222635018442&#038;show_text=false&#038;width=560&#038;t=0\" width=\"560\" height=\"314\" style=\"border:none;overflow:hidden\" scrolling=\"no\" frameborder=\"0\" allowfullscreen=\"true\" allow=\"autoplay; clipboard-write; encrypted-media; picture-in-picture; web-share\" 0=\"\/iframe\" class=\"iframe-class\"><\/iframe>\n<\/p>\n<p style=\"text-align: center\">\n<!-- iframe plugin v.6.0 wordpress.org\/plugins\/iframe\/ -->\n<iframe loading=\"lazy\" src=\"https:\/\/www.facebook.com\/plugins\/video.php?height=476&#038;href=https%3A%2F%2Fwww.facebook.com%2Freel%2F2898037500581912%2F&#038;show_text=false&#038;width=267&#038;t=0\" width=\"267\" height=\"476\" style=\"border:none;overflow:hidden\" scrolling=\"no\" frameborder=\"0\" allowfullscreen=\"true\" allow=\"autoplay; clipboard-write; encrypted-media; picture-in-picture; web-share\" 0=\"\/iframe\" class=\"iframe-class\"><\/iframe>\n<\/p>\n<div class=\"html-div xdj266r x14z9mp xat24cr x1lziwak xexx8yu x1a8lsjc xf7dkkf xv54qhq\">\n<div class=\"html-div xdj266r x14z9mp xat24cr x1lziwak xexx8yu xyri2b x18d9i69 x1c1uobl x1jx94hy x78zum5 x1q0g3np\">\n<div class=\"x78zum5 xdt5ytf xz62fqu x16ldp7u\">\n<div class=\"xu06os2 x1ok221b\">\n<div class=\"html-div xdj266r x14z9mp xat24cr x1lziwak xexx8yu xyri2b x18d9i69 x1c1uobl\" data-ad-rendering-role=\"profile_name\">\n<div class=\"xt0psk2\"><a class=\"x1i10hfl xjbqb8w x1ejq31n x18oe1m7 x1sy0etr xstzfhl x972fbf x10w94by x1qhh985 x14e42zd x9f619 x1ypdohk xt0psk2 x3ct3a4 xdj266r x14z9mp xat24cr x1lziwak xexx8yu xyri2b x18d9i69 x1c1uobl x16tdsg8 x1hl2dhg xggy1nq x1a2a7pz xkrqix3 x1sur9pj xzsf02u x1s688f\" role=\"link\" href=\"https:\/\/www.facebook.com\/SAAOmega?__cft__[0]=AZa_4DuEJFhMY--uWjvh8WijJZmmnbMbASYfmqVf8UByyzPq1Yhe_ntcAnTwCNmgAVKqXdpMonK0cSsWykBntDBd0ib0ZPgQVgytMX2veX2POh9LY79Vea8FOxg64b916DbjWg9tt2WTVG7I-sWUkO7S_NPENog8NVRJIAS02k2nTyMR7CVyFD2tp3t-Y0YcwNCT6_zoDmvQUE4C94Nr5GVV&amp;__tn__=-UC%2CP-y-R\"><b class=\"html-b xdj266r x14z9mp xat24cr x1lziwak xexx8yu xyri2b x18d9i69 x1c1uobl x1hl2dhg x16tdsg8 x1vvkbs x1s688f\"><span class=\"html-span xdj266r x14z9mp xat24cr x1lziwak xexx8yu xyri2b x18d9i69 x1c1uobl x1hl2dhg x16tdsg8 x1vvkbs\">Sociedad Astron\u00f3mica Asturiana OMEGA (Astronomical Society)<\/span><\/b><\/a>\/ Primeras im\u00e1xes de Javier Polanco dende Villapobledo, Palencia <span class=\"html-span xdj266r x14z9mp xat24cr x1lziwak xexx8yu xyri2b x18d9i69 x1c1uobl x1hl2dhg x16tdsg8 x1vvkbs\"><a class=\"x1i10hfl xjbqb8w x1ejq31n x18oe1m7 x1sy0etr xstzfhl x972fbf x10w94by x1qhh985 x14e42zd x9f619 x1ypdohk xt0psk2 x3ct3a4 xdj266r x14z9mp xat24cr x1lziwak xexx8yu xyri2b x18d9i69 x1c1uobl x16tdsg8 x1hl2dhg xggy1nq x1a2a7pz xkrqix3 x1sur9pj x1fey0fg x1s688f\" role=\"link\" href=\"https:\/\/www.facebook.com\/hashtag\/eclipseomega26?__cft__[0]=AZa_4DuEJFhMY--uWjvh8WijJZmmnbMbASYfmqVf8UByyzPq1Yhe_ntcAnTwCNmgAVKqXdpMonK0cSsWykBntDBd0ib0ZPgQVgytMX2veX2POh9LY79Vea8FOxg64b916DbjWg9tt2WTVG7I-sWUkO7S_NPENog8NVRJIAS02k2nTyMR7CVyFD2tp3t-Y0YcwNCT6_zoDmvQUE4C94Nr5GVV&amp;__tn__=*NK-y-R\">#EclipseOMEGA26<\/a><\/span><\/div>\n<div><\/div>\n<\/div>\n<\/div>\n<\/div>\n<\/div>\n<\/div>\n<div class=\"html-div xdj266r x14z9mp xat24cr x1lziwak xexx8yu xyri2b x18d9i69 x1c1uobl\" dir=\"auto\">\n<div class=\"html-div xdj266r x14z9mp xat24cr x1lziwak xexx8yu xyri2b x18d9i69 x1c1uobl\" dir=\"auto\">\n<div class=\"html-div xdj266r x14z9mp xat24cr x1lziwak xexx8yu xyri2b x18d9i69 x1c1uobl\" data-ad-rendering-role=\"story_message\">\n<div class=\"x1l90r2v x1iorvi4 x1g0dm76 xpdmqnj\" data-ad-comet-preview=\"message\" data-ad-preview=\"message\">\n<div class=\"x78zum5 xdt5ytf xz62fqu x16ldp7u\">\n<div class=\"xu06os2 x1ok221b\">\n<div class=\"html-div xdj266r x14z9mp xat24cr x1lziwak xexx8yu xyri2b x18d9i69 x1c1uobl\">\n<div class=\"xdj266r x14z9mp xat24cr x1lziwak x1vvkbs x126k92a\">\n<div dir=\"auto\" style=\"text-align: center\">\n<!-- iframe plugin v.6.0 wordpress.org\/plugins\/iframe\/ -->\n<iframe loading=\"lazy\" src=\"https:\/\/www.facebook.com\/plugins\/post.php?href=https%3A%2F%2Fwww.facebook.com%2Fphoto.php%3Ffbid%3D1482857177218456%26set%3Da.470206738483510%26type%3D3&#038;show_text=true&#038;width=500\" width=\"500\" height=\"676\" style=\"border:none;overflow:hidden\" scrolling=\"no\" frameborder=\"0\" allowfullscreen=\"true\" allow=\"autoplay; clipboard-write; encrypted-media; picture-in-picture; web-share\" 0=\"\/iframe\" class=\"iframe-class\"><\/iframe>\n<\/div>\n<div dir=\"auto\">Dende Collada Llomena, Ponga<\/div>\n<div dir=\"auto\"><\/div>\n<div dir=\"auto\" style=\"text-align: center\">\n<!-- iframe plugin v.6.0 wordpress.org\/plugins\/iframe\/ -->\n<iframe loading=\"lazy\" src=\"https:\/\/www.facebook.com\/plugins\/video.php?height=314&#038;href=https%3A%2F%2Fwww.facebook.com%2Freel%2F1740486580332398%2F&#038;show_text=false&#038;width=560&#038;t=0\" width=\"560\" height=\"314\" style=\"border:none;overflow:hidden\" scrolling=\"no\" frameborder=\"0\" allowfullscreen=\"true\" allow=\"autoplay; clipboard-write; encrypted-media; picture-in-picture; web-share\" 0=\"\/iframe\" class=\"iframe-class\"><\/iframe>\n<\/div>\n<div dir=\"auto\"><\/div>\n<div dir=\"auto\">\n<div class=\"xdj266r x14z9mp xat24cr x1lziwak x1vvkbs x126k92a\">\n<div dir=\"auto\"><span class=\"html-span xexx8yu xyri2b x18d9i69 x1c1uobl x1hl2dhg x16tdsg8 x1vvkbs x3nfvp2 x1j61x8r x1fcty0u xdj266r xat24cr xm2jcoa x1mpyi22 xxymvpz xlup9mm x1kky2od\"><img loading=\"lazy\" decoding=\"async\" class=\"xz74otr x15mokao x1ga7v0g x16uus16 xbiv7yw\" src=\"https:\/\/static.xx.fbcdn.net\/images\/emoji.php\/v9\/tde\/1\/16\/1f4f8.png\" alt=\"\ud83d\udcf8\" width=\"16\" height=\"16\" \/><\/span> Es la espectacular imagen captada por el fot\u00f3grafo Juan M\u00e9ndez<strong> en Lanzarote<\/strong>, con el eclipse de fondo.<a class=\"x1i10hfl xjbqb8w x1ejq31n x18oe1m7 x1sy0etr xstzfhl x972fbf x10w94by x1qhh985 x14e42zd x9f619 x1ypdohk xt0psk2 x3ct3a4 xdj266r x14z9mp xat24cr x1lziwak xexx8yu xyri2b x18d9i69 x1c1uobl x16tdsg8 x1hl2dhg xggy1nq x1a2a7pz xkrqix3 x1sur9pj x1fey0fg x1s688f\" role=\"link\" href=\"http:\/\/rtvc.es\/?fbclid=IwcGRvZgVleHRuA2FlbQIxMABzcnRjBmFwcF9pZBAyMjIwMzkxNzg4MjAwODkyAAEeCL7mC_YCCG7yhV2CUKpDGL5eDBpAuibSX6b5KQC5x36PIJfSIwfpuwg5_eE_aem_zpN7rSIRBxgQ8n334vVGog\" target=\"_blank\" rel=\"nofollow noopener noreferrer\">RTVC.es<\/a><\/div>\n<div dir=\"auto\" style=\"text-align: center\">\n<!-- iframe plugin v.6.0 wordpress.org\/plugins\/iframe\/ -->\n<iframe loading=\"lazy\" src=\"https:\/\/www.facebook.com\/plugins\/video.php?height=314&#038;href=https%3A%2F%2Fwww.facebook.com%2Freel%2F1309401371041947%2F&#038;show_text=false&#038;width=560&#038;t=0\" width=\"560\" height=\"314\" style=\"border:none;overflow:hidden\" scrolling=\"no\" frameborder=\"0\" allowfullscreen=\"true\" allow=\"autoplay; clipboard-write; encrypted-media; picture-in-picture; web-share\" 0=\"\/iframe\" class=\"iframe-class\"><\/iframe>\n<\/div>\n<\/div>\n<\/div>\n<div dir=\"auto\" style=\"text-align: center\"><a href=\"https:\/\/pbs.twimg.com\/media\/HPsJiDEWsAAVgTj?format=jpg&amp;name=large\"><img loading=\"lazy\" decoding=\"async\" class=\"aligncenter \" src=\"https:\/\/pbs.twimg.com\/media\/HPsJiDEWsAAVgTj?format=jpg&amp;name=large\" width=\"618\" height=\"789\" \/><\/a><\/div>\n<div dir=\"auto\"><\/div>\n<div dir=\"auto\">\n<div class=\"html-div xdj266r x14z9mp xat24cr x1lziwak xexx8yu x1a8lsjc xf7dkkf xv54qhq\">\n<div class=\"html-div xdj266r x14z9mp xat24cr x1lziwak xexx8yu xyri2b x18d9i69 x1c1uobl x1jx94hy x78zum5 x1q0g3np\">\n<div class=\"x78zum5 xdt5ytf xz62fqu x16ldp7u\">\n<div class=\"xu06os2 x1ok221b\">\n<div class=\"html-div xdj266r x14z9mp xat24cr x1lziwak xexx8yu xyri2b x18d9i69 x1c1uobl\" data-ad-rendering-role=\"profile_name\">\n<div class=\"xt0psk2\"><a class=\"x1i10hfl xjbqb8w x1ejq31n x18oe1m7 x1sy0etr xstzfhl x972fbf x10w94by x1qhh985 x14e42zd x9f619 x1ypdohk xt0psk2 x3ct3a4 xdj266r x14z9mp xat24cr x1lziwak xexx8yu xyri2b x18d9i69 x1c1uobl x16tdsg8 x1hl2dhg xggy1nq x1a2a7pz xkrqix3 x1sur9pj xzsf02u x1s688f\" role=\"link\" href=\"https:\/\/www.facebook.com\/CanariasAhora?__cft__[0]=AZZtl8w_kLEzyv5OmNCnf3ktL_KlHhfGRjO3332lq1Zg_LA1jLBkEimLhl6Gmbj0wFx0sYjT02tmebWHitEz2y8-RlvN2sy4kM9zcSNec14T-iWYpBtHpO6PYBN9_56Xvh6bFxTdXiPLlbN6WcdSUpfO1PLsXEC-3kjo67CRwEgKvVkY_2fRMMh0v0mePJYT2DgQa5_8ho-svHE7hsVHBNHm&amp;__tn__=-UC%2CP-y-R\"><b class=\"html-b xdj266r x14z9mp xat24cr x1lziwak xexx8yu xyri2b x18d9i69 x1c1uobl x1hl2dhg x16tdsg8 x1vvkbs x1s688f\"><span class=\"html-span xdj266r x14z9mp xat24cr x1lziwak xexx8yu xyri2b x18d9i69 x1c1uobl x1hl2dhg x16tdsg8 x1vvkbs\">Canarias Ahora<\/span><\/b><\/a><span class=\"x1lliihq x6ikm8r x10wlt62 x1n2onr6\"><span class=\"html-span xdj266r x14z9mp xat24cr x1lziwak xexx8yu xyri2b x18d9i69 x1c1uobl x1hl2dhg x16tdsg8 x1vvkbs x1dor1uw x1n2onr6 xxymvpz\"><span style=\"font-size: 16px\">\/ <\/span><\/span><\/span><span style=\"font-size: 16px\">Tiene solo siete meses y fue fotografiado junto a su camellero durante el eclipse por la fot\u00f3grafa Rosa Garc\u00eda.<\/span><\/div>\n<div style=\"text-align: center\">\n<!-- iframe plugin v.6.0 wordpress.org\/plugins\/iframe\/ -->\n<iframe loading=\"lazy\" src=\"https:\/\/www.facebook.com\/plugins\/post.php?href=https%3A%2F%2Fwww.facebook.com%2Fphoto.php%3Ffbid%3D1609751854495408%26set%3Da.503747641762507%26type%3D3&#038;show_text=true&#038;width=500\" width=\"500\" height=\"607\" style=\"border:none;overflow:hidden\" scrolling=\"no\" frameborder=\"0\" allowfullscreen=\"true\" allow=\"autoplay; clipboard-write; encrypted-media; picture-in-picture; web-share\" 0=\"\/iframe\" class=\"iframe-class\"><\/iframe>\n<\/div>\n<div style=\"text-align: center\">\n<!-- iframe plugin v.6.0 wordpress.org\/plugins\/iframe\/ -->\n<iframe loading=\"lazy\" src=\"https:\/\/www.facebook.com\/plugins\/post.php?href=https%3A%2F%2Fwww.facebook.com%2FDiariodeAvisos%2Fposts%2Fpfbid09gqkjErDcz4oLAUtLVyaxjWcL8ifAvMBRDfUansGwWkqtBBg2SUGYtJJMZoxK21tl&#038;show_text=true&#038;width=500\" width=\"500\" height=\"648\" style=\"border:none;overflow:hidden\" scrolling=\"no\" frameborder=\"0\" allowfullscreen=\"true\" allow=\"autoplay; clipboard-write; encrypted-media; picture-in-picture; web-share\" 0=\"\/iframe\" class=\"iframe-class\"><\/iframe>\n<\/div>\n<div><\/div>\n<div><strong>Stonehenge.<\/strong><\/div>\n<div style=\"text-align: center\"><a href=\"https:\/\/pbs.twimg.com\/media\/HPnOSaXaMAAZ4CG?format=jpg&amp;name=small\"><img loading=\"lazy\" decoding=\"async\" class=\"aligncenter size-large\" src=\"https:\/\/pbs.twimg.com\/media\/HPnOSaXaMAAZ4CG?format=jpg&amp;name=small\" width=\"529\" height=\"680\" \/><\/a><\/div>\n<div>\n<div class=\"xdj266r x14z9mp xat24cr x1lziwak x1vvkbs x126k92a\">\n<div dir=\"auto\"><\/div>\n<div dir=\"auto\"><\/div>\n<div dir=\"auto\"><\/div>\n<div dir=\"auto\" style=\"text-align: center\">\n<!-- iframe plugin v.6.0 wordpress.org\/plugins\/iframe\/ -->\n<iframe loading=\"lazy\" src=\"https:\/\/www.facebook.com\/plugins\/video.php?height=476&#038;href=https%3A%2F%2Fwww.facebook.com%2Freel%2F1039647695595240%2F&#038;show_text=false&#038;width=267&#038;t=0\" width=\"267\" height=\"476\" style=\"border:none;overflow:hidden\" scrolling=\"no\" frameborder=\"0\" allowfullscreen=\"true\" allow=\"autoplay; clipboard-write; encrypted-media; picture-in-picture; web-share\" 0=\"\/iframe\" class=\"iframe-class\"><\/iframe>\n<\/div>\n<div dir=\"auto\"><\/div>\n<div dir=\"auto\"><\/div>\n<div dir=\"auto\">El fot\u00f3grafo de National Geographic, Paul John Bayfield, fotograf\u00f3 el reciente eclipse solar con un gaviota de la bah\u00eda de Norwich, Norfolk, Reino Unido. Paul relata: \u201cAunque el eclipse solo alcanz\u00f3 el 91% aqu\u00ed en el sur-este de Inglaterra, un momento inquietante y maravilloso lleg\u00f3 a medida que la temperatura baj\u00f3 y el cielo se oscureci\u00f3. Los gaviotas siempre presentes cayeron del cielo para apoyarse en los techos de los vecinos, clacando en confusi\u00f3n. Un espect\u00e1culo que recordar\u00e9 por mucho tiempo.\u201d <strong>Ver m\u00e1s fotos del eclipse solar total de 2026<\/strong>: <span class=\"html-span xdj266r x14z9mp xat24cr x1lziwak xexx8yu xyri2b x18d9i69 x1c1uobl x1hl2dhg x16tdsg8 x1vvkbs\"><a class=\"x1i10hfl xjbqb8w x1ejq31n x18oe1m7 x1sy0etr xstzfhl x972fbf x10w94by x1qhh985 x14e42zd x9f619 x1ypdohk xt0psk2 x3ct3a4 xdj266r x14z9mp xat24cr x1lziwak xexx8yu xyri2b x18d9i69 x1c1uobl x16tdsg8 x1hl2dhg xggy1nq x1a2a7pz xkrqix3 x1sur9pj x1fey0fg x1s688f\" role=\"link\" href=\"https:\/\/on.natgeo.com\/lUCAfG?fbclid=IwcGRvZgVleHRuA2FlbQIxMABzcnRjBmFwcF9pZBAyMjIwMzkxNzg4MjAwODkyAAEerK_SgPouwG_KjBAlgJCeLuyVk9bDR71NroTwTPNTEnO-fSNZAV1pOVcKU54_aem_myo-GEHds4SQmpGgNi2bpw\" target=\"_blank\" rel=\"nofollow noopener noreferrer\">https:\/\/on.natgeo.com\/lUCAfG<\/a><\/span><\/div>\n<div dir=\"auto\" style=\"text-align: center\">\n<!-- iframe plugin v.6.0 wordpress.org\/plugins\/iframe\/ -->\n<iframe loading=\"lazy\" src=\"https:\/\/www.facebook.com\/plugins\/post.php?href=https%3A%2F%2Fwww.facebook.com%2Fnatgeo%2Fposts%2Fpfbid0EuMRfPpqN2Zby2WddCXim7c3NkydVBobTSTT7v4Lkcc55h5nei5y6MCZY56tUwrkl&#038;show_text=false&#038;width=500\" width=\"500\" height=\"497\" style=\"border:none;overflow:hidden\" scrolling=\"no\" frameborder=\"0\" allowfullscreen=\"true\" allow=\"autoplay; clipboard-write; encrypted-media; picture-in-picture; web-share\" 0=\"\/iframe\" class=\"iframe-class\"><\/iframe>\n<\/div>\n<\/div>\n<\/div>\n<\/div>\n<\/div>\n<\/div>\n<\/div>\n<\/div>\n<\/div>\n<\/div>\n<\/div>\n<\/div>\n<\/div>\n<\/div>\n<\/div>\n<\/div>\n<\/div>\n","protected":false},"excerpt":{"rendered":"<p>Espa\u00f1a vivi\u00f3 una escena que paez sacada d&#8217;una pel\u00edcula. \ud83c\udf11\ud83d\udd25 Reel Rub\u00e9n D\u00edaz \/<\/p>\n","protected":false},"author":117,"featured_media":0,"comment_status":"closed","ping_status":"closed","sticky":false,"template":"","format":"standard","meta":{"footnotes":""},"categories":[223,491],"tags":[],"class_list":["post-84444","post","type-post","status-publish","format-standard","hentry","category-astronomia","category-eclis-solar"],"_links":{"self":[{"href":"https:\/\/edublog.educastur.es\/ixuxu\/wp-json\/wp\/v2\/posts\/84444","targetHints":{"allow":["GET"]}}],"collection":[{"href":"https:\/\/edublog.educastur.es\/ixuxu\/wp-json\/wp\/v2\/posts"}],"about":[{"href":"https:\/\/edublog.educastur.es\/ixuxu\/wp-json\/wp\/v2\/types\/post"}],"author":[{"embeddable":true,"href":"https:\/\/edublog.educastur.es\/ixuxu\/wp-json\/wp\/v2\/users\/117"}],"replies":[{"embeddable":true,"href":"https:\/\/edublog.educastur.es\/ixuxu\/wp-json\/wp\/v2\/comments?post=84444"}],"version-history":[{"count":50,"href":"https:\/\/edublog.educastur.es\/ixuxu\/wp-json\/wp\/v2\/posts\/84444\/revisions"}],"predecessor-version":[{"id":85365,"href":"https:\/\/edublog.educastur.es\/ixuxu\/wp-json\/wp\/v2\/posts\/84444\/revisions\/85365"}],"wp:attachment":[{"href":"https:\/\/edublog.educastur.es\/ixuxu\/wp-json\/wp\/v2\/media?parent=84444"}],"wp:term":[{"taxonomy":"category","embeddable":true,"href":"https:\/\/edublog.educastur.es\/ixuxu\/wp-json\/wp\/v2\/categories?post=84444"},{"taxonomy":"post_tag","embeddable":true,"href":"https:\/\/edublog.educastur.es\/ixuxu\/wp-json\/wp\/v2\/tags?post=84444"}],"curies":[{"name":"wp","href":"https:\/\/api.w.org\/{rel}","templated":true}]}}