{"id":84533,"date":"2026-08-14T08:30:54","date_gmt":"2026-08-14T06:30:54","guid":{"rendered":"https:\/\/edublog.educastur.es\/ixuxu\/?p=84533"},"modified":"2026-08-14T20:12:11","modified_gmt":"2026-08-14T18:12:11","slug":"el-tiempu-el-comercio-366","status":"publish","type":"post","link":"https:\/\/edublog.educastur.es\/ixuxu\/2026\/08\/el-tiempu-el-comercio-366\/","title":{"rendered":"El tiempu (El Comercio)"},"content":{"rendered":"<p style=\"text-align: center\"><a href=\"https:\/\/s3.ppllstatics.com\/elcomercio\/www\/multimedia\/turismo-asturias\/2026\/08\/14\/tiempo-asturias-sabado-kwXC-U301286704361Ud-650x455@El%20Comercio.jpg\"><img loading=\"lazy\" decoding=\"async\" class=\"aligncenter size-large\" src=\"https:\/\/s3.ppllstatics.com\/elcomercio\/www\/multimedia\/turismo-asturias\/2026\/08\/14\/tiempo-asturias-sabado-kwXC-U301286704361Ud-650x455@El%20Comercio.jpg\" width=\"650\" height=\"455\" \/><\/a><\/p>\n<p>Esperamos una xornada con abondosa nubosidad mientres tol d\u00eda en tola rex\u00f3n. Estes nubes van dexar precipitaciones de calter d\u00e9bil pero que van poder afectar a cualquier puntu del Princip\u00e1u. Les temperatures van baxar nel casu de les m\u00e1ximes na met\u00e1 sur y van caltenese ensin cambeos nel restu. Les m\u00ednimes apenes van variar. Los vientos van predominar de nordeste.<\/p>\n<p><!--more--><\/p>\n<p style=\"text-align: center\"><a href=\"https:\/\/pbs.twimg.com\/media\/HPnwPuUXwAA8hYd?format=jpg&amp;name=large\"><img loading=\"lazy\" decoding=\"async\" class=\"aligncenter size-large\" src=\"https:\/\/pbs.twimg.com\/media\/HPnwPuUXwAA8hYd?format=jpg&amp;name=large\" width=\"1344\" height=\"900\" \/><\/a><\/p>\n","protected":false},"excerpt":{"rendered":"<p>Esperamos una xornada con abondosa nubosidad mientres tol d\u00eda en tola rex\u00f3n. Estes nubes van dexar precipitaciones de calter d\u00e9bil pero que van poder afectar a cualquier puntu del Princip\u00e1u. Les temperatures van baxar nel casu de les m\u00e1ximes na met\u00e1 sur y van caltenese ensin cambeos nel restu. Les m\u00ednimes apenes van variar. Los [&hellip;]<\/p>\n","protected":false},"author":117,"featured_media":0,"comment_status":"closed","ping_status":"closed","sticky":false,"template":"","format":"standard","meta":{"footnotes":""},"categories":[1],"tags":[],"class_list":["post-84533","post","type-post","status-publish","format-standard","hentry","category-sin-categoria"],"_links":{"self":[{"href":"https:\/\/edublog.educastur.es\/ixuxu\/wp-json\/wp\/v2\/posts\/84533","targetHints":{"allow":["GET"]}}],"collection":[{"href":"https:\/\/edublog.educastur.es\/ixuxu\/wp-json\/wp\/v2\/posts"}],"about":[{"href":"https:\/\/edublog.educastur.es\/ixuxu\/wp-json\/wp\/v2\/types\/post"}],"author":[{"embeddable":true,"href":"https:\/\/edublog.educastur.es\/ixuxu\/wp-json\/wp\/v2\/users\/117"}],"replies":[{"embeddable":true,"href":"https:\/\/edublog.educastur.es\/ixuxu\/wp-json\/wp\/v2\/comments?post=84533"}],"version-history":[{"count":2,"href":"https:\/\/edublog.educastur.es\/ixuxu\/wp-json\/wp\/v2\/posts\/84533\/revisions"}],"predecessor-version":[{"id":84658,"href":"https:\/\/edublog.educastur.es\/ixuxu\/wp-json\/wp\/v2\/posts\/84533\/revisions\/84658"}],"wp:attachment":[{"href":"https:\/\/edublog.educastur.es\/ixuxu\/wp-json\/wp\/v2\/media?parent=84533"}],"wp:term":[{"taxonomy":"category","embeddable":true,"href":"https:\/\/edublog.educastur.es\/ixuxu\/wp-json\/wp\/v2\/categories?post=84533"},{"taxonomy":"post_tag","embeddable":true,"href":"https:\/\/edublog.educastur.es\/ixuxu\/wp-json\/wp\/v2\/tags?post=84533"}],"curies":[{"name":"wp","href":"https:\/\/api.w.org\/{rel}","templated":true}]}}