{"id":84535,"date":"2026-08-12T09:00:44","date_gmt":"2026-08-12T07:00:44","guid":{"rendered":"https:\/\/edublog.educastur.es\/ixuxu\/?p=84535"},"modified":"2026-08-17T20:18:25","modified_gmt":"2026-08-17T18:18:25","slug":"dia-internacional-de-la-moceda","status":"publish","type":"post","link":"https:\/\/edublog.educastur.es\/ixuxu\/2026\/08\/dia-internacional-de-la-moceda\/","title":{"rendered":"D\u00eda Internacional de la Moced\u00e1"},"content":{"rendered":"<p><span class=\"css-1jxf684 r-bcqeeo r-1ttztb7 r-qvutc0 r-poiln3\">Nel <\/span><span class=\"r-18u37iz\"><a class=\"css-1jxf684 r-bcqeeo r-1ttztb7 r-qvutc0 r-poiln3 r-1loqt21\" dir=\"ltr\" role=\"link\" href=\"https:\/\/x.com\/hashtag\/D%C3%ADaInternacionalDeLaJuventud?src=hashtag_click\">#D\u00edaInternacionalDeLaJuventud<\/a><\/span>celebramos el compromisu d&#8217;Espa\u00f1a cola participaci\u00f3n xuvenil na vida democr\u00e1tica y na axenda global.<span class=\"r-18u37iz\"><a class=\"css-1jxf684 r-bcqeeo r-1ttztb7 r-qvutc0 r-poiln3 r-1wvb978 r-1loqt21\" dir=\"ltr\" role=\"link\" href=\"https:\/\/x.com\/MAECgob\"> @MAECgob<\/a><\/span><span class=\"css-1jxf684 r-bcqeeo r-1ttztb7 r-qvutc0 r-poiln3\">y\u00a0<\/span><span class=\"r-18u37iz\"><a class=\"css-1jxf684 r-bcqeeo r-1ttztb7 r-qvutc0 r-poiln3 r-1wvb978 r-1loqt21\" dir=\"ltr\" role=\"link\" href=\"https:\/\/x.com\/jmalbares\">@jmalbares<\/a><\/span>impulsen oportunidaes por que la moced\u00e1 lidere&#8217;l futuru n&#8217;Europa<span class=\"css-1jxf684 r-bcqeeo r-1ttztb7 r-qvutc0 r-poiln3\">, la ONU<\/span><span class=\"css-1jxf684 r-bcqeeo r-1ttztb7 r-qvutc0 r-poiln3\"> y la cooperaci\u00f3n. <a href=\"https:\/\/scontent-mad2-1.cdninstagram.com\/v\/t51.82787-15\/773785132_17979493998119851_5741966952087102923_n.webp?_nc_cat=110&amp;ig_cache_key=Mzk2MjA0Njg0ODMyMDIzNTUzMg%3D%3D.3-ccb7-5&amp;ccb=7-5&amp;_nc_sid=58cdad&amp;efg=eyJ2ZW5jb2RlX3RhZyI6IkZFRUQueHBpZHMuMTYzOC5zZHIucmVndWxhcl9waG90by5DMyJ9&amp;_nc_ohc=3qwAkuccz3YQ7kNvwFj5fWH&amp;_nc_oc=AdoOd_-_ZrFhwAmC4vwBQ1OqngMeicqHUbKuIwTdRr_nkIzkIgLUgRvHpvByHSqwUNM&amp;_nc_ad=z-m&amp;_nc_cid=3033&amp;_nc_zt=23&amp;_nc_ht=scontent-mad2-1.cdninstagram.com&amp;_nc_gid=cQyTOUnNTfxs1ulNf1-F9g&amp;_nc_ss=7a22e&amp;oh=00_AQE2SEcLV_3Pbql7l9MIwr6nBUOgreqM3NT_mPk7K966Kg&amp;oe=6A892A80\"><strong>GR\u00c1FICU<\/strong><\/a><\/span><\/p>\n<p style=\"text-align: center\"><a href=\"https:\/\/pbs.twimg.com\/media\/HPgbTVfWIAA6GbY?format=jpg&amp;name=medium\"><img loading=\"lazy\" decoding=\"async\" class=\"aligncenter size-large\" src=\"https:\/\/pbs.twimg.com\/media\/HPgbTVfWIAA6GbY?format=jpg&amp;name=medium\" width=\"944\" height=\"532\" \/><\/a><\/p>\n<p><!--more--><\/p>\n<p>\ud83c\udf0e L&#8217;<strong>Asamblea Xeneral de les Naciones Xun\u00edes<\/strong> estableci\u00f3&#8217;l 12 d&#8217;agostu como D\u00eda Internacional de la Moced\u00e1 por aciu el resolvimientu 54\/120, aprobada&#8217;l <strong>17 d&#8217;avientu de 1999.<\/strong> La decisi\u00f3n recoy\u00f3 unu encamientu formul\u00e1u mientres la Conferencia Mundial de Ministros Responsables de la Moced\u00e1, celebrada en Lisboa en 1998.<\/p>\n<p>La primer conmemoraci\u00f3n internacional tuvo llugar en 2000.<strong> La xornada procura asitiar les esperiencies, demandes y proyectos de les persones nueves dientro de l&#8217;axenda p\u00fablica mundial.<\/strong> Les sos temes tomen educaci\u00f3n, empl\u00e9u, participaci\u00f3n pol\u00edtica, sal\u00fa, iguald\u00e1, derechos humanos y accesu a tecnolox\u00edes.<\/p>\n<p>La fecha nun correspuende a una celebraci\u00f3n nacional particular, sin\u00f3n a una observancia promovida pol sistema de Naciones Xun\u00edes, que cada a\u00f1u prop\u00f3n una exa espec\u00edfica para empobinar actividaes de gobiernos, organizaciones sociales y comunidaes educatives.<\/p>\n<p style=\"text-align: center\"><a href=\"https:\/\/pbs.twimg.com\/media\/HPSvD_jWcAE5_0C?format=jpg&amp;name=small\"><img loading=\"lazy\" decoding=\"async\" class=\"aligncenter size-large\" src=\"https:\/\/pbs.twimg.com\/media\/HPSvD_jWcAE5_0C?format=jpg&amp;name=small\" width=\"544\" height=\"680\" \/><\/a><\/p>\n<p><strong>La primer celebraci\u00f3n del D\u00eda Internacional de la Moced\u00e1 foi nel a\u00f1u 2000.<\/strong> M\u00e1s de dos d\u00e9cades dempu\u00e9s, el mensaxe sigue vixente: los mozos son axentes esenciales del camb\u00e9u.<\/p>\n<p>&nbsp;<\/p>\n<p style=\"text-align: center\"><img loading=\"lazy\" decoding=\"async\" class=\"aligncenter size-large\" src=\"https:\/\/pbs.twimg.com\/media\/HPhoEc3W8AABdPE?format=jpg&amp;name=large\" width=\"1024\" height=\"1536\" \/><\/p>\n<p>&nbsp;<\/p>\n<p style=\"text-align: center\"><a href=\"https:\/\/pbs.twimg.com\/media\/F2TE8opXIAA6zFV?format=jpg&amp;name=medium\"><img loading=\"lazy\" decoding=\"async\" class=\"aligncenter size-large\" src=\"https:\/\/pbs.twimg.com\/media\/F2TE8opXIAA6zFV?format=jpg&amp;name=medium\" width=\"480\" height=\"1200\" \/><\/a><\/p>\n","protected":false},"excerpt":{"rendered":"<p>Nel #D\u00edaInternacionalDeLaJuventudcelebramos el compromisu d&#8217;Espa\u00f1a cola participaci\u00f3n xuvenil na vida democr\u00e1tica y na axenda global. @MAECgoby\u00a0@jmalbaresimpulsen oportunidaes por que la moced\u00e1 lidere&#8217;l futuru n&#8217;Europa, la ONU y la cooperaci\u00f3n. GR\u00c1FICU<\/p>\n","protected":false},"author":117,"featured_media":0,"comment_status":"closed","ping_status":"closed","sticky":false,"template":"","format":"standard","meta":{"footnotes":""},"categories":[6],"tags":[],"class_list":["post-84535","post","type-post","status-publish","format-standard","hentry","category-dia-de"],"_links":{"self":[{"href":"https:\/\/edublog.educastur.es\/ixuxu\/wp-json\/wp\/v2\/posts\/84535","targetHints":{"allow":["GET"]}}],"collection":[{"href":"https:\/\/edublog.educastur.es\/ixuxu\/wp-json\/wp\/v2\/posts"}],"about":[{"href":"https:\/\/edublog.educastur.es\/ixuxu\/wp-json\/wp\/v2\/types\/post"}],"author":[{"embeddable":true,"href":"https:\/\/edublog.educastur.es\/ixuxu\/wp-json\/wp\/v2\/users\/117"}],"replies":[{"embeddable":true,"href":"https:\/\/edublog.educastur.es\/ixuxu\/wp-json\/wp\/v2\/comments?post=84535"}],"version-history":[{"count":6,"href":"https:\/\/edublog.educastur.es\/ixuxu\/wp-json\/wp\/v2\/posts\/84535\/revisions"}],"predecessor-version":[{"id":84982,"href":"https:\/\/edublog.educastur.es\/ixuxu\/wp-json\/wp\/v2\/posts\/84535\/revisions\/84982"}],"wp:attachment":[{"href":"https:\/\/edublog.educastur.es\/ixuxu\/wp-json\/wp\/v2\/media?parent=84535"}],"wp:term":[{"taxonomy":"category","embeddable":true,"href":"https:\/\/edublog.educastur.es\/ixuxu\/wp-json\/wp\/v2\/categories?post=84535"},{"taxonomy":"post_tag","embeddable":true,"href":"https:\/\/edublog.educastur.es\/ixuxu\/wp-json\/wp\/v2\/tags?post=84535"}],"curies":[{"name":"wp","href":"https:\/\/api.w.org\/{rel}","templated":true}]}}