{"id":846,"date":"2020-09-02T21:16:42","date_gmt":"2020-09-02T19:16:42","guid":{"rendered":"https:\/\/edublog.educastur.es\/ixuxu\/?p=846"},"modified":"2020-09-02T22:02:21","modified_gmt":"2020-09-02T20:02:21","slug":"xii-premiu-alfonso-iglesias-de-comic","status":"publish","type":"post","link":"https:\/\/edublog.educastur.es\/ixuxu\/2020\/09\/xii-premiu-alfonso-iglesias-de-comic\/","title":{"rendered":"XII premiu Alfonso Iglesias de C\u00f3mic"},"content":{"rendered":"<div class=\"oi9244e8 do00u71z j83agx80\"><img loading=\"lazy\" decoding=\"async\" class=\" wp-image-869 aligncenter\" src=\"http:\/\/edublog.educastur.es\/ixuxu\/files\/2020\/09\/arbolibro-300x219.jpg\" alt=\"\" width=\"281\" height=\"205\" srcset=\"https:\/\/edublog.educastur.es\/ixuxu\/files\/2020\/09\/arbolibro-300x219.jpg 300w, https:\/\/edublog.educastur.es\/ixuxu\/files\/2020\/09\/arbolibro.jpg 372w\" sizes=\"auto, (max-width: 281px) 100vw, 281px\" \/><\/p>\n<div class=\"nc684nl6\">\n<div class=\"q676j6op qypqp5cg\"><\/div>\n<\/div>\n<\/div>\n<div class=\"buofh1pr\">\n<div class=\"j83agx80 cbu4d94t ew0dbk1b irj2b8pg\">\n<div class=\"qzhwtbm6 knvmm38d\">\n<div class=\"nc684nl6\"><a class=\"oajrlxb2 g5ia77u1 qu0x051f esr5mh6w e9989ue4 r7d6kgcz rq0escxv nhd2j8a9 nc684nl6 p7hjln8o kvgmc6g5 cxmmr5t8 oygrvhab hcukyx3x jb3vyjys rz4wbd8a qt6c0cv9 a8nywdso i1ao9s8h esuyzwwr f1sip0of lzcic4wl oo9gr5id gpro0wi8 lrazzd5p\" role=\"link\" href=\"https:\/\/www.facebook.com\/selmana.lletresasturianes?__cft__[0]=AZXGG0m3gUvH44pL1jPVr7Ebw2GtX4YBRPlzkzVeE1vez3Ytuey_kKbZ2dYQd1WLJ4M9BQtW3JF1-E_G6DZv9MqjdWiAfW56DOcnj-ildFSHn4tkQo8IN3_K6bmgpt93Tgg&amp;__tn__=-UC%2CP-R\"><strong>Fonte: Pol\u00edtica Lling\u00fc\u00edstica Princip\u00e1u d&#8217;Asturies<\/strong><\/a><\/div>\n<\/div>\n<\/div>\n<\/div>\n<div class=\"nqmvxvec j83agx80 jnigpg78 cxgpxx05 dflh9lhu sj5x9vvc scb9dxdr odw8uiq3\"><\/div>\n<div class=\"\" dir=\"auto\">\n<div id=\"jsc_c_cr\" class=\"ecm0bbzt hv4rvrfc ihqw7lf3 dati1w0a\" data-ad-comet-preview=\"message\" data-ad-preview=\"message\">\n<div class=\"j83agx80 cbu4d94t ew0dbk1b irj2b8pg\">\n<div class=\"qzhwtbm6 knvmm38d\">\n<div class=\"kvgmc6g5 cxmmr5t8 oygrvhab hcukyx3x c1et5uql ii04i59q\">\n<div dir=\"auto\">\n<div class=\"nc684nl6\"><span style=\"color: #008080\">Alberto V\u00e1zquez Garc\u00eda<\/span> gana&#8217;l <span style=\"color: #008080\"><strong>XII premiu Alfonso Iglesias de C\u00f3mic<\/strong><\/span> en llingua asturiana cola obra <span style=\"color: #008080\">\u00abEl sol na escombrera\u00bb.<\/span><\/div>\n<div><\/div>\n<\/div>\n<\/div>\n<div class=\"o9v6fnle cxmmr5t8 oygrvhab hcukyx3x c1et5uql ii04i59q\">\n<div dir=\"auto\">El xur\u00e1u destaca l&#8217;\u201denfoque realista, la propuesta sobria y el dibuxu personal y caracter\u00edsticu\u201d del autor, que narra nel so trabayu la vida d&#8217;un ne\u00f1u de la guerra asturianu. La obra<span style=\"color: #008080\"><em> \u00abEl sol na escombrera\u00bb<\/em><\/span>, del creador Alberto V\u00e1zquez, consigui\u00f3&#8217;l Premiu Alfonso Iglesias de C\u00f3mic en llingua asturiana d&#8217;angua\u00f1o, fall\u00e1u ayeri n&#8217;Uvi\u00e9u. El dibuxante mierense y\u00e1 llograra&#8217;l gallard\u00f3n na so novena edici\u00f3n col t\u00edtulu \u00abLos llazos coloraos\u00bb.<\/div>\n<div dir=\"auto\"><\/div>\n<\/div>\n<div class=\"o9v6fnle cxmmr5t8 oygrvhab hcukyx3x c1et5uql ii04i59q\">\n<div dir=\"auto\">El xur\u00e1u, que valor\u00f3 \u201cla varied\u00e1 y l&#8217;inter\u00e9s\u201d de tolos trabayos presentaos, destaca \u201cl&#8217;enfoque realista y la propuesta sobria\u201d de la obra ganadora, que narra la vida de Jos\u00e9 Fern\u00e1ndez S\u00e1nchez, un ne\u00f1u asturianu de la guerra, \u201cun tema poco trat\u00e1u nes artes visuales\u201d, seg\u00fan puntualiza l&#8217;acta de la deliberaci\u00f3n.<\/div>\n<div dir=\"auto\"><\/div>\n<\/div>\n<div class=\"o9v6fnle cxmmr5t8 oygrvhab hcukyx3x c1et5uql ii04i59q\">\n<div dir=\"auto\">El fallu se\u00f1ala tami\u00e9n la calid\u00e1 d\u2019\u201cun estilu de dibuxu caracter\u00edsticu y personal, y\u00e1 consolid\u00e1u\u201d, y la brillante ellaboraci\u00f3n d&#8217;una obra envuelta nun tonu de se\u00f1ard\u00e1 que reflexa a la perfecci\u00f3n el de les memories del protagonista\u201d nes que se basa&#8217;l c\u00f3mic.<\/div>\n<div dir=\"auto\"><\/div>\n<\/div>\n<\/div>\n<\/div>\n<\/div>\n<div dir=\"auto\">\n<p><!--more--><\/p>\n<\/div>\n<div id=\"jsc_c_cr\" class=\"ecm0bbzt hv4rvrfc ihqw7lf3 dati1w0a\" data-ad-comet-preview=\"message\" data-ad-preview=\"message\">\n<div class=\"j83agx80 cbu4d94t ew0dbk1b irj2b8pg\">\n<div class=\"qzhwtbm6 knvmm38d\">\n<div class=\"o9v6fnle cxmmr5t8 oygrvhab hcukyx3x c1et5uql ii04i59q\">\n<div dir=\"auto\"><\/div>\n<div dir=\"auto\">Alberto V\u00e1zquez (Mieres, 1969) ye un artista gr\u00e1ficu, dibuxante, cortometrista y documentalista, autor d&#8217;obra tan reconocida como la mentada \u00abLos llazos coloraos\u00bb, y los documentales \u00ab1962. La lluz que vino del coraz\u00f3n de la tierra\u00bb, \u00ab1965. Asaltu a la comisar\u00eda de Mieres\u00bb o \u00ab1934-1935. Diez asturianos nel exiliu franc\u00e9s\u00bb. V\u00e1zquez ye tami\u00e9n autor de numberoses tires c\u00f3miques en medios period\u00edsticos asturianos.<\/div>\n<div dir=\"auto\"><\/div>\n<\/div>\n<div class=\"o9v6fnle cxmmr5t8 oygrvhab hcukyx3x c1et5uql ii04i59q\">\n<div dir=\"auto\">El xur\u00e1u del premiu, que ta dot\u00e1u con 5.000 euros, tuvo presid\u00edu pol director xeneral de Pol\u00edtica Lling\u00fc\u00edstica, Ant\u00f3n Garc\u00eda, y form\u00e1u pola escritora Mariluz Pont\u00f3n, la profesora Tamara Collar, la dibuxante Raquel Lagartos, la historiadora del arte Mercedes Men\u00e9ndez, el creador Ruma Barbero, ganador de la \u00faltima edici\u00f3n del gallard\u00f3n, y Juncal Garc\u00eda, qu&#8217;actu\u00f3 como secretaria.<\/div>\n<\/div>\n<ul>\n<li><a href=\"https:\/\/www.facebook.com\/profile.php?id=768544037\">Alberto V\u00e1zquez (Facebook)<\/a><\/li>\n<\/ul>\n<div class=\"o9v6fnle cxmmr5t8 oygrvhab hcukyx3x c1et5uql ii04i59q\">\n<div dir=\"auto\"><\/div>\n<\/div>\n<\/div>\n<\/div>\n<\/div>\n<\/div>\n","protected":false},"excerpt":{"rendered":"<p>Fonte: Pol\u00edtica Lling\u00fc\u00edstica Princip\u00e1u d&#8217;Asturies Alberto V\u00e1zquez Garc\u00eda gana&#8217;l XII premiu Alfonso Iglesias de C\u00f3mic en llingua asturiana cola obra \u00abEl sol na escombrera\u00bb. El xur\u00e1u destaca l&#8217;\u201denfoque realista, la propuesta sobria y el dibuxu personal y caracter\u00edsticu\u201d del autor, que narra nel so trabayu la vida d&#8217;un ne\u00f1u de la guerra asturianu. La obra [&hellip;]<\/p>\n","protected":false},"author":117,"featured_media":0,"comment_status":"closed","ping_status":"open","sticky":false,"template":"","format":"standard","meta":{"footnotes":""},"categories":[57,58],"tags":[],"class_list":["post-846","post","type-post","status-publish","format-standard","hentry","category-comic","category-premios"],"_links":{"self":[{"href":"https:\/\/edublog.educastur.es\/ixuxu\/wp-json\/wp\/v2\/posts\/846","targetHints":{"allow":["GET"]}}],"collection":[{"href":"https:\/\/edublog.educastur.es\/ixuxu\/wp-json\/wp\/v2\/posts"}],"about":[{"href":"https:\/\/edublog.educastur.es\/ixuxu\/wp-json\/wp\/v2\/types\/post"}],"author":[{"embeddable":true,"href":"https:\/\/edublog.educastur.es\/ixuxu\/wp-json\/wp\/v2\/users\/117"}],"replies":[{"embeddable":true,"href":"https:\/\/edublog.educastur.es\/ixuxu\/wp-json\/wp\/v2\/comments?post=846"}],"version-history":[{"count":3,"href":"https:\/\/edublog.educastur.es\/ixuxu\/wp-json\/wp\/v2\/posts\/846\/revisions"}],"predecessor-version":[{"id":870,"href":"https:\/\/edublog.educastur.es\/ixuxu\/wp-json\/wp\/v2\/posts\/846\/revisions\/870"}],"wp:attachment":[{"href":"https:\/\/edublog.educastur.es\/ixuxu\/wp-json\/wp\/v2\/media?parent=846"}],"wp:term":[{"taxonomy":"category","embeddable":true,"href":"https:\/\/edublog.educastur.es\/ixuxu\/wp-json\/wp\/v2\/categories?post=846"},{"taxonomy":"post_tag","embeddable":true,"href":"https:\/\/edublog.educastur.es\/ixuxu\/wp-json\/wp\/v2\/tags?post=846"}],"curies":[{"name":"wp","href":"https:\/\/api.w.org\/{rel}","templated":true}]}}