{"id":84768,"date":"2026-08-12T22:16:53","date_gmt":"2026-08-12T20:16:53","guid":{"rendered":"https:\/\/edublog.educastur.es\/ixuxu\/?p=84768"},"modified":"2026-08-14T22:20:00","modified_gmt":"2026-08-14T20:20:00","slug":"leclis-vese-de-manera-desigual-nasturies","status":"publish","type":"post","link":"https:\/\/edublog.educastur.es\/ixuxu\/2026\/08\/leclis-vese-de-manera-desigual-nasturies\/","title":{"rendered":"L&#8217;ecl\u00eds vese de manera desigual n&#8217;Asturies"},"content":{"rendered":"<ul>\n<li class=\"text-2xl font-bold font-serif leading-tight max-w-[65ch] mb-1.5\"><a href=\"https:\/\/www.rtpa.es\/noticias-asturias-ast\/2026-08-12\/L'eclis-vese-de-manera-desigual-n'Asturies_111786560380.html\">L&#8217;ecl\u00eds vese de manera desigual n&#8217;Asturies<\/a><\/li>\n<\/ul>\n<p style=\"text-align: center\"><a href=\"https:\/\/www.rtpa.es\/fotos\/\/26\/08\/20260812205036_RTPA8480886.webp\"><img loading=\"lazy\" decoding=\"async\" class=\"aligncenter size-large\" src=\"https:\/\/www.rtpa.es\/fotos\/\/26\/08\/20260812205036_RTPA8480886.webp\" width=\"853\" height=\"480\" \/><\/a><\/p>\n<div class=\"flow rtpa-prose text-lg leading-tight mb-6\"><strong>El puertu Payares, \u00fan de los meyores sitios pa ver el fen\u00f3menu.<\/strong><\/div>\n<div><\/div>\n<p><!--more--><\/p>\n<div class=\"flow rtpa-prose text-base text-neutral-700\">\n<p>L&#8217;ecl\u00eds viose n&#8217;Asturies de manera desigual. \u00dan de los meyores sitios onde pudo vese l&#8217;ecl\u00eds n&#8217;Asturies foi nel puertu Payares onde y\u00e1 a primer hora de la tarde hab\u00eda gran espectaci\u00f3n. En parte porque munches persones qu&#8217;escoyeren otros llugares pa ver l&#8217;ecl\u00eds, especialmente na mari\u00f1a, decidieron movese hasta ell\u00ed onde la bona visibilid\u00e1 paec\u00eda que taba garantizada.<\/p>\n<p>N&#8217;Avil\u00e9s, un bon n\u00famberu de persones di\u00e9rase cita a primer hora de la tarde pa ver l&#8217;ecl\u00eds dende la esplanada del centru Niemeyer. Un espaciu que convidaba a una bona visibilid\u00e1 pero que qued\u00f3 torg\u00e1u poles nubes. Ent\u00e1 con too, munchos decidieron quedar.<\/p>\n<p>N&#8217;Uvi\u00e9u, n&#8217;El Monte Naranco cort\u00e1rase&#8217;l tr\u00e1ficu. P\u00fanxose en marcha un dispositivu especial de tresporte p\u00fablicu pa favorecer l&#8217;accesu pero, a met\u00e1 de la tarde, instal\u00e1base nesi puntu una trupa borrina. La empresa de tresportes urbanos d&#8217;Uvi\u00e9u decidi\u00f3 adelantar la baxada.<\/p>\n<p>Les nubes fueron les grandes protagonistes de la xornada<\/p>\n<p>Alredor de les 19:30 empezaba la espectaci\u00f3n nel cielu asturianu, coles miles de persones mov\u00edes asitiaes pelos diferentes puntos d&#8217;Asturies pa disfrutar del ecl\u00eds.<\/p>\n<p>Sicas\u00ed, les nubes, presentes a lo llargo de tol d\u00eda, fueron les grandes protagonistes na mayor parte del territoriu, torgando a los asistentes poder disfrutar de la visi\u00f3n directa del Sol clis\u00e1u. Munchos sigui\u00e9ronlu dende&#8217;l m\u00f3vil.<\/p>\n<p>Nun pudo vese na mayor parte de la mari\u00f1a, en llugares como Xix\u00f3n y Llanes, nin tampoco en Grau o n&#8217;Uvi\u00e9u, onde am\u00e1s se llevant\u00f3 la borrina.<\/p>\n<p>Lo que s\u00ed que se pudo ver, a pesar de les nubes, ye c\u00f3mo&#8217;l cielu s&#8217;escurec\u00eda dafechu per daqu\u00e9 m\u00e1s d&#8217;un minutu.<\/p>\n<p>S\u00ed llogr\u00f3 dexase ver en zones como Tin\u00e9u, Ayer o Payares, onde a les 20:27 lleg\u00f3 la totalid\u00e1 del ecl\u00eds, pudiendo ver la corona y los detalles del Sol. Una imaxe pa l&#8217;alcordanza, que nun volver\u00e1 vese n&#8217;Asturies hasta l&#8217;a\u00f1u 2180.<\/p>\n<\/div>\n","protected":false},"excerpt":{"rendered":"<p>L&#8217;ecl\u00eds vese de manera desigual n&#8217;Asturies El puertu Payares, \u00fan de los meyores sitios pa ver el fen\u00f3menu.<\/p>\n","protected":false},"author":117,"featured_media":0,"comment_status":"closed","ping_status":"closed","sticky":false,"template":"","format":"standard","meta":{"footnotes":""},"categories":[491],"tags":[],"class_list":["post-84768","post","type-post","status-publish","format-standard","hentry","category-eclis-solar"],"_links":{"self":[{"href":"https:\/\/edublog.educastur.es\/ixuxu\/wp-json\/wp\/v2\/posts\/84768","targetHints":{"allow":["GET"]}}],"collection":[{"href":"https:\/\/edublog.educastur.es\/ixuxu\/wp-json\/wp\/v2\/posts"}],"about":[{"href":"https:\/\/edublog.educastur.es\/ixuxu\/wp-json\/wp\/v2\/types\/post"}],"author":[{"embeddable":true,"href":"https:\/\/edublog.educastur.es\/ixuxu\/wp-json\/wp\/v2\/users\/117"}],"replies":[{"embeddable":true,"href":"https:\/\/edublog.educastur.es\/ixuxu\/wp-json\/wp\/v2\/comments?post=84768"}],"version-history":[{"count":1,"href":"https:\/\/edublog.educastur.es\/ixuxu\/wp-json\/wp\/v2\/posts\/84768\/revisions"}],"predecessor-version":[{"id":84769,"href":"https:\/\/edublog.educastur.es\/ixuxu\/wp-json\/wp\/v2\/posts\/84768\/revisions\/84769"}],"wp:attachment":[{"href":"https:\/\/edublog.educastur.es\/ixuxu\/wp-json\/wp\/v2\/media?parent=84768"}],"wp:term":[{"taxonomy":"category","embeddable":true,"href":"https:\/\/edublog.educastur.es\/ixuxu\/wp-json\/wp\/v2\/categories?post=84768"},{"taxonomy":"post_tag","embeddable":true,"href":"https:\/\/edublog.educastur.es\/ixuxu\/wp-json\/wp\/v2\/tags?post=84768"}],"curies":[{"name":"wp","href":"https:\/\/api.w.org\/{rel}","templated":true}]}}