{"id":84774,"date":"2026-09-01T20:00:44","date_gmt":"2026-09-01T18:00:44","guid":{"rendered":"https:\/\/edublog.educastur.es\/ixuxu\/?p=84774"},"modified":"2026-08-14T22:23:45","modified_gmt":"2026-08-14T20:23:45","slug":"el-festival-meca-vuelve-reivindicar-la-musica-electronica","status":"publish","type":"post","link":"https:\/\/edublog.educastur.es\/ixuxu\/2026\/09\/el-festival-meca-vuelve-reivindicar-la-musica-electronica\/","title":{"rendered":"El Festival MECA vuelve reivindicar la m\u00fasica electr\u00f3nica"},"content":{"rendered":"<ul>\n<li class=\"text-2xl font-bold font-serif leading-tight max-w-[65ch] mb-1.5\"><a href=\"https:\/\/www.rtpa.es\/noticias-sociedad-ast\/2026-08-14\/El-Festival-MECA-vuelve-reivindicar-la-musica-electronica_111786702307.html\">El Festival MECA vuelve reivindicar la m\u00fasica electr\u00f3nica<\/a><\/li>\n<\/ul>\n<p style=\"text-align: center\"><a href=\"https:\/\/www.rtpa.es\/fotos\/\/26\/08\/20260814120807_RTPA8486035.webp\"><img loading=\"lazy\" decoding=\"async\" class=\"aligncenter size-large\" src=\"https:\/\/www.rtpa.es\/fotos\/\/26\/08\/20260814120807_RTPA8486035.webp\" width=\"853\" height=\"480\" \/><\/a><\/p>\n<div class=\"flow rtpa-prose text-lg leading-tight mb-6\"><strong>L&#8217;eventu va ser el domingu 6 de setiembre nel Kuivi.<\/strong><\/div>\n<div><\/div>\n<p><!--more--><\/p>\n<div class=\"flow rtpa-prose text-base text-neutral-700\">\n<p>La sede, de nuevo, el Kuivi n&#8217;Uvi\u00e9u. Van participar 20 DJs con media hora pa ca\u00fan, aproximadamente. Un alcuentru de DJs asturianos, de reivindicaci\u00f3n de l&#8217;asturian\u00eda, asegura H\u00e9ctor D\u00edaz Sandoval, director art\u00edsticu del festival cultural MECA.<\/p>\n<p>Pero hai m\u00e1s, artes pl\u00e1stiques y espacios solidarios. Dende la organizaci\u00f3n defenden tami\u00e9n esti tipu de m\u00fasica y piden m\u00e1s ayuda de les alministraciones pa celebrar festivales.<\/p>\n<p>Les entraes y\u00e1 t\u00e1n a la venta dende l&#8217;Instagram del festival. L&#8217;a\u00f1u pas\u00e1u colgaron el cartelu de nun hai billetes.<\/p>\n<\/div>\n","protected":false},"excerpt":{"rendered":"<p>El Festival MECA vuelve reivindicar la m\u00fasica electr\u00f3nica L&#8217;eventu va ser el domingu 6 de setiembre nel Kuivi.<\/p>\n","protected":false},"author":117,"featured_media":0,"comment_status":"closed","ping_status":"closed","sticky":false,"template":"","format":"standard","meta":{"footnotes":""},"categories":[204,35],"tags":[],"class_list":["post-84774","post","type-post","status-publish","format-standard","hentry","category-festivales","category-musica"],"_links":{"self":[{"href":"https:\/\/edublog.educastur.es\/ixuxu\/wp-json\/wp\/v2\/posts\/84774","targetHints":{"allow":["GET"]}}],"collection":[{"href":"https:\/\/edublog.educastur.es\/ixuxu\/wp-json\/wp\/v2\/posts"}],"about":[{"href":"https:\/\/edublog.educastur.es\/ixuxu\/wp-json\/wp\/v2\/types\/post"}],"author":[{"embeddable":true,"href":"https:\/\/edublog.educastur.es\/ixuxu\/wp-json\/wp\/v2\/users\/117"}],"replies":[{"embeddable":true,"href":"https:\/\/edublog.educastur.es\/ixuxu\/wp-json\/wp\/v2\/comments?post=84774"}],"version-history":[{"count":1,"href":"https:\/\/edublog.educastur.es\/ixuxu\/wp-json\/wp\/v2\/posts\/84774\/revisions"}],"predecessor-version":[{"id":84775,"href":"https:\/\/edublog.educastur.es\/ixuxu\/wp-json\/wp\/v2\/posts\/84774\/revisions\/84775"}],"wp:attachment":[{"href":"https:\/\/edublog.educastur.es\/ixuxu\/wp-json\/wp\/v2\/media?parent=84774"}],"wp:term":[{"taxonomy":"category","embeddable":true,"href":"https:\/\/edublog.educastur.es\/ixuxu\/wp-json\/wp\/v2\/categories?post=84774"},{"taxonomy":"post_tag","embeddable":true,"href":"https:\/\/edublog.educastur.es\/ixuxu\/wp-json\/wp\/v2\/tags?post=84774"}],"curies":[{"name":"wp","href":"https:\/\/api.w.org\/{rel}","templated":true}]}}