{"id":84785,"date":"2026-08-25T10:20:08","date_gmt":"2026-08-25T08:20:08","guid":{"rendered":"https:\/\/edublog.educastur.es\/ixuxu\/?p=84785"},"modified":"2026-08-30T13:23:13","modified_gmt":"2026-08-30T11:23:13","slug":"el-2-dagostu-de-2027-vamos-vivir-el-llamau-eclis-solar-del-sieglu","status":"publish","type":"post","link":"https:\/\/edublog.educastur.es\/ixuxu\/2026\/08\/el-2-dagostu-de-2027-vamos-vivir-el-llamau-eclis-solar-del-sieglu\/","title":{"rendered":"El 2 d&#8217;agostu de 2027 vamos vivir el llam\u00e1u ecl\u00eds solar del sieglu"},"content":{"rendered":"<p>El 2 d&#8217;agostu de 2027 vamos vivir el llam\u00e1u ecl\u00eds solar del sieglu. A diferencia del ecl\u00eds de 2026, esti eventu <strong>va ufiertar unes condiciones d&#8217;observaci\u00f3n muncho m\u00e1s favorables al asoceder ente la ma\u00f1ana y el mediud\u00eda<\/strong>, col Sol asiti\u00e1u muncho m\u00e1s alto nel horizonte. Esto va dexar esfrutar d&#8217;una esperiencia \u00fanica dende cualquier allugamientu dientro de la franxa de totalid\u00e1, siempres que les condiciones meteorol\u00f3xiques acompa\u00f1en.<\/p>\n<p style=\"text-align: center\">\n<!-- iframe plugin v.6.0 wordpress.org\/plugins\/iframe\/ -->\n<iframe loading=\"lazy\" src=\"https:\/\/www.facebook.com\/plugins\/post.php?href=https%3A%2F%2Fwww.facebook.com%2Fpermalink.php%3Fstory_fbid%3Dpfbid02bGgLJ8p7d8RCZfXsSNGJwpRTyzNZA5M49wGMxLwWxxfPjLY4k4WXYJssNH12kNiEl%26id%3D100086653034635&#038;show_text=false&#038;width=500\" width=\"500\" height=\"498\" style=\"border:none;overflow:hidden\" scrolling=\"no\" frameborder=\"0\" allowfullscreen=\"true\" allow=\"autoplay; clipboard-write; encrypted-media; picture-in-picture; web-share\" 0=\"\/iframe\" class=\"iframe-class\"><\/iframe>\n<\/p>\n<p><!--more--><br \/>\nLo que vuelve tan especial a esti fen\u00f3menu ye la estraordinaria duraci\u00f3n de la escurid\u00e1 total. A diferencia de munchos eclises, que la so totalid\u00e1 apenes dura un par de minutos, esta vegada la fase de totalid\u00e1 va algamar unos incre\u00edbles 6 minutos y 23 segundos nel so puntu m\u00e1ximu, n&#8217;Exiptu. Tiempu de sobra p&#8217;almirar la corona solar y esfrutar d&#8217;unu de los espect\u00e1culos celestiales m\u00e1s impresionantes que vamos poder guardar.<\/p>\n<p>Mientres esos minutos, el d\u00eda va escurecer de forma repentina y l&#8217;atm\u00f3sfera va camudar radicalmente frente a los tos g\u00fceyos. Una esperiencia que nenguna fotograf\u00eda puede tresmitir por completu. Duraci\u00f3n de la totalid\u00e1 en C\u00e1diz: 2 min 53 s \ud83c\udf11 \u2600\ufe0f<\/p>\n","protected":false},"excerpt":{"rendered":"<p>El 2 d&#8217;agostu de 2027 vamos vivir el llam\u00e1u ecl\u00eds solar del sieglu. A diferencia del ecl\u00eds de 2026, esti eventu va ufiertar unes condiciones d&#8217;observaci\u00f3n muncho m\u00e1s favorables al asoceder ente la ma\u00f1ana y el mediud\u00eda, col Sol asiti\u00e1u muncho m\u00e1s alto nel horizonte. Esto va dexar esfrutar d&#8217;una esperiencia \u00fanica dende cualquier allugamientu [&hellip;]<\/p>\n","protected":false},"author":117,"featured_media":0,"comment_status":"closed","ping_status":"closed","sticky":false,"template":"","format":"standard","meta":{"footnotes":""},"categories":[491],"tags":[],"class_list":["post-84785","post","type-post","status-publish","format-standard","hentry","category-eclis-solar"],"_links":{"self":[{"href":"https:\/\/edublog.educastur.es\/ixuxu\/wp-json\/wp\/v2\/posts\/84785","targetHints":{"allow":["GET"]}}],"collection":[{"href":"https:\/\/edublog.educastur.es\/ixuxu\/wp-json\/wp\/v2\/posts"}],"about":[{"href":"https:\/\/edublog.educastur.es\/ixuxu\/wp-json\/wp\/v2\/types\/post"}],"author":[{"embeddable":true,"href":"https:\/\/edublog.educastur.es\/ixuxu\/wp-json\/wp\/v2\/users\/117"}],"replies":[{"embeddable":true,"href":"https:\/\/edublog.educastur.es\/ixuxu\/wp-json\/wp\/v2\/comments?post=84785"}],"version-history":[{"count":2,"href":"https:\/\/edublog.educastur.es\/ixuxu\/wp-json\/wp\/v2\/posts\/84785\/revisions"}],"predecessor-version":[{"id":84787,"href":"https:\/\/edublog.educastur.es\/ixuxu\/wp-json\/wp\/v2\/posts\/84785\/revisions\/84787"}],"wp:attachment":[{"href":"https:\/\/edublog.educastur.es\/ixuxu\/wp-json\/wp\/v2\/media?parent=84785"}],"wp:term":[{"taxonomy":"category","embeddable":true,"href":"https:\/\/edublog.educastur.es\/ixuxu\/wp-json\/wp\/v2\/categories?post=84785"},{"taxonomy":"post_tag","embeddable":true,"href":"https:\/\/edublog.educastur.es\/ixuxu\/wp-json\/wp\/v2\/tags?post=84785"}],"curies":[{"name":"wp","href":"https:\/\/api.w.org\/{rel}","templated":true}]}}