{"id":85821,"date":"2026-09-01T10:00:18","date_gmt":"2026-09-01T08:00:18","guid":{"rendered":"https:\/\/edublog.educastur.es\/ixuxu\/?p=85821"},"modified":"2026-08-24T15:49:41","modified_gmt":"2026-08-24T13:49:41","slug":"el-miercoles-9-de-setiembre-empiezal-cursu-escolar","status":"publish","type":"post","link":"https:\/\/edublog.educastur.es\/ixuxu\/2026\/09\/el-miercoles-9-de-setiembre-empiezal-cursu-escolar\/","title":{"rendered":"El mi\u00e9rcoles 9 de setiembre empieza&#8217;l cursu escolar"},"content":{"rendered":"<p><a href=\"https:\/\/www.rtpa.es\/noticias-asturias\/2026-08-24\/El-miercoles-9-de-septiembre-empieza-el-curso-escolar_111787567603.html\">El mi\u00e9rcoles 9 de setiembre empieza&#8217;l cursu escolar.<\/a> La vuelta al cole puede costar m\u00e1s de 500 euros per ne\u00f1u. El d\u00eda 9 de setiembre empieza&#8217;l cursu escolar n&#8217;Asturies y n&#8217;otres cinco comunidaes. El restu faenlo ente&#8217;l 7 y el 10.<\/p>\n<p style=\"text-align: center\"><a href=\"https:\/\/www.rtpa.es\/fotos\/\/26\/08\/20260824123407_RTPA8518868.webp\"><img loading=\"lazy\" decoding=\"async\" class=\"aligncenter size-large\" src=\"https:\/\/www.rtpa.es\/fotos\/\/26\/08\/20260824123407_RTPA8518868.webp\" width=\"853\" height=\"480\" \/><\/a><\/p>\n<p><!--more--><\/p>\n<p>Los docentes siguen pindios de les meyores llaborales y salariales que tienen d&#8217;aplicar los gobiernos auton\u00f3micos y tami\u00e9n de les nueves normatives estatales que s&#8217;axusten colos sindicatos pa baxar ratios en toles etapes educatives.<\/p>\n<p>El proyectu de llei que va amenorgar el n\u00famberu d&#8217;alumnos per clase y tami\u00e9n la xornada docente rique de mayor\u00eda tanto nel Congresu como nel Sen\u00e1u.<\/p>\n<p><strong>La vuelta al cole y\u00e1 ta abargana y pres\u00e9ntase como la m\u00e1s cara de la hestoria.<\/strong> Seg\u00fan la Organizaci\u00f3n de Consumidores y Usuarios, puede suponer un gastu por f\u00edu de m\u00e1s de 500 euros, casi un 20% m\u00e1s que va cuatro a\u00f1os.<\/p>\n<p>Pa contener esti gastu encamienten faer una llista colo que y\u00e1 se tien en casa pa evitar gastos innecesarios, comparar precios y adelantrar les compres aprovechando les ufiertes.<\/p>\n<p>Y allegar al intercambiu o mercar productos de segunda mano, especialmente llibros y ropa, puede suponer un aforru d&#8217;hasta un 50%.<\/p>\n<p>Otra cosa bien importante, se\u00f1alen dende la OCU, salir a mercar ensin los f\u00edos por que nun s&#8217;encaprichen d&#8217;art\u00edculos m\u00e1s caros.<\/p>\n<p>Llibros, material y ropa, a lo qu&#8217;hai qu&#8217;a\u00f1edir otros gastos como extraescolares o comedor. De media cada alumnu va #gastar en tol cursu unos 2.390 euros.<\/p>\n","protected":false},"excerpt":{"rendered":"<p>El mi\u00e9rcoles 9 de setiembre empieza&#8217;l cursu escolar. La vuelta al cole puede costar m\u00e1s de 500 euros per ne\u00f1u. El d\u00eda 9 de setiembre empieza&#8217;l cursu escolar n&#8217;Asturies y n&#8217;otres cinco comunidaes. El restu faenlo ente&#8217;l 7 y el 10.<\/p>\n","protected":false},"author":117,"featured_media":0,"comment_status":"closed","ping_status":"closed","sticky":false,"template":"","format":"standard","meta":{"footnotes":""},"categories":[217],"tags":[],"class_list":["post-85821","post","type-post","status-publish","format-standard","hentry","category-colexu"],"_links":{"self":[{"href":"https:\/\/edublog.educastur.es\/ixuxu\/wp-json\/wp\/v2\/posts\/85821","targetHints":{"allow":["GET"]}}],"collection":[{"href":"https:\/\/edublog.educastur.es\/ixuxu\/wp-json\/wp\/v2\/posts"}],"about":[{"href":"https:\/\/edublog.educastur.es\/ixuxu\/wp-json\/wp\/v2\/types\/post"}],"author":[{"embeddable":true,"href":"https:\/\/edublog.educastur.es\/ixuxu\/wp-json\/wp\/v2\/users\/117"}],"replies":[{"embeddable":true,"href":"https:\/\/edublog.educastur.es\/ixuxu\/wp-json\/wp\/v2\/comments?post=85821"}],"version-history":[{"count":1,"href":"https:\/\/edublog.educastur.es\/ixuxu\/wp-json\/wp\/v2\/posts\/85821\/revisions"}],"predecessor-version":[{"id":85822,"href":"https:\/\/edublog.educastur.es\/ixuxu\/wp-json\/wp\/v2\/posts\/85821\/revisions\/85822"}],"wp:attachment":[{"href":"https:\/\/edublog.educastur.es\/ixuxu\/wp-json\/wp\/v2\/media?parent=85821"}],"wp:term":[{"taxonomy":"category","embeddable":true,"href":"https:\/\/edublog.educastur.es\/ixuxu\/wp-json\/wp\/v2\/categories?post=85821"},{"taxonomy":"post_tag","embeddable":true,"href":"https:\/\/edublog.educastur.es\/ixuxu\/wp-json\/wp\/v2\/tags?post=85821"}],"curies":[{"name":"wp","href":"https:\/\/api.w.org\/{rel}","templated":true}]}}