{"id":8624,"date":"2021-08-11T11:11:46","date_gmt":"2021-08-11T09:11:46","guid":{"rendered":"https:\/\/edublog.educastur.es\/ixuxu\/?p=8624"},"modified":"2021-08-12T10:06:34","modified_gmt":"2021-08-12T08:06:34","slug":"8624","status":"publish","type":"post","link":"https:\/\/edublog.educastur.es\/ixuxu\/2021\/08\/8624\/","title":{"rendered":"Pr\u00f3xima lluvia\/agua d\u2019estrelles la nueche del 12 d\u2019agostu: vamos poder ver 100 meteoros per hora"},"content":{"rendered":"<p style=\"text-align: center\"><a href=\"https:\/\/tendencias21.levante-emv.com\/wp-content\/uploads\/2021\/08\/AGlez-CielosLaPalma-Perseidas20201200-N0262-1024x863.jpg\"><img loading=\"lazy\" decoding=\"async\" class=\"alignnone\" src=\"https:\/\/tendencias21.levante-emv.com\/wp-content\/uploads\/2021\/08\/AGlez-CielosLaPalma-Perseidas20201200-N0262-1024x863.jpg\" alt=\"\" width=\"560\" height=\"472\" \/><\/a><\/p>\n<p style=\"text-align: center\"><em>Semeya: Perseida sobro l&#8217;Observatoriu del Roque de los Muchachos.<br \/>\nCreitu: Antonio Gonz\u00e1lez (Cielos-LaPalma.com)<\/em><\/p>\n<ul>\n<li>Fonte noticia: <a href=\"https:\/\/tendencias21.levante-emv.com\/proxima-lluvia-de-estrellas-la-noche-del-12-de-agosto-podremos-ver-100-meteoros-por-hora.html?utm_source=facebook&amp;utm_medium=social&amp;utm_campaign=dogtrack\">Tendencias 21<\/a> \/<a href=\"https:\/\/noticias.eltiempo.es\/cuando-son-lluvia-de-estrellas-perseidas\/?fbclid=IwAR1c3k864rt14ZFUvhi7k6HjXzXlfAXhoXRunylgIrCssaAjiW5jibQprc0\">El Tiempu<\/a> \/<\/li>\n<\/ul>\n<p>La nueche del 12 d&#8217;agostu algama&#8217;l so puntu culminante l&#8217;agua d&#8217;estrelles que se produz cada a\u00f1u cuando la Tierra traviesa&#8217;l rastru d&#8217;un cometa de 26 kil\u00f3metros de di\u00e1metru: va dexanos reparar 100 meteoros per hora, inclusive al travi\u00e9s d&#8217;Internet.<\/p>\n<p><!--more--><\/p>\n<p>Un nuevu espect\u00e1culu celeste va tener llugar la nueche del 12 d&#8217;agostu, momentu culminante de l&#8217;agua d&#8217;estrelles o \u201cLl\u00e1rimes de San Llorienzo\u201d.<\/p>\n<p>Magar los primeros rexistros de les Perseides daten del a\u00f1u 36, nun foi hasta 1835 cuando l&#8217;astr\u00f3nomu belga <a href=\"https:\/\/es.wikipedia.org\/wiki\/Adolphe_Quetelet\"><span style=\"color: #008080\">Adolphe Quetelet<\/span> <\/a>identific\u00f3&#8217;l radiante d&#8217;esta agua de meteoros (el puntu del cielu nel que paecen nacer) na constelaci\u00f3n de *Perseo, de la que reciben el so nome.<\/p>\n<p>Les <span style=\"color: #008080\"><strong>Perseides<\/strong><\/span>, tami\u00e9n conoc\u00edes como <strong><span style=\"color: #008080\">\u201cLl\u00e1rimes de San Llorienzo\u201d,<\/span><\/strong> ye una agua d&#8217;estrelles aniciada na nube de polvu y roques que la cometa Swift-Tuttle dex\u00f3 al so pasu en ca\u00fana de les sos \u00f3rbites alredor del Sol.<\/p>\n<p style=\"text-align: center\">\n<!-- iframe plugin v.6.0 wordpress.org\/plugins\/iframe\/ -->\n<iframe loading=\"lazy\" src=\"\/\/players.brightcove.net\/3251589525001\/SyQNALa5l_default\/index.html?videoId=6172086528001\" 0=\"allowfullscreen\" frameborder=\"0\" 1=\"\/iframe\" width=\"100%\" height=\"500\" scrolling=\"yes\" class=\"iframe-class\"><\/iframe>\n<\/p>\n<p>Cada a\u00f1u por estes feches, la Tierra traviesa&#8217;l rastru de la cometa y, cuando les pequenes part\u00edcules que s&#8217;esprendieron d&#8217;esa cometa raspien l&#8217;atm\u00f3sfera de la Tierra, prod\u00facense los trazos lluminosos que conocemos como \u201cestrelles fugaces\u201d.<\/p>\n<p><span style=\"color: #008080\">Pal a\u00f1u 2021 l&#8217;activid\u00e1 de les Perseides va producise ente&#8217;l 17 de xunetu y el 24 d&#8217;agostu. El m\u00e1ximu espera la madrugada del 12 al 13 d&#8217;agostu. Poro, eses nueches y les de los d\u00edes pr\u00f3ximos, ente 11 y el 14 d&#8217;agostu, van ser los meyores pa esfrutar d&#8217;esta agua d&#8217;estrelles.<\/span><\/p>\n<p>Am\u00e1s, angua\u00f1o, la baxa lluminosid\u00e1 de la Lluna \u2013hai Lluna nueva&#8217;l 8 d&#8217;agostu\u2013 va facilitar la posibilid\u00e1 de ver inclusive los meteoros m\u00e1s d\u00e9biles.<\/p>\n<p>Seg\u00fan los c\u00e1lculos de los modelos est\u00e1ndares, l&#8217;activid\u00e1 de les Perseides va asitiase alredor de los 100 meteoros\/hora (ZHR o tases horaries *enitales).<\/p>\n<p><strong>Estrelles fugaces<\/strong><\/p>\n<p>Conocemos como \u201cestrelles fugaces\u201d a les pequenes part\u00edcules de polvu de distintos tama\u00f1os, delles menores que granos de sable, que s&#8217;esprenden de les cometes o asteroides a lo llargo de les sos \u00f3rbites alredor del Sol.<\/p>\n<p>La nube de part\u00edcules resultante (llamaos meteoroides), deb\u00edu al destemple produc\u00edu pol calor solar, esvalixen pola \u00f3rbita de la cometa y ye travesada per La Tierra nel so percorr\u00edu a\u00f1al alredor del Sol.<\/p>\n<p>Cuando estes part\u00edcules entren a peralta velocid\u00e1 na atm\u00f3sfera de la Tierra, desintegrense y acaben emitiendo esa t\u00edpica traza lluminosa que llamamos \u201cestrella fugaz\u201d o meteoru (el so nome cient\u00edficu).<\/p>\n<p><strong>Cuntando estrelles el 12 d&#8217;agostu<\/strong><\/p>\n<p>Un a\u00f1u m\u00e1s, la canal sky-live.*tv va retresmitir el m\u00e1ximu de les Perseides dende los Observatorios de Canaries, cola collaboraci\u00f3n del <a href=\"https:\/\/www.eelabs.eu\/es\/home\/?fbclid=IwAR2dp-uy9_HPoiPhPvWrSQT13drEWO5_cT_RLXr5qboxKNZFrLOg-f1p9-k\"><span style=\"color: #008080\"><strong>proyectu Energy Efficiency Laboratories (EELabs)<\/strong><\/span><\/a>, que coordina l&#8217;Institutu d&#8217;Astrof\u00edsica de Canaries (*IAC), y el Serviciu d&#8217;Innovaci\u00f3n del Cabildru Insular de La Palma.<\/p>\n<p>La cita va ser la nueche del 12 al 13 d&#8217;agostu, cuando s&#8217;envalora que l&#8217;activid\u00e1 d&#8217;esta agua d&#8217;estrelles algame los 100 meteoros per hora.<\/p>\n<p>Pa les Perseides de 2021, l&#8217;<a href=\"https:\/\/www.iac.es\/\"><span style=\"color: #008080\"><strong>Institutu d&#8217;Astrof\u00edsica de Canaries (IAC)<\/strong> <\/span><\/a>y l&#8217;<a href=\"https:\/\/www.upm.es\/\"><strong><span style=\"color: #008080\">Universid\u00e1 Polit\u00e9cnica de Madrid (UPM)<\/span><\/strong><\/a>, xuni\u00e9ronse sol proyectu de ciencia ciudadana Contadores d&#8217;Estrelles, financi\u00e1u pola <a href=\"https:\/\/www.fecyt.es\/\"><span style=\"color: #008080\"><strong>FECYT (Fundaci\u00f3n Espa\u00f1ola pa la Ciencia y la Tecnolox\u00eda)<\/strong><\/span><\/a>, y ellaboraron xuna activid\u00e1 did\u00e1ctica por que cualquier ciudadanu pueda collaborar nestos conteos.<\/p>\n<p>La gu\u00eda describe&#8217;l procedimientu a siguir, per mediu d&#8217;unes apps que tienen que tener instalaes primeramente nos sos dispositivos m\u00f3viles y utilizando un material bien b\u00e1sico.<\/p>\n<p>El retu ye consiguir que, d&#8217;una manera senciella, el p\u00fablicu xeneral tami\u00e9n pueda participar y entienda esti fen\u00f3menu astron\u00f3micu, seg\u00fan otros intereses del cielu que t\u00e1n descrites na gu\u00eda.<\/p>\n<p><strong>En directu dende los Observatorios de Canaries<\/strong><\/p>\n<p>Englobado dientro de les actividaes de divulgaci\u00f3n del proyectu Energy Efficiency Laboratories (EELabs), qu&#8217;estudia l&#8217;impactu de la contaminaci\u00f3n llum\u00ednica nes \u00e1rees naturales de la Macaronesia y vela pola #protecci\u00f3n de la escurid\u00e1 de los sos cielos, la canal sky-live.tv va emitir en directu esta agua de meteoros dende los Observatorios de Canaries (en Tenerife y La Palma), de la mano del so coordinador, Miquel Ferrucha-Ricart.<\/p>\n<p>\u201cColes Perseides l&#8217;espect\u00e1culu ta asegur\u00e1u. L&#8217;a\u00f1u pas\u00e1u tuvimos xuna activid\u00e1 de 78 meteoros per hora ente que nel a\u00f1u 2019 llegaron a los 99. Les previsiones p&#8217;angua\u00f1o son bien bones, sobremanera si pensamos que vamos poder ver les *Perseidas m\u00e1s d\u00e9biles gracies a nun tener la lluz ambiental de la Lluna\u201d, comenta Ferrucha-Ricart.<\/p>\n<p>La cita va ser el pr\u00f3ximu mi\u00e9rcoles 12 d&#8217;agostu a les 23:15 UT (13 agostu 00:15 hora local en Canaries, 01:15 CEST, hora local n&#8217;Europa).<\/p>\n<ul>\n<li><a href=\"https:\/\/www.youtube.com\/watch?v=RgD0w7TAmqE\"><span style=\"color: #008080\">Enllaz a YouTube pa ver en directu les Perseides la nueche del 12 d&#8217;agostu<\/span><\/a><\/li>\n<\/ul>\n<p style=\"text-align: center\">\n<!-- iframe plugin v.6.0 wordpress.org\/plugins\/iframe\/ -->\n<iframe loading=\"lazy\" width=\"100%\" height=\"523\" src=\"https:\/\/www.youtube.com\/embed\/RgD0w7TAmqE\" 0=\"\/iframe\" scrolling=\"yes\" class=\"iframe-class\" frameborder=\"0\"><\/iframe>\n<\/p>\n","protected":false},"excerpt":{"rendered":"<p>Semeya: Perseida sobro l&#8217;Observatoriu del Roque de los Muchachos. Creitu: Antonio Gonz\u00e1lez (Cielos-LaPalma.com) Fonte noticia: Tendencias 21 \/El Tiempu \/ La nueche del 12 d&#8217;agostu algama&#8217;l so puntu culminante l&#8217;agua d&#8217;estrelles que se produz cada a\u00f1u cuando la Tierra traviesa&#8217;l rastru d&#8217;un cometa de 26 kil\u00f3metros de di\u00e1metru: va dexanos reparar 100 meteoros per hora, [&hellip;]<\/p>\n","protected":false},"author":117,"featured_media":0,"comment_status":"open","ping_status":"open","sticky":false,"template":"","format":"standard","meta":{"footnotes":""},"categories":[45,4],"tags":[],"class_list":["post-8624","post","type-post","status-publish","format-standard","hentry","category-ciencia","category-natura"],"_links":{"self":[{"href":"https:\/\/edublog.educastur.es\/ixuxu\/wp-json\/wp\/v2\/posts\/8624","targetHints":{"allow":["GET"]}}],"collection":[{"href":"https:\/\/edublog.educastur.es\/ixuxu\/wp-json\/wp\/v2\/posts"}],"about":[{"href":"https:\/\/edublog.educastur.es\/ixuxu\/wp-json\/wp\/v2\/types\/post"}],"author":[{"embeddable":true,"href":"https:\/\/edublog.educastur.es\/ixuxu\/wp-json\/wp\/v2\/users\/117"}],"replies":[{"embeddable":true,"href":"https:\/\/edublog.educastur.es\/ixuxu\/wp-json\/wp\/v2\/comments?post=8624"}],"version-history":[{"count":4,"href":"https:\/\/edublog.educastur.es\/ixuxu\/wp-json\/wp\/v2\/posts\/8624\/revisions"}],"predecessor-version":[{"id":8687,"href":"https:\/\/edublog.educastur.es\/ixuxu\/wp-json\/wp\/v2\/posts\/8624\/revisions\/8687"}],"wp:attachment":[{"href":"https:\/\/edublog.educastur.es\/ixuxu\/wp-json\/wp\/v2\/media?parent=8624"}],"wp:term":[{"taxonomy":"category","embeddable":true,"href":"https:\/\/edublog.educastur.es\/ixuxu\/wp-json\/wp\/v2\/categories?post=8624"},{"taxonomy":"post_tag","embeddable":true,"href":"https:\/\/edublog.educastur.es\/ixuxu\/wp-json\/wp\/v2\/tags?post=8624"}],"curies":[{"name":"wp","href":"https:\/\/api.w.org\/{rel}","templated":true}]}}