{"id":86248,"date":"2026-08-29T18:28:02","date_gmt":"2026-08-29T16:28:02","guid":{"rendered":"https:\/\/edublog.educastur.es\/ixuxu\/?p=86248"},"modified":"2026-08-27T18:29:25","modified_gmt":"2026-08-27T16:29:25","slug":"fiesta-del-carmen-de-torazu-esti-domingu","status":"publish","type":"post","link":"https:\/\/edublog.educastur.es\/ixuxu\/2026\/08\/fiesta-del-carmen-de-torazu-esti-domingu\/","title":{"rendered":"Fiesta del Carmen de Torazu, esti domingu"},"content":{"rendered":"<div class=\"html-div xdj266r x14z9mp xat24cr x1lziwak xsag5q8 xz9dl7a xv54qhq xf7dkkf x1jx94hy\">\n<div class=\"html-div xdj266r x14z9mp xat24cr x1lziwak xexx8yu xyri2b x18d9i69 x1c1uobl x78zum5 x1q0g3np x1ba4aug\">\n<div class=\"html-div xdj266r x14z9mp xat24cr x1lziwak xexx8yu xyri2b x18d9i69 x1c1uobl x1iyjqo2 xeuugli\">\n<div class=\"x78zum5 xdt5ytf xz62fqu x16ldp7u\">\n<div class=\"xu06os2 x1ok221b\">\n<div class=\"xt0psk2\"><a class=\"x1i10hfl xjbqb8w x1ejq31n x18oe1m7 x1sy0etr xstzfhl x972fbf x10w94by x1qhh985 x14e42zd x9f619 x1ypdohk xt0psk2 x3ct3a4 xdj266r x14z9mp xat24cr x1lziwak xexx8yu xyri2b x18d9i69 x1c1uobl x16tdsg8 x1hl2dhg xggy1nq x1a2a7pz xkrqix3 x1sur9pj xzsf02u x1s688f\" role=\"link\" href=\"https:\/\/www.facebook.com\/Comarcadelasidra?__cft__[0]=AZbrcnfJ4at2088bhgnD_u-PCn-jkuEmNTg8taVUCevbBJegEmEHxnsovHQ0skmdGzDWbpkWgFcuSf4e5RcCbV5c-vjgQPxybV13kM-R7sxvVHpnOSpc4_B389Kn0HcTNnmgSSATKpXoaWe4AgR61fbun56Oc-AXUCtQ6NNJ8f7fTulnbbVCbplfszr61i1h897wDl3iTyzC6FFBjgPEuqqZ&amp;__tn__=-UC%2CP-y-R\"><b class=\"html-b xdj266r x14z9mp xat24cr x1lziwak xexx8yu xyri2b x18d9i69 x1c1uobl x1hl2dhg x16tdsg8 x1vvkbs x1s688f\"><span class=\"html-span xdj266r x14z9mp xat24cr x1lziwak xexx8yu xyri2b x18d9i69 x1c1uobl x1hl2dhg x16tdsg8 x1vvkbs\">Comarca Sidra Asturias<\/span><\/b><\/a><span class=\"html-span xexx8yu xyri2b x18d9i69 x1c1uobl x1hl2dhg x16tdsg8 x1vvkbs x3nfvp2 x1j61x8r x1fcty0u xdj266r xat24cr xm2jcoa x1mpyi22 xxymvpz xlup9mm x1kky2od\"><img loading=\"lazy\" decoding=\"async\" class=\"xz74otr x15mokao x1ga7v0g x16uus16 xbiv7yw\" src=\"https:\/\/static.xx.fbcdn.net\/images\/emoji.php\/v9\/t1e\/1\/16\/1f33f.png\" alt=\"\ud83c\udf3f\" width=\"16\" height=\"16\" \/><img loading=\"lazy\" decoding=\"async\" class=\"xz74otr x15mokao x1ga7v0g x16uus16 xbiv7yw\" src=\"https:\/\/static.xx.fbcdn.net\/images\/emoji.php\/v9\/t5f\/1\/16\/1f4f9.png\" alt=\"\ud83d\udcf9\" width=\"16\" height=\"16\" \/> Ornia Fotograf\u00eda<\/span><span class=\"html-span xexx8yu xyri2b x18d9i69 x1c1uobl x1hl2dhg x16tdsg8 x1vvkbs x3nfvp2 x1j61x8r x1fcty0u xdj266r xat24cr xm2jcoa x1mpyi22 xxymvpz xlup9mm x1kky2od\"><img loading=\"lazy\" decoding=\"async\" class=\"xz74otr x15mokao x1ga7v0g x16uus16 xbiv7yw\" src=\"https:\/\/static.xx.fbcdn.net\/images\/emoji.php\/v9\/tf4\/1\/16\/2728.png\" alt=\"\u2728\" width=\"16\" height=\"16\" \/><\/span> Afaya la esencia rural de Cabranes nun d\u00eda \u00fanicu: la<strong> Fiesta del Carmen de Torazu<\/strong>, declarada <strong>d&#8217;Inter\u00e9s Tur\u00edsticu Rexonal.<\/strong> Vive una de les procesiones de ramos m\u00e1s antig\u00fces d&#8217;Asturies y esfruta d&#8217;una tradici\u00f3n llena de color y emoci\u00f3n. Esti domingu.<\/div>\n<div style=\"text-align: center\">\n<!-- iframe plugin v.6.0 wordpress.org\/plugins\/iframe\/ -->\n<iframe loading=\"lazy\" src=\"https:\/\/www.facebook.com\/plugins\/video.php?height=314&#038;href=https%3A%2F%2Fwww.facebook.com%2Freel%2F1664418915200916%2F&#038;show_text=false&#038;width=560&#038;t=0\" width=\"560\" height=\"314\" style=\"border:none;overflow:hidden\" scrolling=\"no\" frameborder=\"0\" allowfullscreen=\"true\" allow=\"autoplay; clipboard-write; encrypted-media; picture-in-picture; web-share\" 0=\"\/iframe\" class=\"iframe-class\"><\/iframe>\n<\/div>\n<div><!--more--><\/div>\n<div><\/div>\n<div>Torazu, consider\u00e1u unu de los pueblos m\u00e1s guapos d&#8217;Espa\u00f1a y qu&#8217;ostenta el t\u00edtulu de Premiu Pr\u00edncipe d&#8217;Asturies a pueblu exemplar. Rinde homenaxe a la so patrona, la Virxe del Carmen, con una formosa fiesta y el tradicional desfile de ramos, unu de los m\u00e1s antiguos y color\u00edos d&#8217;Asturies. Convirtiendo esi d\u00eda nun espaciu d&#8217;alcuentru y celebraci\u00f3n para foranos, vecinos residentes y aquellos que tuvieron qu&#8217;emigrar, principalmente a Am\u00e9rica, tiempu tras.<\/div>\n<div><\/div>\n<div style=\"text-align: center\"><a href=\"https:\/\/www.lacomarcadelasidra.com\/wp-content\/uploads\/2023\/08\/PROGRAMA-FIESTAS-DEL-CARMEN-DE-TORAZU-EN-CABRANES-ASTURIAS-2026.jpg\"><img loading=\"lazy\" decoding=\"async\" class=\"aligncenter size-large\" src=\"https:\/\/www.lacomarcadelasidra.com\/wp-content\/uploads\/2023\/08\/PROGRAMA-FIESTAS-DEL-CARMEN-DE-TORAZU-EN-CABRANES-ASTURIAS-2026.jpg\" width=\"1440\" height=\"1919\" \/><\/a><\/div>\n<div><\/div>\n<div><\/div>\n<ul>\n<li>\u00a0<span class=\"html-span xexx8yu xyri2b x18d9i69 x1c1uobl x1hl2dhg x16tdsg8 x1vvkbs x3nfvp2 x1j61x8r x1fcty0u xdj266r xat24cr xm2jcoa x1mpyi22 xxymvpz xlup9mm x1kky2od\"><img loading=\"lazy\" decoding=\"async\" class=\"xz74otr x15mokao x1ga7v0g x16uus16 xbiv7yw\" src=\"https:\/\/static.xx.fbcdn.net\/images\/emoji.php\/v9\/t94\/1\/16\/1f49a.png\" alt=\"\ud83d\udc9a\" width=\"16\" height=\"16\" \/><span class=\"html-span xexx8yu xyri2b x18d9i69 x1c1uobl x1hl2dhg x16tdsg8 x1vvkbs x3nfvp2 x1j61x8r x1fcty0u xdj266r xat24cr xm2jcoa x1mpyi22 xxymvpz xlup9mm x1kky2od\"><img loading=\"lazy\" decoding=\"async\" class=\"xz74otr x15mokao x1ga7v0g x16uus16 xbiv7yw\" src=\"https:\/\/static.xx.fbcdn.net\/images\/emoji.php\/v9\/tc\/1\/16\/1f449_1f3fb.png\" alt=\"\ud83d\udc49\ud83c\udffb\" width=\"16\" height=\"16\" \/><\/span><span class=\"html-span xexx8yu xyri2b x18d9i69 x1c1uobl x1hl2dhg x16tdsg8 x1vvkbs x3nfvp2 x1j61x8r x1fcty0u xdj266r xat24cr xm2jcoa x1mpyi22 xxymvpz xlup9mm x1kky2od\"><img loading=\"lazy\" decoding=\"async\" class=\"xz74otr x15mokao x1ga7v0g x16uus16 xbiv7yw\" src=\"https:\/\/static.xx.fbcdn.net\/images\/emoji.php\/v9\/tc\/1\/16\/1f449_1f3fb.png\" alt=\"\ud83d\udc49\ud83c\udffb\" width=\"16\" height=\"16\" \/><\/span> <span class=\"html-span xdj266r x14z9mp xat24cr x1lziwak xexx8yu xyri2b x18d9i69 x1c1uobl x1hl2dhg x16tdsg8 x1vvkbs\"><a class=\"x1i10hfl xjbqb8w x1ejq31n x18oe1m7 x1sy0etr xstzfhl x972fbf x10w94by x1qhh985 x14e42zd x9f619 x1ypdohk xt0psk2 x3ct3a4 xdj266r x14z9mp xat24cr x1lziwak xexx8yu xyri2b x18d9i69 x1c1uobl x16tdsg8 x1hl2dhg xggy1nq x1a2a7pz xkrqix3 x1sur9pj x1fey0fg x1s688f\" role=\"link\" href=\"https:\/\/www.lacomarcadelasidra.com\/evento\/fiestas-del-carmen-de-torazu-cabranes-2026\/?fbclid=IwcGRvZgVleHRuA2FlbQIxMABzcnRjBmFwcF9pZBAyMjIwMzkxNzg4MjAwODkyAAEeQOS4xM5NTocIYXArppCHAYopyyE3_06jauWtz36YbKnwgzgMv-eZtEL5_dA_aem_pZRrZFsL4HN7_YGR-OJOcQ\" target=\"_blank\" rel=\"nofollow noopener noreferrer\">https:\/\/www.lacomarcadelasidra.com\/&#8230;\/fiestas-del&#8230;\/<\/a><\/span><\/span><\/li>\n<li><a class=\"x1i10hfl xjbqb8w x1ejq31n x18oe1m7 x1sy0etr xstzfhl x972fbf x10w94by x1qhh985 x14e42zd x9f619 x1ypdohk xt0psk2 x3ct3a4 xdj266r x14z9mp xat24cr x1lziwak xexx8yu xyri2b x18d9i69 x1c1uobl x16tdsg8 x1hl2dhg xggy1nq x1a2a7pz xkrqix3 x1sur9pj x1fey0fg x1s688f\" role=\"link\" href=\"https:\/\/www.facebook.com\/TurismoAsturias?__cft__[0]=AZbrcnfJ4at2088bhgnD_u-PCn-jkuEmNTg8taVUCevbBJegEmEHxnsovHQ0skmdGzDWbpkWgFcuSf4e5RcCbV5c-vjgQPxybV13kM-R7sxvVHpnOSpc4_B389Kn0HcTNnmgSSATKpXoaWe4AgR61fbun56Oc-AXUCtQ6NNJ8f7fTulnbbVCbplfszr61i1h897wDl3iTyzC6FFBjgPEuqqZ&amp;__tn__=-]K-y-R\"><span class=\"xt0psk2\"><span class=\"xjp7ctv\">Turismo Asturias<\/span><\/span><\/a> <span class=\"html-span xdj266r x14z9mp xat24cr x1lziwak xexx8yu xyri2b x18d9i69 x1c1uobl x1hl2dhg x16tdsg8 x1vvkbs\"><a class=\"x1i10hfl xjbqb8w x1ejq31n x18oe1m7 x1sy0etr xstzfhl x972fbf x10w94by x1qhh985 x14e42zd x9f619 x1ypdohk xt0psk2 x3ct3a4 xdj266r x14z9mp xat24cr x1lziwak xexx8yu xyri2b x18d9i69 x1c1uobl x16tdsg8 x1hl2dhg xggy1nq x1a2a7pz xkrqix3 x1sur9pj x1fey0fg x1s688f\" role=\"link\" href=\"https:\/\/www.facebook.com\/lospueblosmasbonitos?__cft__[0]=AZbrcnfJ4at2088bhgnD_u-PCn-jkuEmNTg8taVUCevbBJegEmEHxnsovHQ0skmdGzDWbpkWgFcuSf4e5RcCbV5c-vjgQPxybV13kM-R7sxvVHpnOSpc4_B389Kn0HcTNnmgSSATKpXoaWe4AgR61fbun56Oc-AXUCtQ6NNJ8f7fTulnbbVCbplfszr61i1h897wDl3iTyzC6FFBjgPEuqqZ&amp;__tn__=-]K-y-R\"><span class=\"xt0psk2\"><span class=\"xjp7ctv\">Los Pueblos M\u00e1s Bonitos de Espa\u00f1a<\/span><\/span><\/a><\/span> <span class=\"html-span xdj266r x14z9mp xat24cr x1lziwak xexx8yu xyri2b x18d9i69 x1c1uobl x1hl2dhg x16tdsg8 x1vvkbs\"><a class=\"x1i10hfl xjbqb8w x1ejq31n x18oe1m7 x1sy0etr xstzfhl x972fbf x10w94by x1qhh985 x14e42zd x9f619 x1ypdohk xt0psk2 x3ct3a4 xdj266r x14z9mp xat24cr x1lziwak xexx8yu xyri2b x18d9i69 x1c1uobl x16tdsg8 x1hl2dhg xggy1nq x1a2a7pz xkrqix3 x1sur9pj x1fey0fg x1s688f\" role=\"link\" href=\"https:\/\/www.facebook.com\/ayuntamientocabranes?__cft__[0]=AZbrcnfJ4at2088bhgnD_u-PCn-jkuEmNTg8taVUCevbBJegEmEHxnsovHQ0skmdGzDWbpkWgFcuSf4e5RcCbV5c-vjgQPxybV13kM-R7sxvVHpnOSpc4_B389Kn0HcTNnmgSSATKpXoaWe4AgR61fbun56Oc-AXUCtQ6NNJ8f7fTulnbbVCbplfszr61i1h897wDl3iTyzC6FFBjgPEuqqZ&amp;__tn__=-]K-y-R\"><span class=\"xt0psk2\"><span class=\"xjp7ctv\">Ayuntamiento de Cabranes<\/span><\/span><\/a><\/span><\/li>\n<\/ul>\n<\/div>\n<\/div>\n<\/div>\n<\/div>\n<\/div>\n<div class=\"html-div xdj266r x14z9mp xat24cr x1lziwak xexx8yu xyri2b x18d9i69 x1c1uobl\" dir=\"auto\">\n<div class=\"html-div xdj266r x14z9mp xat24cr x1lziwak xexx8yu xyri2b x18d9i69 x1c1uobl\" dir=\"auto\">\n<div class=\"html-div xdj266r x14z9mp xat24cr x1lziwak xexx8yu xyri2b x18d9i69 x1c1uobl\" data-ad-rendering-role=\"story_message\">\n<div class=\"x1l90r2v x1iorvi4 x1g0dm76 xpdmqnj\" data-ad-comet-preview=\"message\" data-ad-preview=\"message\">\n<div class=\"x78zum5 xdt5ytf xz62fqu x16ldp7u\">\n<div class=\"xu06os2 x1ok221b\">\n<div class=\"html-div xdj266r x14z9mp xat24cr x1lziwak xexx8yu xyri2b x18d9i69 x1c1uobl\">\n<div class=\"x14z9mp xat24cr x1lziwak x1vvkbs xtlvy1s x126k92a\">\n<div dir=\"auto\"><\/div>\n<\/div>\n<\/div>\n<\/div>\n<\/div>\n<\/div>\n<\/div>\n<\/div>\n<\/div>\n","protected":false},"excerpt":{"rendered":"<p>Comarca Sidra Asturias Ornia Fotograf\u00eda Afaya la esencia rural de Cabranes nun d\u00eda \u00fanicu: la Fiesta del Carmen de Torazu, declarada d&#8217;Inter\u00e9s Tur\u00edsticu Rexonal. Vive una de les procesiones de ramos m\u00e1s antig\u00fces d&#8217;Asturies y esfruta d&#8217;una tradici\u00f3n llena de color y emoci\u00f3n. Esti domingu.<\/p>\n","protected":false},"author":117,"featured_media":0,"comment_status":"closed","ping_status":"closed","sticky":false,"template":"","format":"standard","meta":{"footnotes":""},"categories":[478],"tags":[],"class_list":["post-86248","post","type-post","status-publish","format-standard","hentry","category-fiestes-dinteres-turisticu"],"_links":{"self":[{"href":"https:\/\/edublog.educastur.es\/ixuxu\/wp-json\/wp\/v2\/posts\/86248","targetHints":{"allow":["GET"]}}],"collection":[{"href":"https:\/\/edublog.educastur.es\/ixuxu\/wp-json\/wp\/v2\/posts"}],"about":[{"href":"https:\/\/edublog.educastur.es\/ixuxu\/wp-json\/wp\/v2\/types\/post"}],"author":[{"embeddable":true,"href":"https:\/\/edublog.educastur.es\/ixuxu\/wp-json\/wp\/v2\/users\/117"}],"replies":[{"embeddable":true,"href":"https:\/\/edublog.educastur.es\/ixuxu\/wp-json\/wp\/v2\/comments?post=86248"}],"version-history":[{"count":3,"href":"https:\/\/edublog.educastur.es\/ixuxu\/wp-json\/wp\/v2\/posts\/86248\/revisions"}],"predecessor-version":[{"id":86251,"href":"https:\/\/edublog.educastur.es\/ixuxu\/wp-json\/wp\/v2\/posts\/86248\/revisions\/86251"}],"wp:attachment":[{"href":"https:\/\/edublog.educastur.es\/ixuxu\/wp-json\/wp\/v2\/media?parent=86248"}],"wp:term":[{"taxonomy":"category","embeddable":true,"href":"https:\/\/edublog.educastur.es\/ixuxu\/wp-json\/wp\/v2\/categories?post=86248"},{"taxonomy":"post_tag","embeddable":true,"href":"https:\/\/edublog.educastur.es\/ixuxu\/wp-json\/wp\/v2\/tags?post=86248"}],"curies":[{"name":"wp","href":"https:\/\/api.w.org\/{rel}","templated":true}]}}