{"id":86430,"date":"2026-08-29T08:30:20","date_gmt":"2026-08-29T06:30:20","guid":{"rendered":"https:\/\/edublog.educastur.es\/ixuxu\/?p=86430"},"modified":"2026-08-28T21:24:20","modified_gmt":"2026-08-28T19:24:20","slug":"el-tiempu-el-comercio-376","status":"publish","type":"post","link":"https:\/\/edublog.educastur.es\/ixuxu\/2026\/08\/el-tiempu-el-comercio-376\/","title":{"rendered":"El tiempu (El Comercio)"},"content":{"rendered":"<p style=\"text-align: center\"><a href=\"https:\/\/s1.ppllstatics.com\/elcomercio\/www\/multimedia\/local\/2026\/08\/28\/prevision-tiempo-asturias.JPG\"><img loading=\"lazy\" decoding=\"async\" class=\"aligncenter size-large\" src=\"https:\/\/s1.ppllstatics.com\/elcomercio\/www\/multimedia\/local\/2026\/08\/28\/prevision-tiempo-asturias.JPG\" width=\"575\" height=\"409\" \/><\/a><\/p>\n<p>Prevese una ma\u00f1ana estable con nubes y claros pero con encl\u00edn a aumentar la nubosid\u00e1 dende l&#8217;occidente y estendese al restu. Mientres les primeres hores de la tarde nun se refuga que puedan dase precipitaciones de calter d\u00e9bil na rex\u00f3n. Estos orbayos, nel casu de dase, van unviar a lo llargo de la tarde. Les temperatures van xubir tanto les m\u00e1ximes como les m\u00ednimes.<\/p>\n","protected":false},"excerpt":{"rendered":"<p>Prevese una ma\u00f1ana estable con nubes y claros pero con encl\u00edn a aumentar la nubosid\u00e1 dende l&#8217;occidente y estendese al restu. Mientres les primeres hores de la tarde nun se refuga que puedan dase precipitaciones de calter d\u00e9bil na rex\u00f3n. Estos orbayos, nel casu de dase, van unviar a lo llargo de la tarde. Les [&hellip;]<\/p>\n","protected":false},"author":117,"featured_media":0,"comment_status":"closed","ping_status":"closed","sticky":false,"template":"","format":"standard","meta":{"footnotes":""},"categories":[1],"tags":[],"class_list":["post-86430","post","type-post","status-publish","format-standard","hentry","category-sin-categoria"],"_links":{"self":[{"href":"https:\/\/edublog.educastur.es\/ixuxu\/wp-json\/wp\/v2\/posts\/86430","targetHints":{"allow":["GET"]}}],"collection":[{"href":"https:\/\/edublog.educastur.es\/ixuxu\/wp-json\/wp\/v2\/posts"}],"about":[{"href":"https:\/\/edublog.educastur.es\/ixuxu\/wp-json\/wp\/v2\/types\/post"}],"author":[{"embeddable":true,"href":"https:\/\/edublog.educastur.es\/ixuxu\/wp-json\/wp\/v2\/users\/117"}],"replies":[{"embeddable":true,"href":"https:\/\/edublog.educastur.es\/ixuxu\/wp-json\/wp\/v2\/comments?post=86430"}],"version-history":[{"count":1,"href":"https:\/\/edublog.educastur.es\/ixuxu\/wp-json\/wp\/v2\/posts\/86430\/revisions"}],"predecessor-version":[{"id":86431,"href":"https:\/\/edublog.educastur.es\/ixuxu\/wp-json\/wp\/v2\/posts\/86430\/revisions\/86431"}],"wp:attachment":[{"href":"https:\/\/edublog.educastur.es\/ixuxu\/wp-json\/wp\/v2\/media?parent=86430"}],"wp:term":[{"taxonomy":"category","embeddable":true,"href":"https:\/\/edublog.educastur.es\/ixuxu\/wp-json\/wp\/v2\/categories?post=86430"},{"taxonomy":"post_tag","embeddable":true,"href":"https:\/\/edublog.educastur.es\/ixuxu\/wp-json\/wp\/v2\/tags?post=86430"}],"curies":[{"name":"wp","href":"https:\/\/api.w.org\/{rel}","templated":true}]}}