{"id":86444,"date":"2026-08-29T11:00:55","date_gmt":"2026-08-29T09:00:55","guid":{"rendered":"https:\/\/edublog.educastur.es\/ixuxu\/?p=86444"},"modified":"2026-08-30T14:32:34","modified_gmt":"2026-08-30T12:32:34","slug":"el-festival-link-abre-les-sos-puertes-nuvieu","status":"publish","type":"post","link":"https:\/\/edublog.educastur.es\/ixuxu\/2026\/08\/el-festival-link-abre-les-sos-puertes-nuvieu\/","title":{"rendered":"El festival LINK abre les sos puertes n&#8217;Uvi\u00e9u"},"content":{"rendered":"<div class=\"xdj266r x14z9mp xat24cr x1lziwak x1vvkbs x126k92a\">\n<div dir=\"auto\"><span class=\"html-span xexx8yu xyri2b x18d9i69 x1c1uobl x1hl2dhg x16tdsg8 x1vvkbs x3nfvp2 x1j61x8r x1fcty0u xdj266r xat24cr xm2jcoa x1mpyi22 xxymvpz xlup9mm x1kky2od\"><img loading=\"lazy\" decoding=\"async\" class=\"xz74otr x15mokao x1ga7v0g x16uus16 xbiv7yw\" src=\"https:\/\/static.xx.fbcdn.net\/images\/emoji.php\/v9\/t9e\/1\/16\/27a1.png\" alt=\"\u27a1\ufe0f\" width=\"16\" height=\"16\" \/><\/span> <span class=\"html-span xdj266r x14z9mp xat24cr x1lziwak xexx8yu xyri2b x18d9i69 x1c1uobl x1hl2dhg x16tdsg8 x1vvkbs\"><a class=\"x1i10hfl xjbqb8w x1ejq31n x18oe1m7 x1sy0etr xstzfhl x972fbf x10w94by x1qhh985 x14e42zd x9f619 x1ypdohk xt0psk2 x3ct3a4 xdj266r x14z9mp xat24cr x1lziwak xexx8yu xyri2b x18d9i69 x1c1uobl x16tdsg8 x1hl2dhg xggy1nq x1a2a7pz xkrqix3 x1sur9pj x1fey0fg x1s688f\" role=\"link\" href=\"https:\/\/mrf.lu\/2Q45y?fbclid=IwcGRvZgVleHRuA2FlbQIxMABzcnRjBmFwcF9pZBAyMjIwMzkxNzg4MjAwODkyAAEe6YoLiYHcxdFoQxXVCtioJCiT0wu8OR45tuPB-qX7IguuZrK6qHR2A4W3GWc_aem_9K1oa_CKGEmUOMf9gFbhQg\" target=\"_blank\" rel=\"nofollow noopener noreferrer\">https:\/\/mrf.lu\/2Q45y<\/a><\/span>\/ Para mayores y peque\u00f1os: el festival LINK abre les sos puertes n&#8217;Uvi\u00e9u. la llimpieza que retras\u00f3 un d\u00eda&#8217;l so entamu por cuenta de los estragos de la nube. La Vega y\u00e1 recibe ensame de visitantes. <a href=\"https:\/\/www.elcomercio.es\/oviedo\/fotos-link-festival-oviedo-20260829135910-ga.html?fbclid=IwY2xjawUA0mNwZG9mBWV4dG4DYWVtAjEwAHNydGMGYXBwX2lkEDIyMjAzOTE3ODgyMDA4OTIAAR5kcA8ClotodpXA4cFD94-tRlXdrKc90prhre1d0sRFzMAWKl49GwOmsTZtnw_aem_QEntE-NVcN1E4L3jxPl6SQ&amp;utm_campaign=mrf-facebook-elcomerciooviedo&amp;utm_source=facebook&amp;utm_medium=social&amp;mrfcid=202608296a8fee80e2309064c1c0443d\">El Comercio<\/a> \/<\/div>\n<div dir=\"auto\" style=\"text-align: center\"><a href=\"https:\/\/s2.ppllstatics.com\/elcomercio\/www\/multimedia\/local\/2026\/08\/29\/link-festival-oviedo%20(9).jpg?width=1106\"><img loading=\"lazy\" decoding=\"async\" class=\"aligncenter size-large\" src=\"https:\/\/s2.ppllstatics.com\/elcomercio\/www\/multimedia\/local\/2026\/08\/29\/link-festival-oviedo%20(9).jpg?width=1106\" width=\"1106\" height=\"737\" \/><\/a><\/div>\n<div dir=\"auto\"><\/div>\n<div dir=\"auto\">\n<div class=\"flow rtpa-prose text-lg leading-tight mb-6\"><strong>La edici\u00f3n m\u00e1s comprometida del certame cel\u00e9brase na f\u00e1brica de La Vega. <\/strong>N\u2019Uvi\u00e9u, esta ma\u00f1ana abri\u00f3 les sos puertes el festival Link, un d\u00eda dempu\u00e9s de lo previsto, dempu\u00e9s de quedar inundada la nave principal de la f\u00e1brica de La Vega pola intensa tormenta del xueves. Ye la edici\u00f3n m\u00e1s comprometida del certame, na que los artistes traten temes tan reales como l\u2019alzh\u00e9imer o\u2019l problema de la vivienda, al travi\u00e9s de seis esperiencies de realid\u00e1 virtual o inmersiva.<\/div>\n<div><!--more--><\/div>\n<div class=\"flow rtpa-prose text-base text-neutral-700\">\n<p>Coles pa entrar a un Link que nun algam\u00f3 parar una tormenta tan fuerte como les esperiencies que prop\u00f3n. Un festival que convida a poner gafes de realid\u00e1 virtual pa conocer otra realid\u00e1 m\u00e1s real y cruel como la demencia. Gafes pa buscar habitaci\u00f3n d\u2019alquiler a precios abusivos nun mundu postapocal\u00edpticu, o non tanto.<\/p>\n<p>Arte pa sobrevivir nuna c\u00e1rcel de redes sociales onde tamos vixilaos permanentemente, escaeciendo raiga\u00f1os y pasaos industriales, como recuerda l\u2019asturiana Alba Matilla.<\/p>\n<p>Un mundu en constante camb\u00e9u y fr\u00e1xil equilibriu que puen esfrutar en la f\u00e1brica de La Vega.<\/p>\n<\/div>\n<\/div>\n<div dir=\"auto\"><\/div>\n<\/div>\n<div dir=\"auto\" style=\"text-align: center\"><a href=\"https:\/\/s2.ppllstatics.com\/elcomercio\/www\/multimedia\/local\/2026\/08\/29\/link-festival-oviedo%20(11).jpg?width=1106\"><img loading=\"lazy\" decoding=\"async\" class=\"aligncenter size-large\" src=\"https:\/\/s2.ppllstatics.com\/elcomercio\/www\/multimedia\/local\/2026\/08\/29\/link-festival-oviedo%20(11).jpg?width=1106\" width=\"1106\" height=\"737\" \/><\/a><\/div>\n<div dir=\"auto\"><\/div>\n<div dir=\"auto\" style=\"text-align: center\"><a href=\"https:\/\/s2.ppllstatics.com\/elcomercio\/www\/multimedia\/local\/2026\/08\/29\/link-festival-oviedo%20(15).jpg?width=1106\"><img loading=\"lazy\" decoding=\"async\" class=\"aligncenter size-large\" src=\"https:\/\/s2.ppllstatics.com\/elcomercio\/www\/multimedia\/local\/2026\/08\/29\/link-festival-oviedo%20(15).jpg?width=1106\" width=\"1106\" height=\"770\" \/><\/a><\/div>\n<div dir=\"auto\"><\/div>\n<div dir=\"auto\"><\/div>\n<div class=\"xdj266r x14z9mp xat24cr x1lziwak x1vvkbs x126k92a\">\n<div dir=\"auto\" style=\"text-align: center\"><a href=\"https:\/\/s1.ppllstatics.com\/elcomercio\/www\/multimedia\/local\/2026\/08\/29\/link-festival-oviedo%20(17)-kznE-U301483427178xnD-1200x840@El%20Comercio.jpg\"><img loading=\"lazy\" decoding=\"async\" class=\"aligncenter size-large\" src=\"https:\/\/s1.ppllstatics.com\/elcomercio\/www\/multimedia\/local\/2026\/08\/29\/link-festival-oviedo%20(17)-kznE-U301483427178xnD-1200x840@El%20Comercio.jpg\" width=\"1200\" height=\"839\" \/><\/a><\/div>\n<div dir=\"auto\"><\/div>\n<\/div>\n<p>&nbsp;<\/p>\n<div class=\"x14z9mp xat24cr x1lziwak x1vvkbs xtlvy1s x126k92a\">\n<div dir=\"auto\">\n<p>&nbsp;<\/p>\n<\/div>\n<\/div>\n","protected":false},"excerpt":{"rendered":"<p>https:\/\/mrf.lu\/2Q45y\/ Para mayores y peque\u00f1os: el festival LINK abre les sos puertes n&#8217;Uvi\u00e9u. la llimpieza que retras\u00f3 un d\u00eda&#8217;l so entamu por cuenta de los estragos de la nube. La Vega y\u00e1 recibe ensame de visitantes. El Comercio \/ La edici\u00f3n m\u00e1s comprometida del certame cel\u00e9brase na f\u00e1brica de La Vega. N\u2019Uvi\u00e9u, esta ma\u00f1ana abri\u00f3 [&hellip;]<\/p>\n","protected":false},"author":117,"featured_media":0,"comment_status":"closed","ping_status":"closed","sticky":false,"template":"","format":"standard","meta":{"footnotes":""},"categories":[204],"tags":[],"class_list":["post-86444","post","type-post","status-publish","format-standard","hentry","category-festivales"],"_links":{"self":[{"href":"https:\/\/edublog.educastur.es\/ixuxu\/wp-json\/wp\/v2\/posts\/86444","targetHints":{"allow":["GET"]}}],"collection":[{"href":"https:\/\/edublog.educastur.es\/ixuxu\/wp-json\/wp\/v2\/posts"}],"about":[{"href":"https:\/\/edublog.educastur.es\/ixuxu\/wp-json\/wp\/v2\/types\/post"}],"author":[{"embeddable":true,"href":"https:\/\/edublog.educastur.es\/ixuxu\/wp-json\/wp\/v2\/users\/117"}],"replies":[{"embeddable":true,"href":"https:\/\/edublog.educastur.es\/ixuxu\/wp-json\/wp\/v2\/comments?post=86444"}],"version-history":[{"count":7,"href":"https:\/\/edublog.educastur.es\/ixuxu\/wp-json\/wp\/v2\/posts\/86444\/revisions"}],"predecessor-version":[{"id":86585,"href":"https:\/\/edublog.educastur.es\/ixuxu\/wp-json\/wp\/v2\/posts\/86444\/revisions\/86585"}],"wp:attachment":[{"href":"https:\/\/edublog.educastur.es\/ixuxu\/wp-json\/wp\/v2\/media?parent=86444"}],"wp:term":[{"taxonomy":"category","embeddable":true,"href":"https:\/\/edublog.educastur.es\/ixuxu\/wp-json\/wp\/v2\/categories?post=86444"},{"taxonomy":"post_tag","embeddable":true,"href":"https:\/\/edublog.educastur.es\/ixuxu\/wp-json\/wp\/v2\/tags?post=86444"}],"curies":[{"name":"wp","href":"https:\/\/api.w.org\/{rel}","templated":true}]}}