{"id":86487,"date":"2026-08-29T17:58:10","date_gmt":"2026-08-29T15:58:10","guid":{"rendered":"https:\/\/edublog.educastur.es\/ixuxu\/?p=86487"},"modified":"2026-08-30T12:00:44","modified_gmt":"2026-08-30T10:00:44","slug":"lartesana-de-la-moda-que-rescata-elementos-del-traxe-tradicional-asturianu","status":"publish","type":"post","link":"https:\/\/edublog.educastur.es\/ixuxu\/2026\/08\/lartesana-de-la-moda-que-rescata-elementos-del-traxe-tradicional-asturianu\/","title":{"rendered":"L&#8217;artesana de la moda que rescata elementos del traxe tradicional asturianu"},"content":{"rendered":"<p>Noelia Longo, artesana de la moda, rescata elementos del traxe tradicional asturianu y integralu na moda contemporanea. La cangueta impulsa&#8217;l<br \/>\nproyectu <strong>\u00abPrestosura\u00bb <\/strong>y escuerre un sua\u00f1u: crear colecciones de producci\u00f3n artesanal, sostenibles y con identid\u00e1, respetando&#8217;l trabayu local. <a href=\"https:\/\/www.lne.es\/oriente\/2026\/08\/30\/noelia-longo-artesana-moda-rescata-133769983.html\">LNE<\/a><\/p>\n<p style=\"text-align: center\"><a href=\"https:\/\/estaticos-cdn.prensaiberica.es\/clip\/599f608f-8650-4d53-a2df-fa05bccbb452_16-9-discover-aspect-ratio_default_0_x960y360.webp\"><img loading=\"lazy\" decoding=\"async\" class=\"aligncenter \" src=\"https:\/\/estaticos-cdn.prensaiberica.es\/clip\/599f608f-8650-4d53-a2df-fa05bccbb452_16-9-discover-aspect-ratio_default_0_x960y360.webp\" width=\"718\" height=\"404\" \/><\/a><\/p>\n<p>La cangueta Noelia Longo aprendi\u00f3 a coser en casa, a cortar prendes y a dir contra lo establec\u00edo, non por rebeld\u00eda, sin\u00f3n por convencimientu. N&#8217;una localid\u00e1 pequena, salise del molde nun resultaba f\u00e1cil fai 35 a\u00f1os. La so respuesta foi convertir la est\u00e9tica nun idioma propio y uno forma d&#8217;espresi\u00f3n. D&#8217;esa necesid\u00e1 naci\u00f3 \u00abPrestosura\u00bb, un proyectu que rescata elementos del traxe tradicional asturianu y int\u00e9gralos na moda contemporanea. El so sua\u00f1u: \u00abcrear colecciones de producci\u00f3n artesanal, sostenibles y con identid\u00e1, respetando&#8217;l trabayu local\u00bb.<\/p>\n<p>&nbsp;<\/p>\n<p>&nbsp;<\/p>\n","protected":false},"excerpt":{"rendered":"<p>Noelia Longo, artesana de la moda, rescata elementos del traxe tradicional asturianu y integralu na moda contemporanea. La cangueta impulsa&#8217;l proyectu \u00abPrestosura\u00bb y escuerre un sua\u00f1u: crear colecciones de producci\u00f3n artesanal, sostenibles y con identid\u00e1, respetando&#8217;l trabayu local. LNE La cangueta Noelia Longo aprendi\u00f3 a coser en casa, a cortar prendes y a dir contra [&hellip;]<\/p>\n","protected":false},"author":117,"featured_media":0,"comment_status":"closed","ping_status":"closed","sticky":false,"template":"","format":"standard","meta":{"footnotes":""},"categories":[277,263],"tags":[],"class_list":["post-86487","post","type-post","status-publish","format-standard","hentry","category-moda","category-ropa"],"_links":{"self":[{"href":"https:\/\/edublog.educastur.es\/ixuxu\/wp-json\/wp\/v2\/posts\/86487","targetHints":{"allow":["GET"]}}],"collection":[{"href":"https:\/\/edublog.educastur.es\/ixuxu\/wp-json\/wp\/v2\/posts"}],"about":[{"href":"https:\/\/edublog.educastur.es\/ixuxu\/wp-json\/wp\/v2\/types\/post"}],"author":[{"embeddable":true,"href":"https:\/\/edublog.educastur.es\/ixuxu\/wp-json\/wp\/v2\/users\/117"}],"replies":[{"embeddable":true,"href":"https:\/\/edublog.educastur.es\/ixuxu\/wp-json\/wp\/v2\/comments?post=86487"}],"version-history":[{"count":2,"href":"https:\/\/edublog.educastur.es\/ixuxu\/wp-json\/wp\/v2\/posts\/86487\/revisions"}],"predecessor-version":[{"id":86489,"href":"https:\/\/edublog.educastur.es\/ixuxu\/wp-json\/wp\/v2\/posts\/86487\/revisions\/86489"}],"wp:attachment":[{"href":"https:\/\/edublog.educastur.es\/ixuxu\/wp-json\/wp\/v2\/media?parent=86487"}],"wp:term":[{"taxonomy":"category","embeddable":true,"href":"https:\/\/edublog.educastur.es\/ixuxu\/wp-json\/wp\/v2\/categories?post=86487"},{"taxonomy":"post_tag","embeddable":true,"href":"https:\/\/edublog.educastur.es\/ixuxu\/wp-json\/wp\/v2\/tags?post=86487"}],"curies":[{"name":"wp","href":"https:\/\/api.w.org\/{rel}","templated":true}]}}